{"id":996,"date":"2008-09-13T16:22:55","date_gmt":"2008-09-13T14:22:55","guid":{"rendered":"http:\/\/www.alpoma.net\/tecob\/?p=996"},"modified":"2008-09-13T16:23:06","modified_gmt":"2008-09-13T14:23:06","slug":"ingenuo-futuro","status":"publish","type":"post","link":"https:\/\/alpoma.net\/tecob\/?p=996","title":{"rendered":"Ingenuo futuro"},"content":{"rendered":"<p><strong><a href=\"http:\/\/www.academie-francaise.fr\/immortels\/base\/academiciens\/fiche.asp?param=494\" class=\"enlaces\">Marcellin Berthelot<\/a><\/strong> es recordado como uno de los qu\u00edmicos m\u00e1s destacados de finales del siglo XIX. A su labor en la ciencia se un\u00eda su pasi\u00f3n por la historia y la pol\u00edtica. Preocupado por la situaci\u00f3n social de su \u00e9poca, compart\u00eda cierta ingenuidad, o m\u00e1s bien un deseo, hacia el lejano futuro. Hoy ese futuro, que es presente, no gustar\u00eda demasiado al sabio franc\u00e9s que <strong>pensaba en el principio del siglo XXI de forma bastante ut\u00f3pica<\/strong><sup>1<\/sup>:<\/p>\n<blockquote><p><img decoding=\"async\" src=\"http:\/\/farm4.static.flickr.com\/3203\/2853451768_26838bd920_o.jpg\" alt=\"img\" class=\"dch\"\/>Berthelot, el gran qu\u00edmico franc\u00e9s, acaba de ser honrado p\u00fabica y solemnemente en Par\u00eds con motivo de su jubileo cient\u00edfico. Berthelot es conocido no s\u00f3lo entre los cient\u00edficos, sino tambi\u00e9n en el mundo proletario sociol\u00f3gico, por las siguientes profec\u00edas hechas en nombre de la ciencia:<\/p>\n<p>\u00abEn el a\u00f1o 2000 no habr\u00e1 agricultura, ni pastores, ni labriegos; al cultivo del suelo sustituir\u00e1 la qu\u00edmica. No habr\u00e1 minas de carb\u00f3n, ni huelgas de mineros, ni combustibles, ni aduanas, ni guerras, sustituy\u00e9ndose todo por operaciones f\u00edsicas y qu\u00edmicas. Al fondo de pozos de tres o cuatro kil\u00f3metros ir\u00e1n los ingenieros a buscar el calor central, fuente de energ\u00eda termoel\u00e9ctrica sin l\u00edmites y renovada incesantemente, que facilitar\u00e1 la fabricaci\u00f3n de toda suerte de productos. El d\u00edas en que se logre econ\u00f3micamente la energ\u00eda, se fabricar\u00e1n alimentos artificiales con el carb\u00f3n extra\u00eddo del \u00e1cido carb\u00f3nico, etc. Para que esto se realice hay que trabajar, y por eso el hombre del a\u00f1o 2000 trabajar\u00e1 con celo, porque gozar\u00e1 el fruto de su trabajo, y en esta remuneraci\u00f3n leg\u00edtima e integral, todos los hombres encontrar\u00e1n los medios para llevar al extremo su perfecci\u00f3n intelectual, moral y est\u00e9tica.\u00bb<\/p>\n<p>El sabio qu\u00edmico franc\u00e9s ha dicho en su \u00faltimo discurso que a medida que los lazos que unen los pueblos se multiplican y estrechan por el progreso de la ciencia y por la unidad de las doctrinas y de los preceptos que deduce de los hechos comprobados y que impone sin violencia, aunque con fuerza irresistible a todas las convicciones, estas nociones han tomado una importancia creciente, avasalladora, invencible, tendiendo a ser las bases puramente humanas de la moral y de la pol\u00edtica del porvenir.<\/p><\/blockquote>\n<p>___________<br \/>\n<sup>1<\/sup> <strong>Texto publicado en<\/strong>: \u00abProfec\u00edas de un sabio\u00bb. <em>La Escuela Moderna<\/em>, n\u00famero 130, Enero de 1902, p\u00e1gina 72.<\/p>\n","protected":false},"excerpt":{"rendered":"<div class=\"mh-excerpt\"><p>Marcellin Berthelot es recordado como uno de los qu\u00edmicos m\u00e1s destacados de finales del siglo XIX. A su labor en la ciencia se un\u00eda su pasi\u00f3n por la historia y <a class=\"mh-excerpt-more\" href=\"https:\/\/alpoma.net\/tecob\/?p=996\" title=\"Ingenuo futuro\">[&#8230;]<\/a><\/p>\n<\/div>","protected":false},"author":1,"featured_media":11143,"comment_status":"open","ping_status":"open","sticky":false,"template":"","format":"standard","meta":{"jetpack_post_was_ever_published":false,"_jetpack_newsletter_access":"","_jetpack_dont_email_post_to_subs":false,"_jetpack_newsletter_tier_id":0,"_jetpack_memberships_contains_paywalled_content":false,"_jetpack_memberships_contains_paid_content":false,"footnotes":""},"categories":[3],"tags":[],"class_list":["post-996","post","type-post","status-publish","format-standard","has-post-thumbnail","hentry","category-obsolescencia"],"jetpack_featured_media_url":"https:\/\/alpoma.net\/tecob\/wp-content\/uploads\/2008\/09\/2853451768_26838bd920_o.jpg","jetpack_shortlink":"https:\/\/wp.me\/p93Dc1-g4","jetpack-related-posts":[{"id":12089,"url":"https:\/\/alpoma.net\/tecob\/?p=12089","url_meta":{"origin":996,"position":0},"title":"Historia m\u00ednima del acetileno y del carburo de calcio","author":"alpoma","date":"25 mayo 2016","format":false,"excerpt":"Uno de mis viejos art\u00edculos rescatado del proyecto iHstoria. ;-) Mientras escribo esto, tengo delante del teclado un peque\u00f1o recipiente de vidrio sellado con un taponcillo de pl\u00e1stico. Supongo que originalmente deb\u00eda contener alg\u00fan tipo de medicamento, pero lo que ahora alberga es cierto polvillo gris\u00e1ceo que naci\u00f3 en las\u2026","rel":"","context":"En \u00abObsolescencia\u00bb","block_context":{"text":"Obsolescencia","link":"https:\/\/alpoma.net\/tecob\/?cat=3"},"img":{"alt_text":"","src":"https:\/\/i0.wp.com\/alpoma.net\/tecob\/wp-content\/uploads\/2016\/05\/bote_carburo_alpoma-scaled.jpg?resize=350%2C200&ssl=1","width":350,"height":200,"srcset":"https:\/\/i0.wp.com\/alpoma.net\/tecob\/wp-content\/uploads\/2016\/05\/bote_carburo_alpoma-scaled.jpg?resize=350%2C200&ssl=1 1x, https:\/\/i0.wp.com\/alpoma.net\/tecob\/wp-content\/uploads\/2016\/05\/bote_carburo_alpoma-scaled.jpg?resize=525%2C300&ssl=1 1.5x, https:\/\/i0.wp.com\/alpoma.net\/tecob\/wp-content\/uploads\/2016\/05\/bote_carburo_alpoma-scaled.jpg?resize=700%2C400&ssl=1 2x, https:\/\/i0.wp.com\/alpoma.net\/tecob\/wp-content\/uploads\/2016\/05\/bote_carburo_alpoma-scaled.jpg?resize=1050%2C600&ssl=1 3x, https:\/\/i0.wp.com\/alpoma.net\/tecob\/wp-content\/uploads\/2016\/05\/bote_carburo_alpoma-scaled.jpg?resize=1400%2C800&ssl=1 4x"},"classes":[]},{"id":1002,"url":"https:\/\/alpoma.net\/tecob\/?p=1002","url_meta":{"origin":996,"position":1},"title":"Imitaci\u00f3n de James Burke","author":"alpoma","date":"25 septiembre 2008","format":false,"excerpt":"Investigaci\u00f3n y Ciencia, la versi\u00f3n en castellano de Scientific American, public\u00f3 durante un tiempo una columna mensual bajo el t\u00edtulo Nexos. Su autor, James Burke, es unos de los divulgadores e historiadores de la ciencia m\u00e1s conocidos de las \u00faltimas d\u00e9cadas. Si hay algo que me sorprende de la serie\u2026","rel":"","context":"En \u00abPersonal\u00bb","block_context":{"text":"Personal","link":"https:\/\/alpoma.net\/tecob\/?cat=2"},"img":{"alt_text":"","src":"","width":0,"height":0},"classes":[]},{"id":972,"url":"https:\/\/alpoma.net\/tecob\/?p=972","url_meta":{"origin":996,"position":2},"title":"Verne","author":"alpoma","date":"25 agosto 2008","format":false,"excerpt":"Julio Verne, un nombre que resuena de generaci\u00f3n en generaci\u00f3n como sin\u00f3nimo de... \u00bfqu\u00e9? Sin llegar al extremo de dar la raz\u00f3n por completo a algunos de sus bi\u00f3grafos, que son rotundos afirmando que entre malos editores y p\u00e9simas pel\u00edculas han cambiado por completo el esp\u00edritu de la obra de\u2026","rel":"","context":"En \u00abObsolescencia\u00bb","block_context":{"text":"Obsolescencia","link":"https:\/\/alpoma.net\/tecob\/?cat=3"},"img":{"alt_text":"","src":"https:\/\/i0.wp.com\/alpoma.net\/tecob\/wp-content\/uploads\/2008\/08\/2796644799_fa49d47e76_m.jpg?resize=350%2C200&ssl=1","width":350,"height":200},"classes":[]},{"id":13730,"url":"https:\/\/alpoma.net\/tecob\/?p=13730","url_meta":{"origin":996,"position":3},"title":"Las aventuras del Coronel Ignotus","author":"alpoma","date":"2 octubre 2018","format":false,"excerpt":"Versi\u00f3n para TecOb del art\u00edculo que publiqu\u00e9 en la revista Historia de Iberia Vieja, edici\u00f3n de septiembre de 2018. La lectura del Coronel Ignotus nos deleita con la amenidad de Echegaray, con la trama y humorismo de Conan Doyle (\u2026) y nos hace admirar descripciones grandiosas, como la primera subida\u2026","rel":"","context":"En \u00abMade in Spain\u00bb","block_context":{"text":"Made in Spain","link":"https:\/\/alpoma.net\/tecob\/?cat=10"},"img":{"alt_text":"","src":"https:\/\/i0.wp.com\/alpoma.net\/tecob\/wp-content\/uploads\/2018\/10\/7.jpg?resize=350%2C200&ssl=1","width":350,"height":200,"srcset":"https:\/\/i0.wp.com\/alpoma.net\/tecob\/wp-content\/uploads\/2018\/10\/7.jpg?resize=350%2C200&ssl=1 1x, https:\/\/i0.wp.com\/alpoma.net\/tecob\/wp-content\/uploads\/2018\/10\/7.jpg?resize=525%2C300&ssl=1 1.5x, https:\/\/i0.wp.com\/alpoma.net\/tecob\/wp-content\/uploads\/2018\/10\/7.jpg?resize=700%2C400&ssl=1 2x, https:\/\/i0.wp.com\/alpoma.net\/tecob\/wp-content\/uploads\/2018\/10\/7.jpg?resize=1050%2C600&ssl=1 3x, https:\/\/i0.wp.com\/alpoma.net\/tecob\/wp-content\/uploads\/2018\/10\/7.jpg?resize=1400%2C800&ssl=1 4x"},"classes":[]},{"id":393,"url":"https:\/\/alpoma.net\/tecob\/?p=393","url_meta":{"origin":996,"position":4},"title":"Utop\u00eda, distop\u00eda y ucron\u00eda","author":"alpoma","date":"13 marzo 2006","format":false,"excerpt":"No es que nuestro mundo sea una maravilla, pero pod\u00eda ser peor. Por ejemplo, la conocid\u00edsima novela 1984 no es un simple rollo de ciencia ficci\u00f3n. Es una de las grandes obras de la literatura con may\u00fasculas del siglo XX. George Orwell nos muestra en esta narraci\u00f3n un mundo opresivo\u2026","rel":"","context":"En \u00abGeneral\u00bb","block_context":{"text":"General","link":"https:\/\/alpoma.net\/tecob\/?cat=1"},"img":{"alt_text":"","src":"https:\/\/i0.wp.com\/alpoma.net\/tecob\/wp-content\/uploads\/2006\/03\/111967442_9f23c6d237_o.jpg?resize=350%2C200&ssl=1","width":350,"height":200},"classes":[]},{"id":664,"url":"https:\/\/alpoma.net\/tecob\/?p=664","url_meta":{"origin":996,"position":5},"title":"Pedazos de tiempo","author":"alpoma","date":"18 enero 2007","format":false,"excerpt":"El sentido com\u00fan, o mejor, nuestro cerebro creando una ilusi\u00f3n, nos indica que el tiempo transcurre sin ninguna duda desde el imborrable pasado hacia el futuro, a trav\u00e9s del presente. Eso es lo que sentimos, vemos y tenemos por cierto, pero \u00bfqu\u00e9 es el tiempo? Acertadamente San Agust\u00edn de Hipona\u2026","rel":"","context":"En \u00abGeneral\u00bb","block_context":{"text":"General","link":"https:\/\/alpoma.net\/tecob\/?cat=1"},"img":{"alt_text":"","src":"","width":0,"height":0},"classes":[]}],"jetpack_sharing_enabled":true,"_links":{"self":[{"href":"https:\/\/alpoma.net\/tecob\/index.php?rest_route=\/wp\/v2\/posts\/996","targetHints":{"allow":["GET"]}}],"collection":[{"href":"https:\/\/alpoma.net\/tecob\/index.php?rest_route=\/wp\/v2\/posts"}],"about":[{"href":"https:\/\/alpoma.net\/tecob\/index.php?rest_route=\/wp\/v2\/types\/post"}],"author":[{"embeddable":true,"href":"https:\/\/alpoma.net\/tecob\/index.php?rest_route=\/wp\/v2\/users\/1"}],"replies":[{"embeddable":true,"href":"https:\/\/alpoma.net\/tecob\/index.php?rest_route=%2Fwp%2Fv2%2Fcomments&post=996"}],"version-history":[{"count":0,"href":"https:\/\/alpoma.net\/tecob\/index.php?rest_route=\/wp\/v2\/posts\/996\/revisions"}],"wp:featuredmedia":[{"embeddable":true,"href":"https:\/\/alpoma.net\/tecob\/index.php?rest_route=\/wp\/v2\/media\/11143"}],"wp:attachment":[{"href":"https:\/\/alpoma.net\/tecob\/index.php?rest_route=%2Fwp%2Fv2%2Fmedia&parent=996"}],"wp:term":[{"taxonomy":"category","embeddable":true,"href":"https:\/\/alpoma.net\/tecob\/index.php?rest_route=%2Fwp%2Fv2%2Fcategories&post=996"},{"taxonomy":"post_tag","embeddable":true,"href":"https:\/\/alpoma.net\/tecob\/index.php?rest_route=%2Fwp%2Fv2%2Ftags&post=996"}],"curies":[{"name":"wp","href":"https:\/\/api.w.org\/{rel}","templated":true}]}}