{"id":975,"date":"2008-08-26T23:02:21","date_gmt":"2008-08-26T21:02:21","guid":{"rendered":"http:\/\/www.alpoma.net\/tecob\/?p=975"},"modified":"2008-08-26T23:02:50","modified_gmt":"2008-08-26T21:02:50","slug":"fotografiando-con-rayos-x","status":"publish","type":"post","link":"https:\/\/alpoma.net\/tecob\/?p=975","title":{"rendered":"Fotografiando con rayos X"},"content":{"rendered":"<p>Este es uno de los t\u00edpicos casos, cuando uno se refiere a cuestiones visuales y de arte, en que una imagen lo dice todo. <strong>Cont\u00e9mplese con calma la siguiente maravilla<\/strong>.<\/p>\n<p><img decoding=\"async\" src=\"http:\/\/farm4.static.flickr.com\/3079\/2800353117_09d4e3b9b5_o.jpg\" alt=\"img\" \/><\/p>\n<p>Se trata s\u00f3lo de un ejemplo de montaje con fotograf\u00edas de objetos realizadas, no con luz, sino con <strong>rayos X<\/strong>. Su autor, <strong>Nick Veasey<\/strong>, se ha especializado en esta t\u00e9cnica y ya cuenta con varios miles de tomas de todo tipo de objetos y situaciones. Para realizar sus \u00abfotos\u00bb, Veasey emplea <strong>m\u00e1quinas de rayos X industriales<\/strong>, similares a las que encuentran uso en tareas de restauraci\u00f3n de obras de arte, para escudri\u00f1ar en el interior de pinturas, en fabricaci\u00f3n de circuitos integrados o en ingenier\u00eda. Para quien guste de este tipo de arte magistral, como no dudo en calificarlo, puede continuar disfrutando en la web del autor:<\/p>\n<p><strong><a href=\"http:\/\/www.nickveasey.com\/\" class=\"enlaces\">Nick Veasey | X-Ray photographer<\/a><\/strong><\/p>\n<p><a href=\"http:\/\/www.core77.com\/blog\/technology\/extreme_xrays_photography_10930.asp\">| V\u00eda Core77 |<\/a> y <a href=\"http:\/\/www.wired.com\/culture\/art\/magazine\/16-09\/ff_xray?currentPage=all\">| Wired |<\/a><\/p>\n","protected":false},"excerpt":{"rendered":"<div class=\"mh-excerpt\"><p>Este es uno de los t\u00edpicos casos, cuando uno se refiere a cuestiones visuales y de arte, en que una imagen lo dice todo. Cont\u00e9mplese con calma la siguiente maravilla. <a class=\"mh-excerpt-more\" href=\"https:\/\/alpoma.net\/tecob\/?p=975\" title=\"Fotografiando con rayos X\">[&#8230;]<\/a><\/p>\n<\/div>","protected":false},"author":1,"featured_media":10397,"comment_status":"open","ping_status":"open","sticky":false,"template":"","format":"standard","meta":{"jetpack_post_was_ever_published":false,"_jetpack_newsletter_access":"","_jetpack_dont_email_post_to_subs":false,"_jetpack_newsletter_tier_id":0,"_jetpack_memberships_contains_paywalled_content":false,"_jetpack_memberships_contains_paid_content":false,"footnotes":""},"categories":[4],"tags":[],"class_list":["post-975","post","type-post","status-publish","format-standard","has-post-thumbnail","hentry","category-innovacion"],"jetpack_featured_media_url":"https:\/\/alpoma.net\/tecob\/wp-content\/uploads\/2008\/08\/2800353117_09d4e3b9b5_o.jpg","jetpack_shortlink":"https:\/\/wp.me\/p93Dc1-fJ","jetpack-related-posts":[{"id":8470,"url":"https:\/\/alpoma.net\/tecob\/?p=8470","url_meta":{"origin":975,"position":0},"title":"El doctor C\u00e9sar Comas Llaber\u00eda, h\u00e9roe de los rayos X","author":"alpoma","date":"2 septiembre 2013","format":false,"excerpt":"Publiqu\u00e9 originalmente este art\u00edculo en la revista Historia de Iberia Vieja, n\u00famero 99, septiembre de 2013. \u00abVivir para ver\u00bb, dice el viejo refr\u00e1n castellano. Repit\u00e1moslo hoy, en que interesa tanto a la gente la nueva del descubrimiento de una especie de Iuz que no se ve, pero cuya intensidad de\u2026","rel":"","context":"En \u00abMade in Spain\u00bb","block_context":{"text":"Made in Spain","link":"https:\/\/alpoma.net\/tecob\/?cat=10"},"img":{"alt_text":"cesar_comas","src":"https:\/\/i0.wp.com\/www.alpoma.net\/tecob\/wp-content\/uploads\/2013\/09\/cesar_comas-204x300.jpg?resize=350%2C200","width":350,"height":200},"classes":[]},{"id":11829,"url":"https:\/\/alpoma.net\/tecob\/?p=11829","url_meta":{"origin":975,"position":1},"title":"Dorothy Hodgkin y sus modelos moleculares","author":"alpoma","date":"23 diciembre 2015","format":false,"excerpt":"Cuando la semana pasada publiqu\u00e9 aqu\u00ed en TecOb el post sobre tablas tridimensionales de elementos qu\u00edmicos, buceando aqu\u00ed y all\u00e1 acab\u00e9 en un recurso que me ha encantado y que recomiendo visitar... \u00a1pero con tiempo! No es la t\u00edpica web en la que se pase un minuto y despu\u00e9s va\u2026","rel":"","context":"En \u00abExperimentos\u00bb","block_context":{"text":"Experimentos","link":"https:\/\/alpoma.net\/tecob\/?cat=9"},"img":{"alt_text":"","src":"https:\/\/i0.wp.com\/alpoma.net\/tecob\/wp-content\/uploads\/2015\/12\/modelo_estructura_penicilina.jpeg?resize=350%2C200&ssl=1","width":350,"height":200,"srcset":"https:\/\/i0.wp.com\/alpoma.net\/tecob\/wp-content\/uploads\/2015\/12\/modelo_estructura_penicilina.jpeg?resize=350%2C200&ssl=1 1x, https:\/\/i0.wp.com\/alpoma.net\/tecob\/wp-content\/uploads\/2015\/12\/modelo_estructura_penicilina.jpeg?resize=525%2C300&ssl=1 1.5x, https:\/\/i0.wp.com\/alpoma.net\/tecob\/wp-content\/uploads\/2015\/12\/modelo_estructura_penicilina.jpeg?resize=700%2C400&ssl=1 2x"},"classes":[]},{"id":8052,"url":"https:\/\/alpoma.net\/tecob\/?p=8052","url_meta":{"origin":975,"position":2},"title":"El Laboratorio El\u00e9ctrico de M\u00f3nico S\u00e1nchez","author":"alpoma","date":"1 abril 2013","format":false,"excerpt":"Este post corresponde a una versi\u00f3n reducida del art\u00edculo que publiqu\u00e9 en la revista Historia de Iberia Vieja en su edici\u00f3n correspondiente al mes de abril de 2013. Una de las notas m\u00e1s simp\u00e1ticamente interesantes de la actual Exposici\u00f3n de Medicina e Higiene es la presencia en ella del maravilloso\u2026","rel":"","context":"En \u00abMade in Spain\u00bb","block_context":{"text":"Made in Spain","link":"https:\/\/alpoma.net\/tecob\/?cat=10"},"img":{"alt_text":"monico_sanchez_2","src":"https:\/\/i0.wp.com\/farm9.staticflickr.com\/8384\/8605906331_7db2561641_m.jpg?resize=350%2C200","width":350,"height":200},"classes":[]},{"id":10184,"url":"https:\/\/alpoma.net\/tecob\/?p=10184","url_meta":{"origin":975,"position":3},"title":"El Frankenstein de Zehnder","author":"alpoma","date":"25 octubre 2014","format":false,"excerpt":"Hoy nos visita una fotograf\u00eda muy especial, una imagen que tiene reservado un espacio singular en la historia de la ciencia y la tecnolog\u00eda. He aqu\u00ed al Frankenstein de Zehnder... Lo de Frankenstein es una licencia que me he tomado porque, a fin de cuentas, la imagen fue realizada con\u2026","rel":"","context":"En \u00abGeneral\u00bb","block_context":{"text":"General","link":"https:\/\/alpoma.net\/tecob\/?cat=1"},"img":{"alt_text":"","src":"https:\/\/i0.wp.com\/alpoma.net\/tecob\/wp-content\/uploads\/2014\/10\/Zehnder_rayos_X.jpg?resize=350%2C200&ssl=1","width":350,"height":200},"classes":[]},{"id":5660,"url":"https:\/\/alpoma.net\/tecob\/?p=5660","url_meta":{"origin":975,"position":4},"title":"Buscando c\u00e1maras secretas en las pir\u00e1mides de Egipto con rayos c\u00f3smicos","author":"alpoma","date":"3 noviembre 2017","format":false,"excerpt":"ACTUALIZACI\u00d3N 3\/11\/2017: Este art\u00edculo fue originalmente publicado el 18 de noviembre de 2011. El tema ha entrado ahora de lleno en las noticias de actualidad por el posible descubrimiento de un espacio desconocido en el interior de la Gran Pir\u00e1mide. Sea como fuere, porque hay pol\u00e9mica al respecto, conviene recordar\u2026","rel":"","context":"En \u00abGeo\u00bb","block_context":{"text":"Geo","link":"https:\/\/alpoma.net\/tecob\/?cat=5"},"img":{"alt_text":"imagen_1","src":"https:\/\/i0.wp.com\/farm7.static.flickr.com\/6228\/6359195149_e638cac8bc_o.jpg?resize=350%2C200","width":350,"height":200,"srcset":"https:\/\/i0.wp.com\/farm7.static.flickr.com\/6228\/6359195149_e638cac8bc_o.jpg?resize=350%2C200 1x, https:\/\/i0.wp.com\/farm7.static.flickr.com\/6228\/6359195149_e638cac8bc_o.jpg?resize=525%2C300 1.5x"},"classes":[]},{"id":8511,"url":"https:\/\/alpoma.net\/tecob\/?p=8511","url_meta":{"origin":975,"position":5},"title":"Ciencia y arte en los tubos de vac\u00edo de M\u00f3nico S\u00e1nchez","author":"alpoma","date":"24 septiembre 2013","format":false,"excerpt":"Cuando hace meses publiqu\u00e9 en Historia de Iberia Vieja, y m\u00e1s tarde aqu\u00ed en TecOb, la historia de M\u00f3nico S\u00e1nchez, inventor de las m\u00e1quinas de rayos X port\u00e1tiles, olvid\u00e9 mencionar un bello libro fotogr\u00e1fico que ten\u00eda mucha relaci\u00f3n con el asunto. Hoy me he vuelto a cruzar con \u00e9l, as\u00ed\u2026","rel":"","context":"En \u00abObsolescencia\u00bb","block_context":{"text":"Obsolescencia","link":"https:\/\/alpoma.net\/tecob\/?cat=3"},"img":{"alt_text":"tubo_vacio","src":"https:\/\/i0.wp.com\/www.alpoma.net\/tecob\/wp-content\/uploads\/2013\/09\/tubo_vacio-173x300.jpg?resize=350%2C200","width":350,"height":200},"classes":[]}],"jetpack_sharing_enabled":true,"_links":{"self":[{"href":"https:\/\/alpoma.net\/tecob\/index.php?rest_route=\/wp\/v2\/posts\/975","targetHints":{"allow":["GET"]}}],"collection":[{"href":"https:\/\/alpoma.net\/tecob\/index.php?rest_route=\/wp\/v2\/posts"}],"about":[{"href":"https:\/\/alpoma.net\/tecob\/index.php?rest_route=\/wp\/v2\/types\/post"}],"author":[{"embeddable":true,"href":"https:\/\/alpoma.net\/tecob\/index.php?rest_route=\/wp\/v2\/users\/1"}],"replies":[{"embeddable":true,"href":"https:\/\/alpoma.net\/tecob\/index.php?rest_route=%2Fwp%2Fv2%2Fcomments&post=975"}],"version-history":[{"count":0,"href":"https:\/\/alpoma.net\/tecob\/index.php?rest_route=\/wp\/v2\/posts\/975\/revisions"}],"wp:featuredmedia":[{"embeddable":true,"href":"https:\/\/alpoma.net\/tecob\/index.php?rest_route=\/wp\/v2\/media\/10397"}],"wp:attachment":[{"href":"https:\/\/alpoma.net\/tecob\/index.php?rest_route=%2Fwp%2Fv2%2Fmedia&parent=975"}],"wp:term":[{"taxonomy":"category","embeddable":true,"href":"https:\/\/alpoma.net\/tecob\/index.php?rest_route=%2Fwp%2Fv2%2Fcategories&post=975"},{"taxonomy":"post_tag","embeddable":true,"href":"https:\/\/alpoma.net\/tecob\/index.php?rest_route=%2Fwp%2Fv2%2Ftags&post=975"}],"curies":[{"name":"wp","href":"https:\/\/api.w.org\/{rel}","templated":true}]}}