{"id":967,"date":"2008-08-22T16:40:49","date_gmt":"2008-08-22T14:40:49","guid":{"rendered":"http:\/\/www.alpoma.net\/tecob\/?p=967"},"modified":"2008-08-22T16:40:54","modified_gmt":"2008-08-22T14:40:54","slug":"el-museo-secreto-de-la-humanidad","status":"publish","type":"post","link":"https:\/\/alpoma.net\/tecob\/?p=967","title":{"rendered":"El Museo Secreto de la Humanidad"},"content":{"rendered":"<p>Rescata <strong>Ian Macky<\/strong> en su web personal esta <strong>misteriosa obra al completo<\/strong>, que puede descargarse para no tener que saltar de p\u00e1gina en p\u00e1gina en la red, aunque aviso, el archivo ocupa casi 230Mb y la velocidad de descarga es bastante lenta. <strong><a href=\"http:\/\/ian.macky.net\/secretmuseum\/index.html\" class=\"enlaces\"><em>The Secret Museum of Mankind<\/em><\/a><\/strong> est\u00e1 formado por un <strong>conjunto de cinco vol\u00famenes<\/strong>, cada uno dedicado a un continente, <strong>publicados en 1935 sin que conste su autor o cuenten con cr\u00e9dito alguno<\/strong>, ni numeraci\u00f3n de las p\u00e1ginas ni sumario. Aparecieron editados por <em>Manhattan House<\/em> en Nueva York y, desde entonces, se ha convertido en <strong>una de las obras m\u00e1s misteriosas del siglo XX<\/strong>, porque nunca fue reeditada ni se conocen datos sobre sus promotores. Se trata de una<strong> colecci\u00f3n de fotograf\u00edas <\/strong>recogidas por todo el planeta, sin orden aparente, salvo la separaci\u00f3n por continentes. El \u00fanico complemento a las im\u00e1genes son sencillos pies de foto, por lo dem\u00e1s, no existen datos adicionales. Los motivos de las fotograf\u00edas son sorprendentes, puesto que se reunen todo tipo de<strong> t\u00f3picos raciales<\/strong>, algo t\u00edpico de los libros de \u00abtipos humanos\u00bb de la \u00e9poca, puede decirse que con <strong>claro tinte racista<\/strong>. Aparecen escenas cotidianas, fiestas populares, grupos humanos de todo tipo, ejecuciones, funerales, bodas, trabajos o diversiones. En una \u00e9poca en la que la<strong> eugenesia<\/strong> y la implicaci\u00f3n de la pol\u00edtica en todo lo racial era el pan de cada d\u00eda en Europa y Am\u00e9rica, este tipo de libros levantaban pasiones. En definitiva, nos encontramos ante una obra enigm\u00e1tica, de la que casi nada se conoce, que recoge casi mil im\u00e1genes t\u00f3picas de los cinco continentes a principios del siglo XX.<\/p>\n<p>Como muestra de lo grotesco de muchas de las im\u00e1genes que se recogen en estos vol\u00famenes, adem\u00e1s de t\u00f3picos desgastados como mostrar un torero espa\u00f1ol y cosas similares, he aqu\u00ed algo que, pens\u00e9, era una especie de leyenda. Hace tiempo, gracias a <strong><a href=\"http:\/\/www.xefer.com\/2008\/04\/behead\" class=\"enlaces\">Xefer<\/a><\/strong>, recog\u00ed una serie de cr\u00f3nicas de viajeros europeos del siglo XIX en las que se hac\u00eda referencia a un <strong>m\u00e9todo de ejecuci\u00f3n especialmente macabro<\/strong> que de practicaba en \u00c1frica. El condenado era inmovilizado y su cabeza se ataba a un tronco de \u00e1rbol flexible en tensi\u00f3n. Cuando el brujo verdugo golpeaba con un machete al condenado en el cuello, por la espalda, su cabeza sal\u00eda volando, dec\u00edan que as\u00ed su alma era destru\u00edda. No encontr\u00e9 entonces ninguna imagen al respecto, cosa que s\u00ed aparece en el volumen dedicado a \u00c1frica en este libro aunque, al parecer, se trata de una recreaci\u00f3n, porque este tipo de ejecuci\u00f3n no se practicar\u00eda desde mucho antes de ver la luz el libro. [No incluyo aqu\u00ed <strong><a href=\"http:\/\/ian.macky.net\/secretmuseum\/page_2.99.html\" class=\"enlaces\">la imagen<\/a><\/strong> porque puede resultar molesta para muchas personas.]<\/p>\n","protected":false},"excerpt":{"rendered":"<div class=\"mh-excerpt\"><p>Rescata Ian Macky en su web personal esta misteriosa obra al completo, que puede descargarse para no tener que saltar de p\u00e1gina en p\u00e1gina en la red, aunque aviso, el <a class=\"mh-excerpt-more\" href=\"https:\/\/alpoma.net\/tecob\/?p=967\" title=\"El Museo Secreto de la Humanidad\">[&#8230;]<\/a><\/p>\n<\/div>","protected":false},"author":1,"featured_media":0,"comment_status":"open","ping_status":"open","sticky":false,"template":"","format":"standard","meta":{"jetpack_post_was_ever_published":false,"_jetpack_newsletter_access":"","_jetpack_dont_email_post_to_subs":false,"_jetpack_newsletter_tier_id":0,"_jetpack_memberships_contains_paywalled_content":false,"_jetpack_memberships_contains_paid_content":false,"footnotes":""},"categories":[5],"tags":[],"class_list":["post-967","post","type-post","status-publish","format-standard","hentry","category-geo"],"jetpack_featured_media_url":"","jetpack_shortlink":"https:\/\/wp.me\/p93Dc1-fB","jetpack-related-posts":[{"id":996,"url":"https:\/\/alpoma.net\/tecob\/?p=996","url_meta":{"origin":967,"position":0},"title":"Ingenuo futuro","author":"alpoma","date":"13 septiembre 2008","format":false,"excerpt":"Marcellin Berthelot es recordado como uno de los qu\u00edmicos m\u00e1s destacados de finales del siglo XIX. A su labor en la ciencia se un\u00eda su pasi\u00f3n por la historia y la pol\u00edtica. Preocupado por la situaci\u00f3n social de su \u00e9poca, compart\u00eda cierta ingenuidad, o m\u00e1s bien un deseo, hacia el\u2026","rel":"","context":"En \u00abObsolescencia\u00bb","block_context":{"text":"Obsolescencia","link":"https:\/\/alpoma.net\/tecob\/?cat=3"},"img":{"alt_text":"","src":"","width":0,"height":0},"classes":[]},{"id":457,"url":"https:\/\/alpoma.net\/tecob\/?p=457","url_meta":{"origin":967,"position":1},"title":"Lul\u00fa","author":"alpoma","date":"4 mayo 2006","format":false,"excerpt":"Ayer pas\u00e9 la noche con Lul\u00fa. No se vayan los pensamientos por calientes ramas, porque la tal Lul\u00fa, en realidad, no es m\u00e1s que un peque\u00f1o pedazo de pl\u00e1stico circular con una l\u00e1minilla de aluminio en su interior, vamos, un vulgar DVD. Pero ese simple objeto, m\u00e1s all\u00e1 de lo\u2026","rel":"","context":"En \u00abM\u00fasica\u00bb","block_context":{"text":"M\u00fasica","link":"https:\/\/alpoma.net\/tecob\/?cat=42"},"img":{"alt_text":"","src":"","width":0,"height":0},"classes":[]},{"id":12801,"url":"https:\/\/alpoma.net\/tecob\/?p=12801","url_meta":{"origin":967,"position":2},"title":"Los habitantes de la Luna (lectura de verano)","author":"alpoma","date":"11 agosto 2017","format":false,"excerpt":"George Clyde Fisher, quien fuera responsable del American Museum of Natural History y m\u00e1s tarde director del Planetario Hayden, public\u00f3 en 1943 un libro titulado The True Story of the Moon, en el que recog\u00eda en tono divulgativo el conocimiento de la \u00e9poca sobre nuestro sat\u00e9lite natural, adem\u00e1s de sus\u2026","rel":"","context":"En \u00abObsolescencia\u00bb","block_context":{"text":"Obsolescencia","link":"https:\/\/alpoma.net\/tecob\/?cat=3"},"img":{"alt_text":"","src":"https:\/\/i0.wp.com\/alpoma.net\/tecob\/wp-content\/uploads\/2017\/08\/luna.jpg?resize=350%2C200&ssl=1","width":350,"height":200,"srcset":"https:\/\/i0.wp.com\/alpoma.net\/tecob\/wp-content\/uploads\/2017\/08\/luna.jpg?resize=350%2C200&ssl=1 1x, https:\/\/i0.wp.com\/alpoma.net\/tecob\/wp-content\/uploads\/2017\/08\/luna.jpg?resize=525%2C300&ssl=1 1.5x"},"classes":[]},{"id":13519,"url":"https:\/\/alpoma.net\/tecob\/?p=13519","url_meta":{"origin":967,"position":3},"title":"Un ca\u00f1\u00f3n magn\u00e9tico de 1902","author":"alpoma","date":"9 agosto 2018","format":false,"excerpt":"El uso de ca\u00f1ones electromagn\u00e9ticos ha sido contemplado en las \u00faltimas d\u00e9cadas tanto para usos militares como para el lanzamiento de veh\u00edculos espaciales desde la Tierra, la Luna o incluso Marte. Pero la idea no es nueva y, hoy, quiero comentar uno de los primeros casos de estudio acerca de\u2026","rel":"","context":"En \u00abObsolescencia\u00bb","block_context":{"text":"Obsolescencia","link":"https:\/\/alpoma.net\/tecob\/?cat=3"},"img":{"alt_text":"Kristian Birkeland","src":"https:\/\/i0.wp.com\/alpoma.net\/tecob\/wp-content\/uploads\/2018\/08\/Kristian_Birkeland.png?resize=350%2C200&ssl=1","width":350,"height":200},"classes":[]},{"id":959,"url":"https:\/\/alpoma.net\/tecob\/?p=959","url_meta":{"origin":967,"position":4},"title":"La torre sin ventanas","author":"alpoma","date":"14 agosto 2008","format":false,"excerpt":"Tomemos unos instantes para contemplar la figura de este misterioso edificio... AT&T Long Lines Building | Fotograf\u00eda de Dhaluza A primera vista queda claro que se trata de un imponente rascacielos pero, \u00bfd\u00f3nde est\u00e1n las ventanas? Su aspecto es sobrio y marcial, incluso duro. Si no se conoce su destino,\u2026","rel":"","context":"En \u00abGeo\u00bb","block_context":{"text":"Geo","link":"https:\/\/alpoma.net\/tecob\/?cat=5"},"img":{"alt_text":"","src":"https:\/\/i0.wp.com\/alpoma.net\/tecob\/wp-content\/uploads\/2008\/08\/2762826701_be9a0c6f45_o.jpg?resize=350%2C200&ssl=1","width":350,"height":200,"srcset":"https:\/\/i0.wp.com\/alpoma.net\/tecob\/wp-content\/uploads\/2008\/08\/2762826701_be9a0c6f45_o.jpg?resize=350%2C200&ssl=1 1x, https:\/\/i0.wp.com\/alpoma.net\/tecob\/wp-content\/uploads\/2008\/08\/2762826701_be9a0c6f45_o.jpg?resize=525%2C300&ssl=1 1.5x"},"classes":[]},{"id":44,"url":"https:\/\/alpoma.net\/tecob\/?p=44","url_meta":{"origin":967,"position":5},"title":"\u00bfEnerg\u00eda a partir de tornados?","author":"alpoma","date":"4 octubre 2005","format":false,"excerpt":"Conocido es que, si se pudiera aprovechar m\u00ednimamente el potencial energ\u00e9tico presente en nuestra atm\u00f3sfera, se podr\u00eda obtener una cantidad nada desde\u00f1able de electricidad. Hasta ahora, salvo en las centrales el\u00f3licas o en las e\u00f3lico-solares, poco se ha hecho para aprovechar este potencial. Sin embargo, hay so\u00f1adores que imaginan un\u2026","rel":"","context":"En \u00abInnovaci\u00f3n\u00bb","block_context":{"text":"Innovaci\u00f3n","link":"https:\/\/alpoma.net\/tecob\/?cat=4"},"img":{"alt_text":"","src":"https:\/\/i0.wp.com\/alpoma.net\/tecob\/wp-content\/uploads\/2005\/10\/234.jpg?resize=350%2C200&ssl=1","width":350,"height":200},"classes":[]}],"jetpack_sharing_enabled":true,"_links":{"self":[{"href":"https:\/\/alpoma.net\/tecob\/index.php?rest_route=\/wp\/v2\/posts\/967","targetHints":{"allow":["GET"]}}],"collection":[{"href":"https:\/\/alpoma.net\/tecob\/index.php?rest_route=\/wp\/v2\/posts"}],"about":[{"href":"https:\/\/alpoma.net\/tecob\/index.php?rest_route=\/wp\/v2\/types\/post"}],"author":[{"embeddable":true,"href":"https:\/\/alpoma.net\/tecob\/index.php?rest_route=\/wp\/v2\/users\/1"}],"replies":[{"embeddable":true,"href":"https:\/\/alpoma.net\/tecob\/index.php?rest_route=%2Fwp%2Fv2%2Fcomments&post=967"}],"version-history":[{"count":0,"href":"https:\/\/alpoma.net\/tecob\/index.php?rest_route=\/wp\/v2\/posts\/967\/revisions"}],"wp:attachment":[{"href":"https:\/\/alpoma.net\/tecob\/index.php?rest_route=%2Fwp%2Fv2%2Fmedia&parent=967"}],"wp:term":[{"taxonomy":"category","embeddable":true,"href":"https:\/\/alpoma.net\/tecob\/index.php?rest_route=%2Fwp%2Fv2%2Fcategories&post=967"},{"taxonomy":"post_tag","embeddable":true,"href":"https:\/\/alpoma.net\/tecob\/index.php?rest_route=%2Fwp%2Fv2%2Ftags&post=967"}],"curies":[{"name":"wp","href":"https:\/\/api.w.org\/{rel}","templated":true}]}}