{"id":96,"date":"2005-02-24T12:59:17","date_gmt":"2005-02-24T10:59:17","guid":{"rendered":"http:\/\/www.alpoma.net\/tecob\/?p=96"},"modified":"2019-10-05T09:48:33","modified_gmt":"2019-10-05T07:48:33","slug":"la-curta-una-maravilla-antes-de-la-era-de-las-calculadoras-digitales","status":"publish","type":"post","link":"https:\/\/alpoma.net\/tecob\/?p=96","title":{"rendered":"La Curta, una maravilla antes de la era de las calculadoras digitales"},"content":{"rendered":"<p class=\"otros3\">Ver <strong><a href=\"http:\/\/www.alpoma.net\/tecob\/?p=11939\">art\u00edculo actualizado<\/a><\/strong> en marzo de 2016.<\/p>\n<p><img decoding=\"async\" src=\"http:\/\/static.flickr.com\/66\/179843114_e2a17bf20e_o.gif\" alt=\"curta\" class=\"izda\"\/>Acostumbrados a las <strong>calculadoras digitales<\/strong> y a los <strong>ordenadores<\/strong> parece incre\u00edble que un ingenio mec\u00e1nico que se maneja con una mano pudiera hacer c\u00e1lculos tan asombrosos como los que hac\u00eda (y hace) <strong>la curta<\/strong>, una verdadera maravilla mec\u00e1nica.<\/p>\n<p>Hoy son <strong>objeto de coleccionismo<\/strong>, cosa totalmente merecida dada la calidad con la que fueron construidos estos ingenios mec\u00e1nicos de c\u00e1lculo. En la \u00e9poca en que las calculadoras eran como armarios y, como mucho, los ingenieros recurr\u00edan a las <strong>reglas de c\u00e1lculo<\/strong> como \u00fanico elemento m\u00e1s o menos port\u00e1til, la curta vino a revolucionar todas aquellas actividades en las que hac\u00eda falta calcular con precisi\u00f3n.<\/p>\n<p>No sab\u00eda nada de esta m\u00e1quina hasta que <strong>Investigaci\u00f3n y Ciencia<\/strong> public\u00f3 un art\u00edculo sobre ella. Es digna de admiraci\u00f3n, tanto por su esmerada mec\u00e1nica como por la historia de su concepci\u00f3n y construcci\u00f3n. Totalmente mec\u00e1nica, <strong>sin pilas ni enchufes<\/strong>, anal\u00f3gica si se quiere decir as\u00ed, la curta fue dise\u00f1ada hasta su m\u00e1s \u00edntimo detalle por <strong>Curt Herzstark <\/strong>(1902-1988). Este ingeniero dedic\u00f3 su vida a las calculadoras mec\u00e1nicas, la cosa le ven\u00eda de tradici\u00f3n familiar, marc\u00e1ndose el reto de construir esta peque\u00f1a joya en plena Segunda Guerra Mundial, cuando era <strong>perseguido por los nazis<\/strong> a causa de su origen sem\u00edtico. Desde peque\u00f1o se hab\u00eda sentido entusiasmado por lograr solucionar el gran problema de las calculadoras de entonces: su gigantesco tama\u00f1o. Todos los profesionales necesitados de <strong>c\u00e1lculos complejos<\/strong> o tediosos so\u00f1aban con una m\u00e1quina funcional y peque\u00f1a. Confinado en un <strong>campo de concentraci\u00f3n<\/strong> austriaco, Herzstark sobrevivi\u00f3 gracias a su dominio de la t\u00e9cnica en construcci\u00f3n de peque\u00f1as piezas de precisi\u00f3n, algo que los nazis encontraron muy \u00fatil. En medio de las penalidades logr\u00f3 concebir y dibujar los planos de la m\u00e1quina so\u00f1ada. Terminada la guerra, con ayuda de algunos inversores locales, comenz\u00f3 a fabricar la primera calculadora verdaderamente de bolsillo.<\/p>\n<p>Se trata de un ingenio admirable, totalmente mec\u00e1nico, compuesto de cientos de piezas sabiamente ensamblados y <strong>muy peque\u00f1o<\/strong>, apenas diez cent\u00edmetros de altura. Es capaz de realizar sumas, restas, productos y divisiones con una precisi\u00f3n asombrosa que llega a superar a algunos modelos de calculadora electr\u00f3nica de nuestros d\u00edas.<\/p>\n<p>Desde los a\u00f1os setenta <strong>ya no se fabrican<\/strong>. Sin embargo, existe un importante mercado de <a href=\"http:\/\/www.vcalc.net\/cu.htm\"><strong>coleccionistas<\/strong><\/a> y una legi\u00f3n de admiradores que han hecho entrar a la curta en el cielo de las calculadoras.<\/p>\n<hr \/>\n<p><strong>M\u00e1s informaci\u00f3n en<\/strong>:<br \/>\n<strong>La curiosa historia de la primera calculadora de mano<\/strong>. Stoll, Cliff.<br \/>\nRevista<em> Investigaci\u00f3n y Ciencia<\/em>: 330 &#8211; MARZO 2004<\/p>\n","protected":false},"excerpt":{"rendered":"<div class=\"mh-excerpt\"><p>Ver art\u00edculo actualizado en marzo de 2016. Acostumbrados a las calculadoras digitales y a los ordenadores parece incre\u00edble que un ingenio mec\u00e1nico que se maneja con una mano pudiera hacer <a class=\"mh-excerpt-more\" href=\"https:\/\/alpoma.net\/tecob\/?p=96\" title=\"La Curta, una maravilla antes de la era de las calculadoras digitales\">[&#8230;]<\/a><\/p>\n<\/div>","protected":false},"author":1,"featured_media":11329,"comment_status":"closed","ping_status":"closed","sticky":false,"template":"","format":"standard","meta":{"jetpack_post_was_ever_published":false,"_jetpack_newsletter_access":"","_jetpack_dont_email_post_to_subs":false,"_jetpack_newsletter_tier_id":0,"_jetpack_memberships_contains_paywalled_content":false,"_jetpack_memberships_contains_paid_content":false,"footnotes":""},"categories":[3],"tags":[79,130,129],"class_list":["post-96","post","type-post","status-publish","format-standard","has-post-thumbnail","hentry","category-obsolescencia","tag-calculadora","tag-curt-hertzstark","tag-curta"],"jetpack_featured_media_url":"https:\/\/alpoma.net\/tecob\/wp-content\/uploads\/2005\/02\/curt_hertzstark.jpg","jetpack_shortlink":"https:\/\/wp.me\/p93Dc1-1y","jetpack-related-posts":[{"id":11939,"url":"https:\/\/alpoma.net\/tecob\/?p=11939","url_meta":{"origin":96,"position":0},"title":"Curta, la calculadora que naci\u00f3 en un campo de concentraci\u00f3n","author":"alpoma","date":"15 marzo 2016","format":false,"excerpt":"Hace varias semanas este blog cumpli\u00f3 11 a\u00f1os. La fecha se me pas\u00f3 en su momento, pero cayendo hoy en la cuenta, he decidido hacer un peque\u00f1o homenaje a la m\u00e1quina con la que naci\u00f3 TecOb. S\u00ed, el 24 de febrero de 2005 publiqu\u00e9 el primer art\u00edculo en este blog,\u2026","rel":"","context":"En \u00abObsolescencia\u00bb","block_context":{"text":"Obsolescencia","link":"https:\/\/alpoma.net\/tecob\/?cat=3"},"img":{"alt_text":"","src":"https:\/\/i0.wp.com\/alpoma.net\/tecob\/wp-content\/uploads\/2016\/03\/curta.jpg?resize=350%2C200&ssl=1","width":350,"height":200},"classes":[]},{"id":13435,"url":"https:\/\/alpoma.net\/tecob\/?p=13435","url_meta":{"origin":96,"position":1},"title":"Crea tu propia calculadora Curta (s\u00f3lo para los m\u00e1s osados de la impresi\u00f3n 3D)","author":"alpoma","date":"6 julio 2018","format":false,"excerpt":"\u00a1Qu\u00e9 recuerdos me trae esto! Desde hace muchos a\u00f1os, las calculadoras mec\u00e1nicas Curta son uno de mis artilugios favoritos. Por eso, el 24 de febrero de 2005, esos ingenios fueron protagonistas del primer art\u00edculo que publiqu\u00e9 en este blog. Con el tiempo he ido publicando m\u00e1s detalles sobre la incre\u00edble\u2026","rel":"","context":"En \u00abExperimentos\u00bb","block_context":{"text":"Experimentos","link":"https:\/\/alpoma.net\/tecob\/?cat=9"},"img":{"alt_text":"","src":"https:\/\/i0.wp.com\/alpoma.net\/tecob\/wp-content\/uploads\/2018\/07\/calculadora-curta.jpg?resize=350%2C200&ssl=1","width":350,"height":200},"classes":[]},{"id":365,"url":"https:\/\/alpoma.net\/tecob\/?p=365","url_meta":{"origin":96,"position":2},"title":"Reglas de c\u00e1lculo","author":"alpoma","date":"21 febrero 2006","format":false,"excerpt":"Calculadoras, benditas calculadoras, malditos engendros... Son geniales, nos permiten realizar todo tipo de proezas matem\u00e1ticas sin, muchas veces, tener ni idea de c\u00f3mo hacer lo mismo a mano. Y eso es el lado maldito del asunto. A este paso, mucha gente va a olvidarse incluso de la tabla de multiplicar.\u2026","rel":"","context":"En \u00abObsolescencia\u00bb","block_context":{"text":"Obsolescencia","link":"https:\/\/alpoma.net\/tecob\/?cat=3"},"img":{"alt_text":"","src":"https:\/\/i0.wp.com\/alpoma.net\/tecob\/wp-content\/uploads\/2006\/02\/Slide_rule_cursor.jpg?resize=350%2C200&ssl=1","width":350,"height":200,"srcset":"https:\/\/i0.wp.com\/alpoma.net\/tecob\/wp-content\/uploads\/2006\/02\/Slide_rule_cursor.jpg?resize=350%2C200&ssl=1 1x, https:\/\/i0.wp.com\/alpoma.net\/tecob\/wp-content\/uploads\/2006\/02\/Slide_rule_cursor.jpg?resize=525%2C300&ssl=1 1.5x"},"classes":[]},{"id":12511,"url":"https:\/\/alpoma.net\/tecob\/?p=12511","url_meta":{"origin":96,"position":3},"title":"Calculadoras de bolsillo de hace un siglo","author":"alpoma","date":"12 enero 2017","format":false,"excerpt":"Hace quince a\u00f1os que los euros vinieron a desterrar algunas monedas nacionales en la vieja Europa, como sucedi\u00f3 con la peseta. El caso es que, entre algunos papeles, recuper\u00e9 hace poco cierta pieza de pl\u00e1stico, del tama\u00f1o de una tarjeta de cr\u00e9dito, de esas que regalaban los bancos y supermercados\u2026","rel":"","context":"En \u00abObsolescencia\u00bb","block_context":{"text":"Obsolescencia","link":"https:\/\/alpoma.net\/tecob\/?cat=3"},"img":{"alt_text":"","src":"https:\/\/i0.wp.com\/alpoma.net\/tecob\/wp-content\/uploads\/2017\/01\/addiator_calculadora.jpg?resize=350%2C200&ssl=1","width":350,"height":200},"classes":[]},{"id":934,"url":"https:\/\/alpoma.net\/tecob\/?p=934","url_meta":{"origin":96,"position":4},"title":"Ram\u00f3n Verea, el \u201cinventor\u201d de la calculadora","author":"alpoma","date":"18 julio 2008","format":false,"excerpt":"Versi\u00f3n para la web del art\u00edculo que publiqu\u00e9 en Historia de Iberia Vieja en Enero de 2008. El t\u00edtulo de este art\u00edculo es ciertamente exagerado y, sin embargo, no es descabellado considerar al gallego Ram\u00f3n Verea como uno de los padres de la modernas m\u00e1quinas de calcular. Lamentablemente, como en\u2026","rel":"","context":"En \u00abMade in Spain\u00bb","block_context":{"text":"Made in Spain","link":"https:\/\/alpoma.net\/tecob\/?cat=10"},"img":{"alt_text":"","src":"https:\/\/i0.wp.com\/alpoma.net\/tecob\/wp-content\/uploads\/2008\/07\/2679857349_2918dca27c_o.jpg?resize=350%2C200&ssl=1","width":350,"height":200},"classes":[]},{"id":5394,"url":"https:\/\/alpoma.net\/tecob\/?p=5394","url_meta":{"origin":96,"position":5},"title":"Lord Kelvin, h\u00e9roe de la Segunda Guerra Mundial","author":"alpoma","date":"30 septiembre 2011","format":false,"excerpt":"\u00bfNo habr\u00e1 algo mal en el t\u00edtulo de este post? Mmmmm, teniendo en cuenta que el genial William Thomson, primer bar\u00f3n Kelvin, falleci\u00f3 en 1907, no parece que tenga mucho sentido pensar que tuviera algo que ver con la Segunda Guerra Mundial. Sin embargo, una de sus creaciones facilit\u00f3 las\u2026","rel":"","context":"En \u00abObsolescencia\u00bb","block_context":{"text":"Obsolescencia","link":"https:\/\/alpoma.net\/tecob\/?cat=3"},"img":{"alt_text":"","src":"https:\/\/i0.wp.com\/alpoma.net\/tecob\/wp-content\/uploads\/2011\/09\/6196435916_3f66147bd1_z.jpg?resize=350%2C200&ssl=1","width":350,"height":200,"srcset":"https:\/\/i0.wp.com\/alpoma.net\/tecob\/wp-content\/uploads\/2011\/09\/6196435916_3f66147bd1_z.jpg?resize=350%2C200&ssl=1 1x, https:\/\/i0.wp.com\/alpoma.net\/tecob\/wp-content\/uploads\/2011\/09\/6196435916_3f66147bd1_z.jpg?resize=525%2C300&ssl=1 1.5x"},"classes":[]}],"jetpack_sharing_enabled":true,"_links":{"self":[{"href":"https:\/\/alpoma.net\/tecob\/index.php?rest_route=\/wp\/v2\/posts\/96","targetHints":{"allow":["GET"]}}],"collection":[{"href":"https:\/\/alpoma.net\/tecob\/index.php?rest_route=\/wp\/v2\/posts"}],"about":[{"href":"https:\/\/alpoma.net\/tecob\/index.php?rest_route=\/wp\/v2\/types\/post"}],"author":[{"embeddable":true,"href":"https:\/\/alpoma.net\/tecob\/index.php?rest_route=\/wp\/v2\/users\/1"}],"replies":[{"embeddable":true,"href":"https:\/\/alpoma.net\/tecob\/index.php?rest_route=%2Fwp%2Fv2%2Fcomments&post=96"}],"version-history":[{"count":0,"href":"https:\/\/alpoma.net\/tecob\/index.php?rest_route=\/wp\/v2\/posts\/96\/revisions"}],"wp:featuredmedia":[{"embeddable":true,"href":"https:\/\/alpoma.net\/tecob\/index.php?rest_route=\/wp\/v2\/media\/11329"}],"wp:attachment":[{"href":"https:\/\/alpoma.net\/tecob\/index.php?rest_route=%2Fwp%2Fv2%2Fmedia&parent=96"}],"wp:term":[{"taxonomy":"category","embeddable":true,"href":"https:\/\/alpoma.net\/tecob\/index.php?rest_route=%2Fwp%2Fv2%2Fcategories&post=96"},{"taxonomy":"post_tag","embeddable":true,"href":"https:\/\/alpoma.net\/tecob\/index.php?rest_route=%2Fwp%2Fv2%2Ftags&post=96"}],"curies":[{"name":"wp","href":"https:\/\/api.w.org\/{rel}","templated":true}]}}