{"id":958,"date":"2008-08-13T23:11:23","date_gmt":"2008-08-13T21:11:23","guid":{"rendered":"http:\/\/www.alpoma.net\/tecob\/?p=958"},"modified":"2008-08-13T23:11:52","modified_gmt":"2008-08-13T21:11:52","slug":"diseno-sobre-cuatro-ruedas-anos-50","status":"publish","type":"post","link":"https:\/\/alpoma.net\/tecob\/?p=958","title":{"rendered":"Dise\u00f1o sobre cuatro ruedas (A\u00f1os 50)"},"content":{"rendered":"<p><strong class=\"enlaces\">Nota breve<\/strong>: Recomendado para apasionados del dise\u00f1o, los autom\u00f3viles y, en especial, para quienes se sientan atra\u00eddos por los maravillosos veh\u00edculos de los a\u00f1os cincuenta aunque, como sucede en <em>TecOb<\/em>, no sea m\u00e1s que un ramalazo t\u00edpico de la nostalgia de lo no vivido&#8230;<\/p>\n<p><strong><a href=\"http:\/\/www.nytimes.com\/slideshow\/2008\/08\/10\/automobiles\/collectibles\/0810-motorama_index.html?partner=permalink&#038;exprod=permalink\" class=\"enlaces\">Galer\u00eda fotogr\u00e1fica de veh\u00edculos de los a\u00f1os cincuenta dise\u00f1ados por GM<\/a><\/strong><\/p>\n<blockquote><p> The New York Times. When General Motors Was Dreaming. 10\/08\/2008. In its heyday in the 1950s, G.M.\u2019s Motorama delivered a message of postwar optimism to millions of spectators.<\/p><\/blockquote>\n<p><img decoding=\"async\" src=\"http:\/\/farm4.static.flickr.com\/3146\/2761073982_d577fc59e8_o.jpg\" alt=\"img\" class=\"otros\"\/><\/p>\n<p><a href=\"http:\/\/www.core77.com\/blog\/object_culture\/gm_what_a_difference_fifty_years_makes_10768.asp\">| V\u00eda core77 |<\/a><\/p>\n","protected":false},"excerpt":{"rendered":"<div class=\"mh-excerpt\"><p>Nota breve: Recomendado para apasionados del dise\u00f1o, los autom\u00f3viles y, en especial, para quienes se sientan atra\u00eddos por los maravillosos veh\u00edculos de los a\u00f1os cincuenta aunque, como sucede en TecOb, <a class=\"mh-excerpt-more\" href=\"https:\/\/alpoma.net\/tecob\/?p=958\" title=\"Dise\u00f1o sobre cuatro ruedas (A\u00f1os 50)\">[&#8230;]<\/a><\/p>\n<\/div>","protected":false},"author":1,"featured_media":10670,"comment_status":"open","ping_status":"open","sticky":false,"template":"","format":"standard","meta":{"jetpack_post_was_ever_published":false,"_jetpack_newsletter_access":"","_jetpack_dont_email_post_to_subs":false,"_jetpack_newsletter_tier_id":0,"_jetpack_memberships_contains_paywalled_content":false,"_jetpack_memberships_contains_paid_content":false,"footnotes":""},"categories":[3],"tags":[],"class_list":["post-958","post","type-post","status-publish","format-standard","has-post-thumbnail","hentry","category-obsolescencia"],"jetpack_featured_media_url":"https:\/\/alpoma.net\/tecob\/wp-content\/uploads\/2008\/08\/2761073982_d577fc59e8_o.jpg","jetpack_shortlink":"https:\/\/wp.me\/p93Dc1-fs","jetpack-related-posts":[{"id":13175,"url":"https:\/\/alpoma.net\/tecob\/?p=13175","url_meta":{"origin":958,"position":0},"title":"Una c\u00e1psula espacial salvavidas de los a\u00f1os cincuenta","author":"alpoma","date":"16 marzo 2018","format":false,"excerpt":"Recuerdo haber visto hace bastante tiempo estas ilustraciones en el libro Visions of Spaceflight: Images from the Ordway Collection, de Frederick I. Ordway, la misma obra que emple\u00f3 Paleofuture para traerlas a la red, lugar del que las he extra\u00eddo. No he podido resistirme a escribir una breve nota sobre\u2026","rel":"","context":"En \u00abObsolescencia\u00bb","block_context":{"text":"Obsolescencia","link":"https:\/\/alpoma.net\/tecob\/?cat=3"},"img":{"alt_text":"","src":"https:\/\/i0.wp.com\/alpoma.net\/tecob\/wp-content\/uploads\/2018\/03\/1950s-shuttle-1.png?resize=350%2C200&ssl=1","width":350,"height":200,"srcset":"https:\/\/i0.wp.com\/alpoma.net\/tecob\/wp-content\/uploads\/2018\/03\/1950s-shuttle-1.png?resize=350%2C200&ssl=1 1x, https:\/\/i0.wp.com\/alpoma.net\/tecob\/wp-content\/uploads\/2018\/03\/1950s-shuttle-1.png?resize=525%2C300&ssl=1 1.5x, https:\/\/i0.wp.com\/alpoma.net\/tecob\/wp-content\/uploads\/2018\/03\/1950s-shuttle-1.png?resize=700%2C400&ssl=1 2x, https:\/\/i0.wp.com\/alpoma.net\/tecob\/wp-content\/uploads\/2018\/03\/1950s-shuttle-1.png?resize=1050%2C600&ssl=1 3x"},"classes":[]},{"id":11628,"url":"https:\/\/alpoma.net\/tecob\/?p=11628","url_meta":{"origin":958,"position":1},"title":"Competici\u00f3n de autom\u00f3viles el\u00e9ctricos&#8230; de 1898","author":"alpoma","date":"20 septiembre 2015","format":false,"excerpt":"En el Par\u00eds de 1898, a lo largo del mes de julio, tuvo lugar una competici\u00f3n singular. El Automobile Club de France organiz\u00f3 una especie de concurso para averiguar cu\u00e1les ser\u00edan los veh\u00edculos m\u00e1s adecuados a la hora de substituir la tracci\u00f3n animal en las populosas calles parisinas1. En total\u2026","rel":"","context":"En \u00abObsolescencia\u00bb","block_context":{"text":"Obsolescencia","link":"https:\/\/alpoma.net\/tecob\/?cat=3"},"img":{"alt_text":"punto_recarga_1898_coches_electricos_tecob","src":"https:\/\/i0.wp.com\/www.alpoma.net\/tecob\/wp-content\/uploads\/2015\/09\/punto_recarga_1898_coches_electricos_tecob.jpg?resize=350%2C200","width":350,"height":200},"classes":[]},{"id":2309,"url":"https:\/\/alpoma.net\/tecob\/?p=2309","url_meta":{"origin":958,"position":2},"title":"La edad del gas\u00f3geno","author":"alpoma","date":"4 marzo 2010","format":false,"excerpt":"Versi\u00f3n reducida del art\u00edculo que publiqu\u00e9 en el n\u00famero 57, correspondiente al mes de marzo de 2010, de la revista Historia de Iberia Vieja. Ante el conflicto de una privaci\u00f3n de importaciones que demanda la motorizaci\u00f3n, tanto de explosi\u00f3n como de combusti\u00f3n interna \u2014autos, camiones, tractores, acorazados, cruceros, torpederos o\u2026","rel":"","context":"En \u00abMade in Spain\u00bb","block_context":{"text":"Made in Spain","link":"https:\/\/alpoma.net\/tecob\/?cat=10"},"img":{"alt_text":"","src":"https:\/\/i0.wp.com\/alpoma.net\/tecob\/wp-content\/uploads\/2010\/03\/4405629877_ef6f218280_o.jpg?resize=350%2C200&ssl=1","width":350,"height":200,"srcset":"https:\/\/i0.wp.com\/alpoma.net\/tecob\/wp-content\/uploads\/2010\/03\/4405629877_ef6f218280_o.jpg?resize=350%2C200&ssl=1 1x, https:\/\/i0.wp.com\/alpoma.net\/tecob\/wp-content\/uploads\/2010\/03\/4405629877_ef6f218280_o.jpg?resize=525%2C300&ssl=1 1.5x"},"classes":[]},{"id":1024,"url":"https:\/\/alpoma.net\/tecob\/?p=1024","url_meta":{"origin":958,"position":3},"title":"In Memoriam Jacques Piccard","author":"alpoma","date":"1 noviembre 2008","format":false,"excerpt":"No ten\u00eda pensado escribir nada hoy, ni ma\u00f1ana tampoco, pero ciertos sucesos merecen atenci\u00f3n y un recuerdo respetuoso. Es el caso del fallecimiento de todo un aventurero, pionero de la exploraci\u00f3n de las profundidades oce\u00e1nicas. Deja este mundo hoy, a los 86 a\u00f1os de edad, Jacques Piccard, el polifac\u00e9tico suizo,\u2026","rel":"","context":"En \u00abGeo\u00bb","block_context":{"text":"Geo","link":"https:\/\/alpoma.net\/tecob\/?cat=5"},"img":{"alt_text":"","src":"https:\/\/i0.wp.com\/alpoma.net\/tecob\/wp-content\/uploads\/2008\/11\/2993267368_8866d0b815_o.jpg?resize=350%2C200&ssl=1","width":350,"height":200,"srcset":"https:\/\/i0.wp.com\/alpoma.net\/tecob\/wp-content\/uploads\/2008\/11\/2993267368_8866d0b815_o.jpg?resize=350%2C200&ssl=1 1x, https:\/\/i0.wp.com\/alpoma.net\/tecob\/wp-content\/uploads\/2008\/11\/2993267368_8866d0b815_o.jpg?resize=525%2C300&ssl=1 1.5x"},"classes":[]},{"id":13134,"url":"https:\/\/alpoma.net\/tecob\/?p=13134","url_meta":{"origin":958,"position":4},"title":"El extra\u00f1o caso del Porsche que circulaba al rev\u00e9s","author":"alpoma","date":"25 febrero 2018","format":false,"excerpt":"Lo miras y, al principio, parece un Porsche 924 normal, todo un autom\u00f3vil cl\u00e1sico de los setenta y ochenta sin nada fuera de lo corriente. Pero, cuando te fijas un poco m\u00e1s, hay cosas que no cuadran y empiezas a pensar que hay algo mal en este veh\u00edculo... \u00bfPor qu\u00e9\u2026","rel":"","context":"En \u00abObsolescencia\u00bb","block_context":{"text":"Obsolescencia","link":"https:\/\/alpoma.net\/tecob\/?cat=3"},"img":{"alt_text":"","src":"https:\/\/i0.wp.com\/alpoma.net\/tecob\/wp-content\/uploads\/2018\/02\/Porsche-928-reversa.png?resize=350%2C200&ssl=1","width":350,"height":200},"classes":[]},{"id":1085,"url":"https:\/\/alpoma.net\/tecob\/?p=1085","url_meta":{"origin":958,"position":5},"title":"Ciudad platillo","author":"alpoma","date":"24 febrero 2009","format":false,"excerpt":"Con este peque\u00f1o art\u00edculo se inaugura hoy TecOb A\u00f1o V. S\u00ed, ya ha pasado mucho tiempo desde que el 24 de febrero de 2005 naciera este blog y, aunque cada vez hay menos rato para escribir, espero que todav\u00eda viva mucho. La expresi\u00f3n platillo volante, pr\u00e1cticamente ca\u00edda en el olvido\u2026","rel":"","context":"En \u00abObsolescencia\u00bb","block_context":{"text":"Obsolescencia","link":"https:\/\/alpoma.net\/tecob\/?cat=3"},"img":{"alt_text":"","src":"https:\/\/i0.wp.com\/alpoma.net\/tecob\/wp-content\/uploads\/2009\/02\/3306428401_222478e6da_o.jpg?resize=350%2C200&ssl=1","width":350,"height":200,"srcset":"https:\/\/i0.wp.com\/alpoma.net\/tecob\/wp-content\/uploads\/2009\/02\/3306428401_222478e6da_o.jpg?resize=350%2C200&ssl=1 1x, https:\/\/i0.wp.com\/alpoma.net\/tecob\/wp-content\/uploads\/2009\/02\/3306428401_222478e6da_o.jpg?resize=525%2C300&ssl=1 1.5x"},"classes":[]}],"jetpack_sharing_enabled":true,"_links":{"self":[{"href":"https:\/\/alpoma.net\/tecob\/index.php?rest_route=\/wp\/v2\/posts\/958","targetHints":{"allow":["GET"]}}],"collection":[{"href":"https:\/\/alpoma.net\/tecob\/index.php?rest_route=\/wp\/v2\/posts"}],"about":[{"href":"https:\/\/alpoma.net\/tecob\/index.php?rest_route=\/wp\/v2\/types\/post"}],"author":[{"embeddable":true,"href":"https:\/\/alpoma.net\/tecob\/index.php?rest_route=\/wp\/v2\/users\/1"}],"replies":[{"embeddable":true,"href":"https:\/\/alpoma.net\/tecob\/index.php?rest_route=%2Fwp%2Fv2%2Fcomments&post=958"}],"version-history":[{"count":0,"href":"https:\/\/alpoma.net\/tecob\/index.php?rest_route=\/wp\/v2\/posts\/958\/revisions"}],"wp:featuredmedia":[{"embeddable":true,"href":"https:\/\/alpoma.net\/tecob\/index.php?rest_route=\/wp\/v2\/media\/10670"}],"wp:attachment":[{"href":"https:\/\/alpoma.net\/tecob\/index.php?rest_route=%2Fwp%2Fv2%2Fmedia&parent=958"}],"wp:term":[{"taxonomy":"category","embeddable":true,"href":"https:\/\/alpoma.net\/tecob\/index.php?rest_route=%2Fwp%2Fv2%2Fcategories&post=958"},{"taxonomy":"post_tag","embeddable":true,"href":"https:\/\/alpoma.net\/tecob\/index.php?rest_route=%2Fwp%2Fv2%2Ftags&post=958"}],"curies":[{"name":"wp","href":"https:\/\/api.w.org\/{rel}","templated":true}]}}