{"id":953,"date":"2008-08-06T19:32:37","date_gmt":"2008-08-06T17:32:37","guid":{"rendered":"http:\/\/www.alpoma.net\/tecob\/?p=953"},"modified":"2008-08-06T19:32:43","modified_gmt":"2008-08-06T17:32:43","slug":"peter-connolly","status":"publish","type":"post","link":"https:\/\/alpoma.net\/tecob\/?p=953","title":{"rendered":"Peter Connolly"},"content":{"rendered":"<p>Esta tarde he vuelto a tener en mis manos <strong>uno de mis libros favoritos<\/strong> de siempre. Se trata de<em> Las legiones romanas<\/em>, editado por Espasa-Calpe en 1986, obra de <strong>Peter Connolly<\/strong>. El pobre tiene algunas hojas descosidas y la dura cubierta mellada en todas sus esquinas. Esto es lo que sucede cuando un libro levanta pasiones y es disfrutado una y otra vez. Me lo regalaron el mismo a\u00f1o en que se edit\u00f3 y, desde el primer momento, se convirti\u00f3 en algo especial para m\u00ed. Peter Connolly es <strong>uno de los mejores ilustradores hist\u00f3ricos que conozco<\/strong>, ha logrado reconstruir de forma meticulosa y fiel muchos aspectos del mundo militar de la Antig\u00fcedad. He aqu\u00ed una simple muestra, se trata de parte de una de las ilustraciones interiores del libro, donde se representa un ataque por sorpresa a las guarniciones de legionarios de Tito estacionadas en Jerusal\u00e9n.<\/p>\n<p><img decoding=\"async\" src=\"http:\/\/farm4.static.flickr.com\/3068\/2738361835_ed9ee6c5e0_o.jpg\" alt=\"img\" class=\"otros\"\/><\/p>\n<p>Cualquier interesado en la historia militar griega, romana y cartaginesa, que no dude en saborear los mil y un detalles de los trabajos de este historiador e ilustrador brit\u00e1nico, pues de sus an\u00e1lisis de piezas arqueol\u00f3gicas han nacido algunas de las m\u00e1s fascinantes representaciones del pasado imaginadas. <\/p>\n<p><strong>M\u00e1s informaci\u00f3n sobre Peter Connolly<\/strong>:<br \/>\n<a href=\"http:\/\/www.celtiberia.net\/articulo.asp?id=664\" class=\"enlaces\">Celtiberia.net | Peter Connolly, imaginado la historia<\/a>.<br \/>\n<a href=\"http:\/\/worldcat.org\/identities\/lccn-no98-91422\" class=\"enlaces\">WorldCat | Works by or about Peter Connolly<\/a>.<\/p>\n","protected":false},"excerpt":{"rendered":"<div class=\"mh-excerpt\"><p>Esta tarde he vuelto a tener en mis manos uno de mis libros favoritos de siempre. Se trata de Las legiones romanas, editado por Espasa-Calpe en 1986, obra de Peter <a class=\"mh-excerpt-more\" href=\"https:\/\/alpoma.net\/tecob\/?p=953\" title=\"Peter Connolly\">[&#8230;]<\/a><\/p>\n<\/div>","protected":false},"author":1,"featured_media":10708,"comment_status":"open","ping_status":"open","sticky":false,"template":"","format":"standard","meta":{"jetpack_post_was_ever_published":false,"_jetpack_newsletter_access":"","_jetpack_dont_email_post_to_subs":false,"_jetpack_newsletter_tier_id":0,"_jetpack_memberships_contains_paywalled_content":false,"_jetpack_memberships_contains_paid_content":false,"footnotes":""},"categories":[2],"tags":[],"class_list":["post-953","post","type-post","status-publish","format-standard","has-post-thumbnail","hentry","category-personal"],"jetpack_featured_media_url":"https:\/\/alpoma.net\/tecob\/wp-content\/uploads\/2008\/08\/2738361835_ed9ee6c5e0_o.jpg","jetpack_shortlink":"https:\/\/wp.me\/p93Dc1-fn","jetpack-related-posts":[{"id":2880,"url":"https:\/\/alpoma.net\/tecob\/?p=2880","url_meta":{"origin":953,"position":0},"title":"Dos libros para el verano","author":"alpoma","date":"6 junio 2010","format":false,"excerpt":"Lo que sigue no es m\u00e1s que una sencilla nota personal en forma de recomendaci\u00f3n o, m\u00e1s bien, sugerencia. Cuando se acerca el verano, suelo escribir sobre libros en TecOb. Por lo general se trata de realizar un leve repaso a los libros interesantes con que me haya cruzado a\u2026","rel":"","context":"En \u00abPersonal\u00bb","block_context":{"text":"Personal","link":"https:\/\/alpoma.net\/tecob\/?cat=2"},"img":{"alt_text":"","src":"https:\/\/i0.wp.com\/alpoma.net\/tecob\/wp-content\/uploads\/2010\/06\/4675221572_d5a755a06f_o.jpg?resize=350%2C200&ssl=1","width":350,"height":200,"srcset":"https:\/\/i0.wp.com\/alpoma.net\/tecob\/wp-content\/uploads\/2010\/06\/4675221572_d5a755a06f_o.jpg?resize=350%2C200&ssl=1 1x, https:\/\/i0.wp.com\/alpoma.net\/tecob\/wp-content\/uploads\/2010\/06\/4675221572_d5a755a06f_o.jpg?resize=525%2C300&ssl=1 1.5x"},"classes":[]},{"id":14249,"url":"https:\/\/alpoma.net\/tecob\/?p=14249","url_meta":{"origin":953,"position":1},"title":"AMSTRAD Eterno [Libro]","author":"alpoma","date":"14 enero 2019","format":false,"excerpt":"Sucedi\u00f3 antes de las fiestas navide\u00f1as. Me encontraba en una librer\u00eda de Ciudad Real y, de repente, un libro me asalt\u00f3. Me sucede de vez en cuando, ese tipo de asaltos son irresistibles y, siempre, dan como resultado una compra. En cuanto vi este libro en una de las estanter\u00edas,\u2026","rel":"","context":"En \u00abPersonal\u00bb","block_context":{"text":"Personal","link":"https:\/\/alpoma.net\/tecob\/?cat=2"},"img":{"alt_text":"","src":"https:\/\/i0.wp.com\/alpoma.net\/tecob\/wp-content\/uploads\/2019\/01\/Amstrad-CPC464.jpg?resize=350%2C200&ssl=1","width":350,"height":200,"srcset":"https:\/\/i0.wp.com\/alpoma.net\/tecob\/wp-content\/uploads\/2019\/01\/Amstrad-CPC464.jpg?resize=350%2C200&ssl=1 1x, https:\/\/i0.wp.com\/alpoma.net\/tecob\/wp-content\/uploads\/2019\/01\/Amstrad-CPC464.jpg?resize=525%2C300&ssl=1 1.5x"},"classes":[]},{"id":7898,"url":"https:\/\/alpoma.net\/tecob\/?p=7898","url_meta":{"origin":953,"position":2},"title":"[Libro+DVD] M\u00e1s por menos, entiende las matem\u00e1ticas","author":"alpoma","date":"2 marzo 2013","format":false,"excerpt":"Cay\u00f3 recientemente en mis manos este libro que no dudo en recomendar a toda persona que le tenga temor a las matem\u00e1ticas. Su formato podr\u00eda considerarse anticuado, m\u00e1s que nada porque el DVD que incluye me ha hecho acudir a un lector adecuado, \u00a1hac\u00eda meses que no tocaba un disco\u2026","rel":"","context":"En \u00abPersonal\u00bb","block_context":{"text":"Personal","link":"https:\/\/alpoma.net\/tecob\/?cat=2"},"img":{"alt_text":"portada_mas_por_menos","src":"https:\/\/i0.wp.com\/www.alpoma.net\/tecob\/wp-content\/uploads\/2013\/03\/portada_mas_por_menos.jpg?resize=350%2C200","width":350,"height":200},"classes":[]},{"id":4551,"url":"https:\/\/alpoma.net\/tecob\/?p=4551","url_meta":{"origin":953,"position":3},"title":"Logicomix, una b\u00fasqueda \u00e9pica de la verdad","author":"alpoma","date":"11 abril 2011","format":false,"excerpt":"Lleg\u00f3 a mis manos hace unos d\u00edas y, ayer domingo por la noche, cay\u00f3 en un asalto. Realmente no pens\u00e9 que fuera tan ameno y fluido, se lee de un golpe y se disfruta con sencillez. Desde que apareci\u00f3 la versi\u00f3n en ingl\u00e9s lo he tenido anotado en la lista\u2026","rel":"","context":"En \u00abPersonal\u00bb","block_context":{"text":"Personal","link":"https:\/\/alpoma.net\/tecob\/?cat=2"},"img":{"alt_text":"Logicomix","src":"https:\/\/i0.wp.com\/farm6.static.flickr.com\/5141\/5609011661_9da401887b_m.jpg?resize=350%2C200","width":350,"height":200},"classes":[]},{"id":1748,"url":"https:\/\/alpoma.net\/tecob\/?p=1748","url_meta":{"origin":953,"position":4},"title":"El post como vegetal","author":"alpoma","date":"8 diciembre 2009","format":false,"excerpt":"\u00bfC\u00f3mo habr\u00eda de calificar esta obra? Realmente no logro encontrar las palabras adecuadas, \u00bfacaso se trata de un experimento? Tras marear unas cuantas neuronas, posiblemente me atreva a enmarcarlo dentro del abigarrado grupo de los juegos intelectuales, que son algo as\u00ed como una selva de conocimiento en la que prima\u2026","rel":"","context":"En \u00abExperimentos\u00bb","block_context":{"text":"Experimentos","link":"https:\/\/alpoma.net\/tecob\/?cat=9"},"img":{"alt_text":"","src":"https:\/\/i0.wp.com\/alpoma.net\/tecob\/wp-content\/uploads\/2009\/12\/4169728524_4fc265d22e_o.jpg?resize=350%2C200&ssl=1","width":350,"height":200,"srcset":"https:\/\/i0.wp.com\/alpoma.net\/tecob\/wp-content\/uploads\/2009\/12\/4169728524_4fc265d22e_o.jpg?resize=350%2C200&ssl=1 1x, https:\/\/i0.wp.com\/alpoma.net\/tecob\/wp-content\/uploads\/2009\/12\/4169728524_4fc265d22e_o.jpg?resize=525%2C300&ssl=1 1.5x"},"classes":[]},{"id":15528,"url":"https:\/\/alpoma.net\/tecob\/?p=15528","url_meta":{"origin":953,"position":5},"title":"Convocatoria, 4\/3\/26: presentaci\u00f3n libro \u00abLa huella de Federico Cantero Villamil en la sociedad e industria de Castilla y Le\u00f3n (1874-1946)\u00bb","author":"alpoma","date":"2 marzo 2026","format":false,"excerpt":"A finales de 2019 publiqu\u00e9 un art\u00edculo sobre el genio de la ingenier\u00eda civil y de la aviaci\u00f3n Federico Cantero Villamil. Ese art\u00edculo form\u00f3 parte posteriormente de uno de mis libros sobre invenciones espa\u00f1olas. Hoy, me llega esta convocatoria acerca de una nueva publicaci\u00f3n sobre el ingeniero. Es un compendio\u2026","rel":"","context":"En \u00abPersonal\u00bb","block_context":{"text":"Personal","link":"https:\/\/alpoma.net\/tecob\/?cat=2"},"img":{"alt_text":"","src":"https:\/\/i0.wp.com\/alpoma.net\/tecob\/wp-content\/uploads\/2026\/03\/457654.png?resize=350%2C200&ssl=1","width":350,"height":200,"srcset":"https:\/\/i0.wp.com\/alpoma.net\/tecob\/wp-content\/uploads\/2026\/03\/457654.png?resize=350%2C200&ssl=1 1x, https:\/\/i0.wp.com\/alpoma.net\/tecob\/wp-content\/uploads\/2026\/03\/457654.png?resize=525%2C300&ssl=1 1.5x, https:\/\/i0.wp.com\/alpoma.net\/tecob\/wp-content\/uploads\/2026\/03\/457654.png?resize=700%2C400&ssl=1 2x, https:\/\/i0.wp.com\/alpoma.net\/tecob\/wp-content\/uploads\/2026\/03\/457654.png?resize=1050%2C600&ssl=1 3x, https:\/\/i0.wp.com\/alpoma.net\/tecob\/wp-content\/uploads\/2026\/03\/457654.png?resize=1400%2C800&ssl=1 4x"},"classes":[]}],"jetpack_sharing_enabled":true,"_links":{"self":[{"href":"https:\/\/alpoma.net\/tecob\/index.php?rest_route=\/wp\/v2\/posts\/953","targetHints":{"allow":["GET"]}}],"collection":[{"href":"https:\/\/alpoma.net\/tecob\/index.php?rest_route=\/wp\/v2\/posts"}],"about":[{"href":"https:\/\/alpoma.net\/tecob\/index.php?rest_route=\/wp\/v2\/types\/post"}],"author":[{"embeddable":true,"href":"https:\/\/alpoma.net\/tecob\/index.php?rest_route=\/wp\/v2\/users\/1"}],"replies":[{"embeddable":true,"href":"https:\/\/alpoma.net\/tecob\/index.php?rest_route=%2Fwp%2Fv2%2Fcomments&post=953"}],"version-history":[{"count":0,"href":"https:\/\/alpoma.net\/tecob\/index.php?rest_route=\/wp\/v2\/posts\/953\/revisions"}],"wp:featuredmedia":[{"embeddable":true,"href":"https:\/\/alpoma.net\/tecob\/index.php?rest_route=\/wp\/v2\/media\/10708"}],"wp:attachment":[{"href":"https:\/\/alpoma.net\/tecob\/index.php?rest_route=%2Fwp%2Fv2%2Fmedia&parent=953"}],"wp:term":[{"taxonomy":"category","embeddable":true,"href":"https:\/\/alpoma.net\/tecob\/index.php?rest_route=%2Fwp%2Fv2%2Fcategories&post=953"},{"taxonomy":"post_tag","embeddable":true,"href":"https:\/\/alpoma.net\/tecob\/index.php?rest_route=%2Fwp%2Fv2%2Ftags&post=953"}],"curies":[{"name":"wp","href":"https:\/\/api.w.org\/{rel}","templated":true}]}}