{"id":938,"date":"2008-07-23T19:09:10","date_gmt":"2008-07-23T17:09:10","guid":{"rendered":"http:\/\/www.alpoma.net\/tecob\/?p=938"},"modified":"2009-07-06T17:39:16","modified_gmt":"2009-07-06T15:39:16","slug":"el-canal-de-castilla","status":"publish","type":"post","link":"https:\/\/alpoma.net\/tecob\/?p=938","title":{"rendered":"El Canal de Castilla"},"content":{"rendered":"<p class=\"otros3\">Versi\u00f3n reducida (sin cuadros ni im\u00e1genes) del art\u00edculo que publiqu\u00e9 en<a href=\"http:\/\/www.historiadeiberiavieja.com\/\"> Historia de Iberia Vieja <\/a>, Diciembre de 2007.<\/p>\n<p><em><br \/>\nSue\u00f1o nunca finalizado, proeza de la ingenier\u00eda espa\u00f1ola, dep\u00f3sito de esperanzas y testigo de frustraciones. El Canal de Castilla refleja lo m\u00e1s \u00edntimo del esp\u00edritu de los campos que rasga y por los que facilit\u00f3 el transporte de grano y carb\u00f3n durante d\u00e9cadas. Hoy, enmudecido y silencioso, el paisaje que circunda tan imponente infraestructura est\u00e1 llamado a dar vida a una actividad con la que jam\u00e1s pensaron los ingenieros: el turismo.<\/em><\/p>\n<p>Camino de la ancianidad se encuentran las \u00faltimas personas que pudieron contemplar al Canal de Castilla lleno de vida. Esta imponente obra de ingenier\u00eda hidr\u00e1ulica ideada en el siglo XVIII y \u201cterminada\u201d en el XIX recorre <strong>Castilla y Le\u00f3n<\/strong> a modo de cicatriz que rememora tiempos lejanos y muy diferentes a los actuales. Los turistas que recorren en bicicleta los caminos paralelos al Canal, en sus diferentes tramos, lo hacen disfrutando de un paisaje pl\u00e1cido y evocador, en el que, de vez en cuando, aparecen elementos sorprendentes que dieron vida a esta infraestructura. D\u00e1rsenas, puentes, esclusas, molinos, f\u00e1bricas de harina, presas de todo tipo y m\u00e1quinas hoy silenciosas, animan al paseante observador a imaginarse c\u00f3mo pudo haber sido la vida cotidiana de aquellos quienes deb\u00edan su jornal al Canal. <\/p>\n<p><img decoding=\"async\" src=\"http:\/\/farm4.static.flickr.com\/3243\/2695566633_838e4be993_o.jpg\" alt=\"img\" class=\"otros\"\/><br \/>\n<strong>Imagen<\/strong>: <a href=\"http:\/\/www.flickr.com\/photos\/louzao\/2400950253\/\" class=\"enlaces\">Flickr Louzao<\/a> | <a href=\"http:\/\/creativecommons.org\/licenses\/by-nc-nd\/2.0\/deed.en\">(CC)<\/a><\/p>\n<p><strong>Breve historia de un sue\u00f1o inacabado<\/strong><\/p>\n<blockquote><p>Cuando est\u00e9 acabado, lo que puede tener lugar en menos de treinta a\u00f1os, tal vez no haya nada en el mundo nada, en ese g\u00e9nero, que pueda serle comparado, en relaci\u00f3n con el trabajo, la extensi\u00f3n o la utilidad. El trabajo y la extensi\u00f3n hablar\u00e1n por ellos mismos, pero la utilidad no podr\u00e1 ser conocida m\u00e1s que de aquellos que hayan visto ese pa\u00eds. Sin hablar de los carbones que pudieran ser transportados de Asturias al Mediod\u00eda, y de las manufacturas que podr\u00edan, por ese medio, establecerse en Castilla, y hallar una salida muy cerca por la bah\u00eda de Vizcaya, los excelentes vinos de esa provincia arenosa, que ahora apenas si pagan los gastos de su cultivo, no solamente se vender\u00edan f\u00e1cilmente, sino que ser\u00edan cada vez m\u00e1s buscados; los aceites adquirir\u00edan valor para la mesa o para los jabones, y los granos, que, en las estaciones abundantes, resultan la ruina del granjero, ser\u00edan para \u00e9l una fuente de opulencia y estimular\u00edan su industria por nuevos esfuerzos. <\/p><\/blockquote>\n<p>Tan optimista visi\u00f3n sobre el, entonces, futuro Canal de Castilla pertenece a <strong>J. Townsend<\/strong>, viajero ingl\u00e9s que recorri\u00f3 tierras castellanas entre 1786 y 1787<sup>1<\/sup>.<\/p>\n<p>\u00bfCu\u00e1l pudo haber sido el motivo que llev\u00f3 al dise\u00f1o y construcci\u00f3n del Canal de Castilla? A lo largo de dos siglos este r\u00edo artificial ha conformado una parte importante de la actividad econ\u00f3mica de la vieja Castilla. Considerada como una de las obras de ingenier\u00eda civil m\u00e1s importantes de la Espa\u00f1a de la Ilustraci\u00f3n, <strong>transita por las provincias de Valladolid, Burgos y, sobre todo, Palencia. <\/strong>La idea original era arriesgada y audaz. \u00bfPor qu\u00e9 no contar con un medio de transporte r\u00e1pido, eficaz y barato para el transporte de trigo desde Castilla hasta los puertos del Cant\u00e1brico? T\u00e9ngase en cuenta que en la \u00e9poca en que se concibi\u00f3, el ferrocarril estaba naciendo, con lo que parec\u00eda una idea sin rival posible.<\/p>\n<p>El tiempo demostr\u00f3 d\u00e9cadas m\u00e1s tarde que los <strong>caminos de hierro<\/strong> cumpl\u00edan mucho mejor con el cometido del transporte de grano, carb\u00f3n y otros materiales, pero a finales del XVIII la idea del Canal se ve\u00eda como algo portentoso y, claro est\u00e1, muy arriesgado. Lo que durante muchos a\u00f1os llen\u00f3 las mesas de dibujo de los ingenieros, nunca lleg\u00f3 a completarse. \u00bfQu\u00e9 aspecto hubiera tenido el Canal si en lugar de morir en el norte palentino hubiera logrado sortear la barrera de la Cordillera Cant\u00e1brica? Hubiera sido considerada como una de las obras m\u00e1s imponentes de todo el continente. De todas formas, aunque no llegara a acercarse a puerto, y el grano haya tenido que desembarcarse y continuar su viaje a lomos de sufridas bestias de carga o, como sucedi\u00f3 al poco, a trav\u00e9s del ferrocarril, no debe desde\u00f1arse en absoluto la majestuosidad de esta v\u00eda de agua artificial que <strong>continu\u00f3 transportando mercanc\u00edas hasta mediado el siglo XX<\/strong>, cuando finalmente las autoridades decidieron dedicar al viejo Canal a tareas menos espectaculares, pero igualmente nobles, como el regad\u00edo. Las obras de transformaci\u00f3n del Canal en infraestructura de riegos hicieron que perdiera su condici\u00f3n de navegable, pero todav\u00eda puede contemplarse gran parte de la infraestructura que permit\u00eda a las barcazas ascender r\u00edo \u201carriba\u201d para superar los desniveles del terreno y lograr as\u00ed alcanzar el lejano norte.<\/p>\n<p><img decoding=\"async\" src=\"http:\/\/farm4.static.flickr.com\/3076\/2696366340_a0b02633d5_o.gif\" alt=\"img\" \/><\/p>\n<p>Ya en el siglo XVI se iniciaron los estudios encaminados a construir una gran v\u00eda navegable desde el centro peninsular hacia los puertos del Cant\u00e1brico, por medio de estudios de navegabilidad de diversos r\u00edos. Ya por entonces se puso la mirada en el Carri\u00f3n y el Pisuerga, pero hubo que esperar al siglo XVIII para que lo que s\u00f3lo era una \u201cloca\u201d idea viera la luz. En plena Espa\u00f1a ilustrada, el Canal de Castilla fue visto como un proyect\u00f3 capaz de aportar oportunidades \u00fanicas en el desarrollo econ\u00f3mico y en la mejora de las comunicaciones. As\u00ed, bajo la direcci\u00f3n de Carlos Lemour y Antonio Ulloa, <strong>comenzaron las obras del Canal en 1753<\/strong> con un objetivo muy ambicioso. La pretensi\u00f3n inicial consist\u00eda, nada m\u00e1s y nada menos, que la creaci\u00f3n de una v\u00eda navegable desde Segovia hasta Cantabria. Como puede imaginarse con facilidad, las necesidades econ\u00f3micas que eran necesarias para llevar a buen puerto tal obra eran muy altas. Retrasos, problemas t\u00e9cnicos y de financiaci\u00f3n, contratiempos de todo tipo, impidieron materializar tan ambicioso proyecto.<\/p>\n<p>Durante el reinado de Fernando VII pudo constatarse con claridad que la quimera nacida del \u00edmpetu ilustrado no ser\u00eda viable porque era imposible financiar la buena marcha del proyecto desde el Estado. As\u00ed, se encontr\u00f3 una soluci\u00f3n parcial al estancamiento de las obras, puesto que en 1828 se crea la Real Junta  de Canales de Castilla o, lo que es lo mismo, una consorcio destinado a privatizar la obra. El capital privado acudi\u00f3 en auxilio del proyecto, pero no por ello las dificultades terminaron. Hubo que esperar m\u00e1s de dos d\u00e9cadas hasta que se comienza a explotar el Canal de Castilla, precisamente en la \u00e9poca en que el ferrocarril estaba a punto de convertirse en un serio competidor, m\u00e1s barato y m\u00e1s r\u00e1pido, aunque para eso todav\u00eda quedaban unos cuantos a\u00f1os.<\/p>\n<p><strong>La tecnolog\u00eda del Canal de Castilla<\/strong><\/p>\n<p>Utilizando la amplia estructura navegable del Canal de Castilla, grandes barcazas, cuyo tr\u00e1fico s\u00f3lo era permitido de sol a sol, iban sorteando los desniveles del terreno, cargadas de grano y contracorriente, gracias a una ingeniosa trama de esclusas. Aprovechando el agua del Canal nacieron igualmente todo tipo de edificios industriales e infraestructuras para el regad\u00edo, molinos, batanes&#8230;  Aunque ya desde la segunda mitad del siglo XIX el empleo del Canal de Castilla para el transporte de grano estaba cayendo en crisis por culpa de la competencia del ferrocarril, el tr\u00e1fico de barcazas se mantuvo hasta hace apenas cincuenta a\u00f1os. En la larga vida del Canal se puede comprobar, a trav\u00e9s de los registros de carga, c\u00f3mo iba cambiando la econom\u00eda espa\u00f1ola. Si a principios del siglo XX era la harina y el grano lo que m\u00e1s se transportaba, <strong>hacia los a\u00f1os cincuenta las barcazas hab\u00edan pasado a mover materiales de construcci\u00f3n para obras locales como principal mercanc\u00eda<\/strong>. Mucho tiempo atr\u00e1s, incluso se transportaron pasajeros, tropas o carb\u00f3n, aunque esos usos tuvieron ef\u00edmera vida<sup>2<\/sup>.<\/p>\n<p>Imaginemos por un momento que viajamos a bordo de una barcaza cargada de trigo desde una d\u00e1rsena en Valladolid, camino de Alar del Rey, donde el grano ser\u00e1 transbordado hasta un ferrocarril que lo llevar\u00e1 hasta el Puerto de Santander. La secci\u00f3n trapezoidal del Canal, con anchura variable desde once hasta m\u00e1s de veinte metros y profundidades que pueden alcanzar los tres metros, era la \u201ccarretera\u201d por la que se mov\u00edan las barcazas. <strong>\u00bfC\u00f3mo arrastrar una pesada barcaza cargada de trigo contra la corriente?<\/strong> El principal m\u00e9todo para lograr transportar la carga fue la<strong> tracci\u00f3n animal<\/strong>, a trav\u00e9s del arrastre por medio de caballer\u00edas y un sistema de cables que un\u00edan las m\u00e1rgenes del Canal con las barcazas. Durante un tiempo tambi\u00e9n se emple\u00f3 el auxilio de velas, pero no dur\u00f3 mucho tal uso. <\/p>\n<p>Para superar el desnivel entre dos tramos del canal situados a diverso nivel, se empleaba un<strong> sistema de esclusas<\/strong>. Por ejemplo, el sistema de esclusas que se empleaban en el tramo del Canal en las cercan\u00edas de Fr\u00f3mista, Palencia, lograba hacer que las barcazas salvaran un desnivel de m\u00e1s de catorce metros. Para que las esclusas cumplieran su funci\u00f3n, toda una serie de tecnolog\u00edas fueron dise\u00f1adas en su auxilio. Gran parte de aquella maquinaria ha desaparecido, pero todav\u00eda puede hacerse uno la idea de lo ingenioso que era el sistema, con sus juegos de compuertas y vasos comunicantes, logr\u00e1ndose en algunos tramos el paso de dos barcazas a la vez.<\/p>\n<p>Si ingenioso era el sistema de esclusas, imponentes son los <strong>acueductos<\/strong>, por medio de los que el Canal de Castilla puede cruzar el cauce de r\u00edos o arroyos. A esto hay que a\u00f1adir toda una serie de peque\u00f1as presas destinadas a regular el flujo de las aguas, las grandes d\u00e1rsenas empleadas en tareas de carga y descarga, los talleres de reparaci\u00f3n y mantenimiento, los almacenes y dep\u00f3sitos o las grandes arcas para el agua del regad\u00edo. Todo ello form\u00f3, y todav\u00eda forma, un impresionante entramado de tecnolog\u00eda e ingenio que, a pesar de su obsolescencia, mantiene todo su atractivo. <\/p>\n<p>___________<br \/>\n<sup>1<\/sup> Cita extra\u00edda de \u201cEl Discurso pol\u00edtico sobre el regad\u00edo del Ingeniero Militar Fernando de Ulloa, 1787\u201d, Horacio Capel. Biblio 3W, Revista Bibliogr\u00e1fica de Geograf\u00eda y Ciencias Sociales. Universidad de Barcelona. ISSN: 1138-9796. Vol. VII, n\u00ba 348, 15 de febrero de 2002.<br \/>\n<sup>2<\/sup> V\u00e9ase \u201cUna quimera de la Ilustraci\u00f3n\u201d, art\u00edculo de Jes\u00fas Anta en Diario de Valladolid. Domingo 14 de Octubre de 2007.<\/p>\n<p><strong>M\u00e1s informaci\u00f3n<\/strong>:  <a href=\"http:\/\/www.canaldecastilla.org\/\" class=\"enlaces\">Plan de excelencia tur\u00edstica del Canal de Castilla<\/a><br \/>\n<strong>Fuente del mapa<\/strong>: <a href=\"http:\/\/www.chduero.es\/Favoritos\/CanaldeCastilla\/tabid\/291\/Default.aspx\" class=\"enlaces\">CHD<\/a><\/p>\n","protected":false},"excerpt":{"rendered":"<div class=\"mh-excerpt\"><p>Versi\u00f3n reducida (sin cuadros ni im\u00e1genes) del art\u00edculo que publiqu\u00e9 en Historia de Iberia Vieja , Diciembre de 2007. Sue\u00f1o nunca finalizado, proeza de la ingenier\u00eda espa\u00f1ola, dep\u00f3sito de esperanzas <a class=\"mh-excerpt-more\" href=\"https:\/\/alpoma.net\/tecob\/?p=938\" title=\"El Canal de Castilla\">[&#8230;]<\/a><\/p>\n<\/div>","protected":false},"author":1,"featured_media":11090,"comment_status":"open","ping_status":"open","sticky":false,"template":"","format":"standard","meta":{"jetpack_post_was_ever_published":false,"_jetpack_newsletter_access":"","_jetpack_dont_email_post_to_subs":false,"_jetpack_newsletter_tier_id":0,"_jetpack_memberships_contains_paywalled_content":false,"_jetpack_memberships_contains_paid_content":false,"footnotes":""},"categories":[10,3,2],"tags":[],"class_list":["post-938","post","type-post","status-publish","format-standard","has-post-thumbnail","hentry","category-made_in_spain","category-obsolescencia","category-personal"],"jetpack_featured_media_url":"https:\/\/alpoma.net\/tecob\/wp-content\/uploads\/2008\/07\/2695566633_838e4be993_o.jpg","jetpack_shortlink":"https:\/\/wp.me\/p93Dc1-f8","jetpack-related-posts":[{"id":15528,"url":"https:\/\/alpoma.net\/tecob\/?p=15528","url_meta":{"origin":938,"position":0},"title":"Convocatoria, 4\/3\/26: presentaci\u00f3n libro \u00abLa huella de Federico Cantero Villamil en la sociedad e industria de Castilla y Le\u00f3n (1874-1946)\u00bb","author":"alpoma","date":"2 marzo 2026","format":false,"excerpt":"A finales de 2019 publiqu\u00e9 un art\u00edculo sobre el genio de la ingenier\u00eda civil y de la aviaci\u00f3n Federico Cantero Villamil. Ese art\u00edculo form\u00f3 parte posteriormente de uno de mis libros sobre invenciones espa\u00f1olas. Hoy, me llega esta convocatoria acerca de una nueva publicaci\u00f3n sobre el ingeniero. Es un compendio\u2026","rel":"","context":"En \u00abPersonal\u00bb","block_context":{"text":"Personal","link":"https:\/\/alpoma.net\/tecob\/?cat=2"},"img":{"alt_text":"","src":"https:\/\/i0.wp.com\/alpoma.net\/tecob\/wp-content\/uploads\/2026\/03\/457654.png?resize=350%2C200&ssl=1","width":350,"height":200,"srcset":"https:\/\/i0.wp.com\/alpoma.net\/tecob\/wp-content\/uploads\/2026\/03\/457654.png?resize=350%2C200&ssl=1 1x, https:\/\/i0.wp.com\/alpoma.net\/tecob\/wp-content\/uploads\/2026\/03\/457654.png?resize=525%2C300&ssl=1 1.5x, https:\/\/i0.wp.com\/alpoma.net\/tecob\/wp-content\/uploads\/2026\/03\/457654.png?resize=700%2C400&ssl=1 2x, https:\/\/i0.wp.com\/alpoma.net\/tecob\/wp-content\/uploads\/2026\/03\/457654.png?resize=1050%2C600&ssl=1 3x, https:\/\/i0.wp.com\/alpoma.net\/tecob\/wp-content\/uploads\/2026\/03\/457654.png?resize=1400%2C800&ssl=1 4x"},"classes":[]},{"id":6067,"url":"https:\/\/alpoma.net\/tecob\/?p=6067","url_meta":{"origin":938,"position":1},"title":"Los colmenares tradicionales y el oso pardo","author":"alpoma","date":"23 enero 2012","format":false,"excerpt":"Desde hace ya tanto tiempo que nadie recuerda el momento en que fue levantado, cuenta mi familia con un vetusto colmenar a las faldas de la imponente Pe\u00f1a Redonda, en la Monta\u00f1a Palentina, pintoresca construcci\u00f3n tradicional a la que corresponde esta fotograf\u00eda que tom\u00e9 en el verano de 2007. Ese\u2026","rel":"","context":"En \u00abObsolescencia\u00bb","block_context":{"text":"Obsolescencia","link":"https:\/\/alpoma.net\/tecob\/?cat=3"},"img":{"alt_text":"","src":"https:\/\/i0.wp.com\/alpoma.net\/tecob\/wp-content\/uploads\/2012\/01\/1032898092_de6e0edcc1_z.jpg?resize=350%2C200&ssl=1","width":350,"height":200,"srcset":"https:\/\/i0.wp.com\/alpoma.net\/tecob\/wp-content\/uploads\/2012\/01\/1032898092_de6e0edcc1_z.jpg?resize=350%2C200&ssl=1 1x, https:\/\/i0.wp.com\/alpoma.net\/tecob\/wp-content\/uploads\/2012\/01\/1032898092_de6e0edcc1_z.jpg?resize=525%2C300&ssl=1 1.5x"},"classes":[]},{"id":8856,"url":"https:\/\/alpoma.net\/tecob\/?p=8856","url_meta":{"origin":938,"position":2},"title":"El locom\u00f3vil Castilla, primer veh\u00edculo de vapor que circul\u00f3 por las carreteras espa\u00f1olas","author":"alpoma","date":"2 marzo 2014","format":false,"excerpt":"Versi\u00f3n para TecOb del art\u00edculo que publiqu\u00e9 en la revista Historia de Iberia Vieja, edici\u00f3n de marzo de 2014. Locomotora para carreteras. El lunes \u00faltimo 4, a las cuatro de la tarde, sali\u00f3 de la casa-taller de la compa\u00f1\u00eda que piensa explotar esta, por decirlo as\u00ed, nueva aplicaci\u00f3n del vapor,\u2026","rel":"","context":"En \u00abMade in Spain\u00bb","block_context":{"text":"Made in Spain","link":"https:\/\/alpoma.net\/tecob\/?cat=10"},"img":{"alt_text":"","src":"https:\/\/i0.wp.com\/alpoma.net\/tecob\/wp-content\/uploads\/2014\/03\/locomovil_p_alfonso_1862.jpg?resize=350%2C200&ssl=1","width":350,"height":200,"srcset":"https:\/\/i0.wp.com\/alpoma.net\/tecob\/wp-content\/uploads\/2014\/03\/locomovil_p_alfonso_1862.jpg?resize=350%2C200&ssl=1 1x, https:\/\/i0.wp.com\/alpoma.net\/tecob\/wp-content\/uploads\/2014\/03\/locomovil_p_alfonso_1862.jpg?resize=525%2C300&ssl=1 1.5x"},"classes":[]},{"id":6501,"url":"https:\/\/alpoma.net\/tecob\/?p=6501","url_meta":{"origin":938,"position":3},"title":"Re\u00edr por no llorar","author":"alpoma","date":"3 abril 2012","format":false,"excerpt":"Ya lo he comentado hace tiempo en TecOb, pero no me cansar\u00e9 de repetirlo: \u00a1Jos\u00e9 Mar\u00eda Nieto es un genio! Y es que, sin remedio, este ilustrador vallisoletano logra hacer que ponga buena cara al mal tiempo. En los \u00faltimos tiempos estoy viviendo a diario oscuras situaciones como las que\u2026","rel":"","context":"En \u00abPersonal\u00bb","block_context":{"text":"Personal","link":"https:\/\/alpoma.net\/tecob\/?cat=2"},"img":{"alt_text":"","src":"https:\/\/i0.wp.com\/alpoma.net\/tecob\/wp-content\/uploads\/2012\/04\/1.jpg?resize=350%2C200&ssl=1","width":350,"height":200,"srcset":"https:\/\/i0.wp.com\/alpoma.net\/tecob\/wp-content\/uploads\/2012\/04\/1.jpg?resize=350%2C200&ssl=1 1x, https:\/\/i0.wp.com\/alpoma.net\/tecob\/wp-content\/uploads\/2012\/04\/1.jpg?resize=525%2C300&ssl=1 1.5x, https:\/\/i0.wp.com\/alpoma.net\/tecob\/wp-content\/uploads\/2012\/04\/1.jpg?resize=700%2C400&ssl=1 2x"},"classes":[]},{"id":2516,"url":"https:\/\/alpoma.net\/tecob\/?p=2516","url_meta":{"origin":938,"position":4},"title":"alpoma.net, Premio Buscando el Norte Digital","author":"alpoma","date":"15 abril 2010","format":false,"excerpt":"Lo coment\u00e9 anoche con prisas en mi \"ecosistema\" social (Twitter y Facebook mayormente), pero no ha sido hasta ahora que tengo un peque\u00f1o respiro para comentarlo con m\u00e1s calma. Ayer, se celebr\u00f3 la gala de entrega de los Premios Buscando el Norte Digital 2010, organizados por el peri\u00f3dico El Norte\u2026","rel":"","context":"En \u00abPersonal\u00bb","block_context":{"text":"Personal","link":"https:\/\/alpoma.net\/tecob\/?cat=2"},"img":{"alt_text":"","src":"https:\/\/i0.wp.com\/alpoma.net\/tecob\/wp-content\/uploads\/2010\/04\/4522576939_ca71aa0e99_o.jpg?resize=350%2C200&ssl=1","width":350,"height":200,"srcset":"https:\/\/i0.wp.com\/alpoma.net\/tecob\/wp-content\/uploads\/2010\/04\/4522576939_ca71aa0e99_o.jpg?resize=350%2C200&ssl=1 1x, https:\/\/i0.wp.com\/alpoma.net\/tecob\/wp-content\/uploads\/2010\/04\/4522576939_ca71aa0e99_o.jpg?resize=525%2C300&ssl=1 1.5x"},"classes":[]},{"id":7612,"url":"https:\/\/alpoma.net\/tecob\/?p=7612","url_meta":{"origin":938,"position":5},"title":"Minas de hueso","author":"alpoma","date":"26 diciembre 2012","format":false,"excerpt":"No recuerdo qui\u00e9n me pas\u00f3 el documento, pues hace meses que duerme en un disco duro, pero hoy he vuelto a encontrarlo y no me he resistido traerlo a TecOb a trav\u00e9s de este curioso texto. Se trata de una peque\u00f1a obra en la que el ingeniero de minas Don\u2026","rel":"","context":"En \u00abObsolescencia\u00bb","block_context":{"text":"Obsolescencia","link":"https:\/\/alpoma.net\/tecob\/?cat=3"},"img":{"alt_text":"portada","src":"https:\/\/i0.wp.com\/farm9.staticflickr.com\/8084\/8311266115_1d5bc9256d.jpg?resize=350%2C200","width":350,"height":200},"classes":[]}],"jetpack_sharing_enabled":true,"_links":{"self":[{"href":"https:\/\/alpoma.net\/tecob\/index.php?rest_route=\/wp\/v2\/posts\/938","targetHints":{"allow":["GET"]}}],"collection":[{"href":"https:\/\/alpoma.net\/tecob\/index.php?rest_route=\/wp\/v2\/posts"}],"about":[{"href":"https:\/\/alpoma.net\/tecob\/index.php?rest_route=\/wp\/v2\/types\/post"}],"author":[{"embeddable":true,"href":"https:\/\/alpoma.net\/tecob\/index.php?rest_route=\/wp\/v2\/users\/1"}],"replies":[{"embeddable":true,"href":"https:\/\/alpoma.net\/tecob\/index.php?rest_route=%2Fwp%2Fv2%2Fcomments&post=938"}],"version-history":[{"count":0,"href":"https:\/\/alpoma.net\/tecob\/index.php?rest_route=\/wp\/v2\/posts\/938\/revisions"}],"wp:featuredmedia":[{"embeddable":true,"href":"https:\/\/alpoma.net\/tecob\/index.php?rest_route=\/wp\/v2\/media\/11090"}],"wp:attachment":[{"href":"https:\/\/alpoma.net\/tecob\/index.php?rest_route=%2Fwp%2Fv2%2Fmedia&parent=938"}],"wp:term":[{"taxonomy":"category","embeddable":true,"href":"https:\/\/alpoma.net\/tecob\/index.php?rest_route=%2Fwp%2Fv2%2Fcategories&post=938"},{"taxonomy":"post_tag","embeddable":true,"href":"https:\/\/alpoma.net\/tecob\/index.php?rest_route=%2Fwp%2Fv2%2Ftags&post=938"}],"curies":[{"name":"wp","href":"https:\/\/api.w.org\/{rel}","templated":true}]}}