{"id":934,"date":"2008-07-18T21:08:55","date_gmt":"2008-07-18T19:08:55","guid":{"rendered":"http:\/\/www.alpoma.net\/tecob\/?p=934"},"modified":"2009-07-06T17:39:34","modified_gmt":"2009-07-06T15:39:34","slug":"ramon-verea-el-%e2%80%9cinventor%e2%80%9d-de-la-calculadora","status":"publish","type":"post","link":"https:\/\/alpoma.net\/tecob\/?p=934","title":{"rendered":"Ram\u00f3n Verea, el \u201cinventor\u201d de la calculadora"},"content":{"rendered":"<p class=\"otros3\"><sub>Versi\u00f3n para la web del art\u00edculo que publiqu\u00e9 en <em><a href=\"http:\/\/www.historiadeiberiavieja.com\/\">Historia de Iberia Vieja<\/a><\/em> en Enero de 2008.<\/sub><\/p>\n<p><em><br \/>\nEl t\u00edtulo de este art\u00edculo es ciertamente exagerado y, sin embargo, no es descabellado considerar al gallego <strong><a href=\"http:\/\/es.wikipedia.org\/wiki\/Ram%C3%B3n_Verea\" class=\"enlaces\">Ram\u00f3n Verea<\/a><\/strong> como <strong>uno de los padres de la modernas m\u00e1quinas de calcular<\/strong>. Lamentablemente, como en tantas otras ocasiones, el inventor y su m\u00e1quina viven en la tierra del olvido. <\/em><\/p>\n<p><strong>Ingenios para calcular<\/strong><\/p>\n<p><img decoding=\"async\" src=\"http:\/\/farm4.static.flickr.com\/3078\/2679857349_2918dca27c_o.jpg\" alt=\"img\" class=\"dch\"\/>Desde los tiempos m\u00e1s remotos la humanidad ha so\u00f1ado con poseer m\u00e1quinas capaces de realizar c\u00e1lculos complejos y, as\u00ed, liberar a sufridos contables y administradores de tener que luchar con grandes sumas, restas, multiplicaciones y otras operaciones m\u00e1s complejas. La historia de las calculadoras es tan larga y complicada que dista mucho de ser algo sencillo de narrar. Se trata de un viaje por la historia de la ciencia y la t\u00e9cnica plagado de nombres e ingenios de todo tipo, <strong>nadie puede atribuirse la paternidad del invento<\/strong>, muchos han sido sus padres. Ya a principios del siglo XVII el alem\u00e1n <strong><a href=\"http:\/\/www-gap.dcs.st-and.ac.uk\/~history\/Mathematicians\/Schickard.html\" class=\"enlaces\">Wilhelm Schickard<\/a><\/strong> ide\u00f3 una especie de reloj calculador mec\u00e1nico que podr\u00eda considerarse como el primer aparato de este tipo conocido. A partir de entonces la lista de cient\u00edficos, ingenieros e inventores relacionados con el arte de las m\u00e1quinas calculadoras ha sido tan amplia, que se han dedicado tratados completos a su estudio. Entre ellos, cabe mencionar al \u00ednclito <strong><a href=\"http:\/\/www.biografiasyvidas.com\/biografia\/p\/pascal.htm\" class=\"enlaces\">Blaise Pascal<\/a><\/strong>, que con su peque\u00f1o artilugio port\u00e1til para sumar logr\u00f3 que el concepto de calculadora empezara a ser considerado como algo tangible. M\u00e1s tarde, gracias a <strong><a href=\"http:\/\/es.wikipedia.org\/wiki\/Gottfried_Leibniz\" class=\"enlaces\">Leibniz<\/a><\/strong>, <strong><a href=\"http:\/\/en.wikipedia.org\/wiki\/J.H._M%C3%BCller\" class=\"enlaces\">J. H. M\u00fcller<\/a><\/strong> o <strong><a href=\"http:\/\/www.csulb.edu\/~cwallis\/computability\/charles_xavier.html\" class=\"enlaces\">Charles Xavier Thomas de Colmar<\/a><\/strong>, entre otros, se perfeccionaron y comenzaron a comercializarse calculadoras mec\u00e1nicas de diverso tipo hasta que, llegados ya al siglo XIX, con <strong><a href=\"http:\/\/www.alpoma.net\/tecob\/?p=278\" class=\"enlaces\">Charles Babbage<\/a><\/strong> como principal pionero, los artilugios de c\u00e1lculo comienzan a tener una complejidad tan alta que podr\u00edan considerarse como verdaderos ordenadores mec\u00e1nicos que incluso contaban con sistemas para introducir datos tan \u201cmodernos\u201d como las<strong><a href=\"http:\/\/www.alpoma.net\/tecob\/?p=387\" class=\"enlaces\"> tarjetas perforadas<\/a><\/strong>. <\/p>\n<p><strong>La calculadora de Ram\u00f3n Verea<\/strong><\/p>\n<p>En medio de la fiebre por desarrollar la m\u00e1s perfecta m\u00e1quina de c\u00e1lculo mec\u00e1nica, aparece <strong>Ram\u00f3n Silvestre Verea Garc\u00eda<\/strong>, nacido en la provincia de Pontevedra hacia 1833, que <strong>supera cualquier otro modelo anterior y presenta en Nueva York su ingenio capaz de multiplicar<\/strong>. Lamentablemente, Verea es un tipo \u201craro\u201d, porque su \u00fanico inter\u00e9s, como \u00e9l mismo afirm\u00f3, era <em>poder demostrar que un espa\u00f1ol es capaz de inventar algo sobresaliente<\/em>, simplemente, pero <strong>no puso ning\u00fan inter\u00e9s en que tal m\u00e1quina llegara al mercado<\/strong>. Una pena, porque si hubiera acompa\u00f1ado su esp\u00edritu inventivo con algo de perspicacia comercial, probablemente hoy ser\u00eda recordado como padre de las calculadoras y, seguramente, se hubiera convertido en un hombre rico. Aunque por su invento recibi\u00f3 una medalla de oro durante una exposici\u00f3n celebrada en Matanzas, Cuba, llegando a merecer la atenci\u00f3n de <em>Scientific American<\/em>, fueron otros los que explotaron la idea. <strong><a href=\"http:\/\/es.wikipedia.org\/wiki\/Otto_Steiger\" class=\"enlaces\">Otto Steiger<\/a><\/strong> se encarg\u00f3 de llevar al mercado m\u00e1quinas calculadoras capaces de multiplicar cifras de forma directa, sin necesidad de recurrir a sumas, como lo hac\u00edan los ingenios predecesores. Pero el coraz\u00f3n de esta calculadora hab\u00eda nacido en la mente de Verea y del franc\u00e9s <strong><a href=\"http:\/\/es.wikipedia.org\/wiki\/Le%C3%B3n_Bolle\" class=\"enlaces\">Le\u00f3n Boll\u00e9e<\/a><\/strong>, quienes desarrollaron el sistema capaz de tal proeza, mejorando aparatos anteriores como el creado por <strong><a href=\"http:\/\/www.xnumber.com\/xnumber\/mechanical2.htm\" class=\"enlaces\">Edmond D. Barbour<\/a><\/strong>.<\/p>\n<p><strong>La vida de un aventurero<\/strong><\/p>\n<p>Aunque no se conoce mucho acerca de la vida de Ram\u00f3n Verea, puede afirmarse que se trat\u00f3 de un<strong> inquieto aventurero<\/strong>, una atractiva figura que tras pasar varios a\u00f1os en un seminario de Santiago de Compostela, abandona el curso de sus estudios eclesi\u00e1sticos y decide, en 1855, emigrar a Cuba. <strong>En tierras americanas se dedica a escribir novelas y a trabajar como periodista<\/strong>. Una d\u00e9cada m\u00e1s tarde viaja hasta <strong>Nueva York<\/strong>, donde vivir\u00e1 alg\u00fan tiempo, trabajando en oficios de todo tipo, como maestro, traductor o comercial de maquinaria de artes gr\u00e1ficas. Puede que esta \u00faltima actividad sirviera para, dado su conocimiento de la tecnolog\u00eda de su \u00e9poca, incentivar su esp\u00edritu inventivo que desemboc\u00f3 en el desarrollo de su calculadora. Sin embargo, no se qued\u00f3 mucho tiempo en Norteam\u00e9rica, puesto que el inquieto Ram\u00f3n viaj\u00f3 y vivi\u00f3 tambi\u00e9n en <strong>Guatemala<\/strong>, dejando los Estados Unidos por diversos problemas pol\u00edticos relacionados con su postura ante el colonialismo, dando sus huesos al final en la capital argentina. Ser\u00e1 en <strong>Buenos Aires<\/strong> donde fundar\u00e1 la revista<em> El Progres<\/em>o y continuar\u00e1 su labor como escritor y periodista hasta su muerte, sucedida en 1899. El que hubiera podido ser uno de los grandes de la historia de las m\u00e1quinas de c\u00e1lculo, termin\u00f3 sus d\u00edas siendo muy pobre, olvidado y, tristemente, enterrado en una tumba innominada. <\/p>\n<p class=\"otros3\"><strong>Patente 207.918<\/strong>. Nunca se lleg\u00f3 a fabricar en serie, pero sirvi\u00f3 de inspiraci\u00f3n para otros inventores e ingenieros que dieron vida a exitosas m\u00e1quinas de c\u00e1lculo. Hoy, queda el recuerdo de la inventiva de Ram\u00f3n Verea en un documento de sumo inter\u00e9s, a saber, la <strong><a href=\"http:\/\/www.google.com\/patents?id=G_9HAAAAEBAJ&#038;dq=207,918+IMPROVEMENTS+IN+CALCULATING-MACHINES\" class=\"enlaces\">patente registrada en la Oficina de Patentes de los Estados Unidos el d\u00eda 10 de septiembre de 1878<\/a><\/strong>, con el n\u00famero 207.918. Puede obtenerse con facilidad el expediente de esa patente, documento que demuestra la complejidad de proceso desarrollado por Ram\u00f3n, capaz de ser utilizado en m\u00e1quinas de c\u00e1lculo que pod\u00edan multiplicar a una velocidad considerable. El \u00fanico testigo que existe de aquella aventura, adem\u00e1s de los documentos de la patente, son algunas rese\u00f1as en revistas de la \u00e9poca y un <strong><a href=\"http:\/\/www.computer-museum.org\/main\/slide\/064.shtml\" class=\"enlaces\">olvidado prototipo<\/a><\/strong> que duerme el sue\u00f1o del tiempo en la colecci\u00f3n de ingenios de c\u00e1lculo que la IBM posee en su sede de White Plains, Nueva York.<\/p>\n<p><strong>M\u00e1s informaci\u00f3n<\/strong>:<br \/>\nEn <em>TecOb <\/em>&#8211; <strong><a href=\"http:\/\/www.alpoma.net\/tecob\/?p=124\" class=\"enlaces\">El gallego que invent\u00f3 la calculadora<\/a><\/strong><br \/>\n<em>La Voz de Galicia<\/em> &#8211; <strong><a href=\"http:\/\/www.lavozdegalicia.es\/hemeroteca\/2005\/03\/08\/3528854.shtml\" class=\"enlaces\">Curantes ignora d\u00f3nde naci\u00f3 su inventor de la calculadora<\/a><\/strong><br \/>\n<em>Engines of Our Ingenuity<\/em> &#8211; <strong><a href=\"http:\/\/www.uh.edu\/engines\/epi1297.htm\" class=\"enlaces\">Verea&#8217;s Calculating Machine<\/a><\/strong> <em>(Fuente de la imagen)<\/em><br \/>\n<strong><a href=\"http:\/\/www.google.com\/patents?id=G_9HAAAAEBAJ&#038;dq=207,918+IMPROVEMENTS+IN+CALCULATING-MACHINES\" class=\"enlaces\">Documento de la patente de Ram\u00f3n Verea, septiembre de 1878<\/a><\/strong><br \/>\n<em>belay<\/em> &#8211; <strong><a href=\"http:\/\/pablobelay.es\/2007\/12\/29\/ano-cultural-na-estrada-ramon-verea\/\" class=\"enlaces\">Ano Cultural na Estrada &#8211; Ramon Verea?<\/a><\/strong><\/p>\n","protected":false},"excerpt":{"rendered":"<div class=\"mh-excerpt\"><p>Versi\u00f3n para la web del art\u00edculo que publiqu\u00e9 en Historia de Iberia Vieja en Enero de 2008. El t\u00edtulo de este art\u00edculo es ciertamente exagerado y, sin embargo, no es <a class=\"mh-excerpt-more\" href=\"https:\/\/alpoma.net\/tecob\/?p=934\" title=\"Ram\u00f3n Verea, el \u201cinventor\u201d de la calculadora\">[&#8230;]<\/a><\/p>\n<\/div>","protected":false},"author":1,"featured_media":10675,"comment_status":"open","ping_status":"open","sticky":false,"template":"","format":"standard","meta":{"jetpack_post_was_ever_published":false,"_jetpack_newsletter_access":"","_jetpack_dont_email_post_to_subs":false,"_jetpack_newsletter_tier_id":0,"_jetpack_memberships_contains_paywalled_content":false,"_jetpack_memberships_contains_paid_content":false,"footnotes":""},"categories":[10,3],"tags":[],"class_list":["post-934","post","type-post","status-publish","format-standard","has-post-thumbnail","hentry","category-made_in_spain","category-obsolescencia"],"jetpack_featured_media_url":"https:\/\/alpoma.net\/tecob\/wp-content\/uploads\/2008\/07\/2679857349_2918dca27c_o.jpg","jetpack_shortlink":"https:\/\/wp.me\/p93Dc1-f4","jetpack-related-posts":[{"id":8024,"url":"https:\/\/alpoma.net\/tecob\/?p=8024","url_meta":{"origin":934,"position":0},"title":"Los Boll\u00e9e, familia de inventores","author":"alpoma","date":"31 marzo 2013","format":false,"excerpt":"Am\u00e9d\u00e9e Boll\u00e9e era un tipo inquieto, sin duda, adem\u00e1s de emprendedor nato. S\u00ed, ya s\u00e9 que esa palabra, \"emprendedor\", se utiliza demasiado a la ligera \u00faltimamente, pero cuando alguien es emprendedor de verdad, no hay desgaste posible en tan bella palabra. Veamos, Amadeo, como se le llamaba por aqu\u00ed a\u2026","rel":"","context":"En \u00abObsolescencia\u00bb","block_context":{"text":"Obsolescencia","link":"https:\/\/alpoma.net\/tecob\/?cat=3"},"img":{"alt_text":"","src":"https:\/\/i0.wp.com\/alpoma.net\/tecob\/wp-content\/uploads\/2013\/03\/8603652019_6ac88775fe_o.jpg?resize=350%2C200&ssl=1","width":350,"height":200,"srcset":"https:\/\/i0.wp.com\/alpoma.net\/tecob\/wp-content\/uploads\/2013\/03\/8603652019_6ac88775fe_o.jpg?resize=350%2C200&ssl=1 1x, https:\/\/i0.wp.com\/alpoma.net\/tecob\/wp-content\/uploads\/2013\/03\/8603652019_6ac88775fe_o.jpg?resize=525%2C300&ssl=1 1.5x"},"classes":[]},{"id":143,"url":"https:\/\/alpoma.net\/tecob\/?p=143","url_meta":{"origin":934,"position":1},"title":"El otro Leonardo","author":"alpoma","date":"22 mayo 2005","format":false,"excerpt":"Cuando jugamos al ajedrez contra los desalmados contrincantes computerizados de nuestros ordenadores o juegos de mesa, estamos utilizando una versi\u00f3n muy mejorada de uno de los inventos m\u00e1s curiosos de un hombre genial. Al igual que da Vinci, tambi\u00e9n se llamaba Leonardo, e igualmente fue un inventor sobresaliente. Una de\u2026","rel":"","context":"En \u00abInnovaci\u00f3n\u00bb","block_context":{"text":"Innovaci\u00f3n","link":"https:\/\/alpoma.net\/tecob\/?cat=4"},"img":{"alt_text":"","src":"https:\/\/i0.wp.com\/alpoma.net\/tecob\/wp-content\/uploads\/2005\/05\/Leonardo-Torres-Quevedo-300x261.jpg?resize=350%2C200&ssl=1","width":350,"height":200},"classes":[]},{"id":13435,"url":"https:\/\/alpoma.net\/tecob\/?p=13435","url_meta":{"origin":934,"position":2},"title":"Crea tu propia calculadora Curta (s\u00f3lo para los m\u00e1s osados de la impresi\u00f3n 3D)","author":"alpoma","date":"6 julio 2018","format":false,"excerpt":"\u00a1Qu\u00e9 recuerdos me trae esto! Desde hace muchos a\u00f1os, las calculadoras mec\u00e1nicas Curta son uno de mis artilugios favoritos. Por eso, el 24 de febrero de 2005, esos ingenios fueron protagonistas del primer art\u00edculo que publiqu\u00e9 en este blog. Con el tiempo he ido publicando m\u00e1s detalles sobre la incre\u00edble\u2026","rel":"","context":"En \u00abExperimentos\u00bb","block_context":{"text":"Experimentos","link":"https:\/\/alpoma.net\/tecob\/?cat=9"},"img":{"alt_text":"","src":"https:\/\/i0.wp.com\/alpoma.net\/tecob\/wp-content\/uploads\/2018\/07\/calculadora-curta.jpg?resize=350%2C200&ssl=1","width":350,"height":200},"classes":[]},{"id":9062,"url":"https:\/\/alpoma.net\/tecob\/?p=9062","url_meta":{"origin":934,"position":3},"title":"Juan Garc\u00eda Castillejo, un m\u00fasico electr\u00f3nico de los a\u00f1os cuarenta","author":"alpoma","date":"1 junio 2014","format":false,"excerpt":"Versi\u00f3n reducida del art\u00edculo que publiqu\u00e9 en la revista Historia de Iberia Vieja, edici\u00f3n de junio de 2014. En cuanto a la prehistoria de la computer-music, despu\u00e9s de recordar sistemas como el Arca Musar\u00edtmica de Athanasius Kircher en el siglo XVII o los manuales del XVIII para componer por medio\u2026","rel":"","context":"En \u00abMade in Spain\u00bb","block_context":{"text":"Made in Spain","link":"https:\/\/alpoma.net\/tecob\/?cat=10"},"img":{"alt_text":"","src":"https:\/\/i0.wp.com\/alpoma.net\/tecob\/wp-content\/uploads\/2014\/06\/Electrocompositor-647x10241.jpg?resize=350%2C200&ssl=1","width":350,"height":200,"srcset":"https:\/\/i0.wp.com\/alpoma.net\/tecob\/wp-content\/uploads\/2014\/06\/Electrocompositor-647x10241.jpg?resize=350%2C200&ssl=1 1x, https:\/\/i0.wp.com\/alpoma.net\/tecob\/wp-content\/uploads\/2014\/06\/Electrocompositor-647x10241.jpg?resize=525%2C300&ssl=1 1.5x"},"classes":[]},{"id":11923,"url":"https:\/\/alpoma.net\/tecob\/?p=11923","url_meta":{"origin":934,"position":4},"title":"Manuel Aljarilla, del motor de hidr\u00f3geno al suero capilar Tit\u00e1n","author":"alpoma","date":"29 febrero 2016","format":false,"excerpt":"Versi\u00f3n para TecOb del art\u00edculo que publiqu\u00e9 en la revista Historia de Iberia Vieja, edici\u00f3n de febrero de 2016. Las experiencias del doctor V\u00f3ronoff le sugirieron la idea de emplear gl\u00e1ndulas capilares de animales para fortalecer el bulbo capilar y acabar con los calvos. (\u2026) Lo m\u00e1s interesante de la\u2026","rel":"","context":"En \u00abMade in Spain\u00bb","block_context":{"text":"Made in Spain","link":"https:\/\/alpoma.net\/tecob\/?cat=10"},"img":{"alt_text":"","src":"https:\/\/i0.wp.com\/alpoma.net\/tecob\/wp-content\/uploads\/2016\/02\/Manuel_Aljarilla.jpg?resize=350%2C200&ssl=1","width":350,"height":200,"srcset":"https:\/\/i0.wp.com\/alpoma.net\/tecob\/wp-content\/uploads\/2016\/02\/Manuel_Aljarilla.jpg?resize=350%2C200&ssl=1 1x, https:\/\/i0.wp.com\/alpoma.net\/tecob\/wp-content\/uploads\/2016\/02\/Manuel_Aljarilla.jpg?resize=525%2C300&ssl=1 1.5x"},"classes":[]},{"id":10202,"url":"https:\/\/alpoma.net\/tecob\/?p=10202","url_meta":{"origin":934,"position":5},"title":"Un adelanto de lo que ser\u00e1 mi libro \u00abMade in Spain: Cuando invent\u00e1bamos nosotros\u00bb","author":"alpoma","date":"10 noviembre 2014","format":false,"excerpt":"Si no hay contratiempos, antes de que termine este a\u00f1o 2014 ver\u00e1 la luz mi nuevo libro (adem\u00e1s de la ya presentada edici\u00f3n en papel de la novela El viaje de Argos). A lo largo de la \u00faltima d\u00e9cada he publicado en diversos medios, sobre todo en la revista Historia\u2026","rel":"","context":"En \u00abMade in Spain\u00bb","block_context":{"text":"Made in Spain","link":"https:\/\/alpoma.net\/tecob\/?cat=10"},"img":{"alt_text":"","src":"https:\/\/i0.wp.com\/alpoma.net\/tecob\/wp-content\/uploads\/2014\/11\/barreiros-300x2771.png?resize=350%2C200&ssl=1","width":350,"height":200},"classes":[]}],"jetpack_sharing_enabled":true,"_links":{"self":[{"href":"https:\/\/alpoma.net\/tecob\/index.php?rest_route=\/wp\/v2\/posts\/934","targetHints":{"allow":["GET"]}}],"collection":[{"href":"https:\/\/alpoma.net\/tecob\/index.php?rest_route=\/wp\/v2\/posts"}],"about":[{"href":"https:\/\/alpoma.net\/tecob\/index.php?rest_route=\/wp\/v2\/types\/post"}],"author":[{"embeddable":true,"href":"https:\/\/alpoma.net\/tecob\/index.php?rest_route=\/wp\/v2\/users\/1"}],"replies":[{"embeddable":true,"href":"https:\/\/alpoma.net\/tecob\/index.php?rest_route=%2Fwp%2Fv2%2Fcomments&post=934"}],"version-history":[{"count":0,"href":"https:\/\/alpoma.net\/tecob\/index.php?rest_route=\/wp\/v2\/posts\/934\/revisions"}],"wp:featuredmedia":[{"embeddable":true,"href":"https:\/\/alpoma.net\/tecob\/index.php?rest_route=\/wp\/v2\/media\/10675"}],"wp:attachment":[{"href":"https:\/\/alpoma.net\/tecob\/index.php?rest_route=%2Fwp%2Fv2%2Fmedia&parent=934"}],"wp:term":[{"taxonomy":"category","embeddable":true,"href":"https:\/\/alpoma.net\/tecob\/index.php?rest_route=%2Fwp%2Fv2%2Fcategories&post=934"},{"taxonomy":"post_tag","embeddable":true,"href":"https:\/\/alpoma.net\/tecob\/index.php?rest_route=%2Fwp%2Fv2%2Ftags&post=934"}],"curies":[{"name":"wp","href":"https:\/\/api.w.org\/{rel}","templated":true}]}}