{"id":9118,"date":"2014-06-27T00:14:25","date_gmt":"2014-06-26T22:14:25","guid":{"rendered":"http:\/\/www.alpoma.net\/tecob\/?p=9118"},"modified":"2014-06-27T00:14:25","modified_gmt":"2014-06-26T22:14:25","slug":"la-isla-de-las-maravillas","status":"publish","type":"post","link":"https:\/\/alpoma.net\/tecob\/?p=9118","title":{"rendered":"\u00bfLa isla de las maravillas?"},"content":{"rendered":"<p>Esto que hoy visita <em>TecOb<\/em> se aparta un poco de lo habitual. <strong>Necesito la ayuda de los lectores porque no he logrado encontrar la fuente primaria<\/strong>. En el n\u00famero 133 de la revista <em>Algo<\/em>, publicada en Barcelona en <strong>14 de noviembre de 1931<\/strong>, aparece un curioso art\u00edculo titulado <strong>\u00abLa isla de las maravillas t\u00e9cnicas\u00bb<\/strong>. Se trata de una narraci\u00f3n muy curiosa, <strong>a todas luces ficticia<\/strong>, que muestra cierta isla del B\u00e1ltico en la que se habr\u00edan refugiado una serie de cient\u00edficos geniales capaces de crear m\u00e1quinas imposibles <strong>(pincha en la imagen para ampliar)<\/strong>&#8230;<\/p>\n<p><a href=\"http:\/\/www.alpoma.net\/tecob\/wp-content\/uploads\/2014\/06\/isla_maravillas_ficcion1931.jpg\"><img decoding=\"async\" src=\"http:\/\/www.alpoma.net\/tecob\/wp-content\/uploads\/2014\/06\/isla_maravillas_ficcion1931-703x1024.jpg\" alt=\"isla_maravillas_ficcion1931\" width=\"620\" class=\"otros\" \/><\/a><\/p>\n<p>Aunque se pretende presentar como algo ver\u00eddico, est\u00e1 claro que <strong>est\u00e1 en la l\u00ednea de las narraciones de fantas\u00eda cient\u00edfica de la \u00e9poca<\/strong>. Adem\u00e1s, en la revista <em>Algo<\/em> casi todo el material, tanto gr\u00e1fico como los textos, proced\u00eda de traducciones y recortes de prensa europea y americana. La historia tiene su atractivo y<strong> me gustar\u00eda conocer la fuente original<\/strong>, posiblemente alg\u00fan art\u00edculo de revista de ciencia ficci\u00f3n norteamericana o similar, pero no dado con ello. <strong>\u00bfAlguien tiene idea de d\u00f3nde pudo surgir este art\u00edculo? <\/strong><\/p>\n","protected":false},"excerpt":{"rendered":"<div class=\"mh-excerpt\"><p>Esto que hoy visita TecOb se aparta un poco de lo habitual. Necesito la ayuda de los lectores porque no he logrado encontrar la fuente primaria. En el n\u00famero 133 <a class=\"mh-excerpt-more\" href=\"https:\/\/alpoma.net\/tecob\/?p=9118\" title=\"\u00bfLa isla de las maravillas?\">[&#8230;]<\/a><\/p>\n<\/div>","protected":false},"author":1,"featured_media":10385,"comment_status":"open","ping_status":"open","sticky":false,"template":"","format":"standard","meta":{"jetpack_post_was_ever_published":false,"_jetpack_newsletter_access":"","_jetpack_dont_email_post_to_subs":false,"_jetpack_newsletter_tier_id":0,"_jetpack_memberships_contains_paywalled_content":false,"_jetpack_memberships_contains_paid_content":false,"footnotes":""},"categories":[3],"tags":[],"class_list":["post-9118","post","type-post","status-publish","format-standard","has-post-thumbnail","hentry","category-obsolescencia"],"jetpack_featured_media_url":"https:\/\/alpoma.net\/tecob\/wp-content\/uploads\/2014\/06\/isla_maravillas_ficcion1931-703x10241.jpg","jetpack_shortlink":"https:\/\/wp.me\/p93Dc1-2n4","jetpack-related-posts":[{"id":385,"url":"https:\/\/alpoma.net\/tecob\/?p=385","url_meta":{"origin":9118,"position":0},"title":"Ciudades en los cielos","author":"alpoma","date":"8 marzo 2006","format":false,"excerpt":"Durante gran parte del siglo XX muchos visionarios so\u00f1aron con ciudades en las nubes, o mejor, grandes urbes en lejanos planetas, lunas, en \u00f3rbita terrestra o en el interior de asteroides. Era la \u00e9poca en que, por supuesto, se so\u00f1aba con un siglo XXI plagado de maravillas t\u00e9cnicas. En plena\u2026","rel":"","context":"En \u00abGeo\u00bb","block_context":{"text":"Geo","link":"https:\/\/alpoma.net\/tecob\/?cat=5"},"img":{"alt_text":"","src":"https:\/\/i0.wp.com\/alpoma.net\/tecob\/wp-content\/uploads\/2006\/03\/109739499_ef5c54cba6_o.jpg?resize=350%2C200&ssl=1","width":350,"height":200},"classes":[]},{"id":7049,"url":"https:\/\/alpoma.net\/tecob\/?p=7049","url_meta":{"origin":9118,"position":1},"title":"La isla sin colores","author":"alpoma","date":"15 agosto 2012","format":false,"excerpt":"El tema surgi\u00f3 de repente a principios del verano, en una sobremesa vallisoletana de boca de Carlos Canales, frente a una t\u00f3nica azulada y con el sol amenazando con comerse la sombra en la que nos encontr\u00e1bamos. Se trata de algo bastante conocido entre los genetistas y muy utilizado en\u2026","rel":"","context":"En \u00abGeo\u00bb","block_context":{"text":"Geo","link":"https:\/\/alpoma.net\/tecob\/?cat=5"},"img":{"alt_text":"","src":"","width":0,"height":0},"classes":[]},{"id":5975,"url":"https:\/\/alpoma.net\/tecob\/?p=5975","url_meta":{"origin":9118,"position":2},"title":"Las piedras-moneda de Yap","author":"alpoma","date":"8 enero 2012","format":false,"excerpt":"No s\u00f3lo los Picapiedra empleaban moneda de piedra, en el mundo real diversas culturas a lo largo de la historia han utilizado elementos de piedra a modo de moneda de cambio pero, sin duda, uno de los casos m\u00e1s singulares es el de la isla de Yap o, mejor dicho,\u2026","rel":"","context":"En \u00abGeo\u00bb","block_context":{"text":"Geo","link":"https:\/\/alpoma.net\/tecob\/?cat=5"},"img":{"alt_text":"","src":"https:\/\/i0.wp.com\/alpoma.net\/tecob\/wp-content\/uploads\/2012\/01\/6659930581_cac9026562_o.jpg?resize=350%2C200&ssl=1","width":350,"height":200,"srcset":"https:\/\/i0.wp.com\/alpoma.net\/tecob\/wp-content\/uploads\/2012\/01\/6659930581_cac9026562_o.jpg?resize=350%2C200&ssl=1 1x, https:\/\/i0.wp.com\/alpoma.net\/tecob\/wp-content\/uploads\/2012\/01\/6659930581_cac9026562_o.jpg?resize=525%2C300&ssl=1 1.5x"},"classes":[]},{"id":768,"url":"https:\/\/alpoma.net\/tecob\/?p=768","url_meta":{"origin":9118,"position":3},"title":"El grito de la Tierra","author":"alpoma","date":"30 agosto 2007","format":false,"excerpt":"La gran isla humeante llevaba varios meses respirando con dificultad, lanzando al aire una pestilente mezcla de gases y cenizas. De vez en cuando, aumentaba la intensidad de sus estertores acompa\u00f1ados por la emisi\u00f3n de ardiente lava para, pasado un tiempo, volver a la quietud. Nada parec\u00eda diferente aquel d\u00eda\u2026","rel":"","context":"En \u00abClima\u00bb","block_context":{"text":"Clima","link":"https:\/\/alpoma.net\/tecob\/?cat=8"},"img":{"alt_text":"","src":"","width":0,"height":0},"classes":[]},{"id":4883,"url":"https:\/\/alpoma.net\/tecob\/?p=4883","url_meta":{"origin":9118,"position":4},"title":"Gonz\u00e1lez de Haedo y la isla de Pascua","author":"alpoma","date":"3 junio 2011","format":false,"excerpt":"Versi\u00f3n reducida del art\u00edculo que publiqu\u00e9 en la revista Historia de Iberia Vieja, n\u00famero 72 de junio de 2011. La Rep\u00fablica de Chile ha resuelto anexionarse la isla Pascua, situada en el Oc\u00e9ano Pac\u00edfico austral (...) Hemos o\u00eddo que nuestro Gobierno intentaba algunas reclamaciones, sin duda porque de esta isla,\u2026","rel":"","context":"En \u00abMade in Spain\u00bb","block_context":{"text":"Made in Spain","link":"https:\/\/alpoma.net\/tecob\/?cat=10"},"img":{"alt_text":"pascua","src":"https:\/\/i0.wp.com\/farm4.static.flickr.com\/3302\/5793046155_20d4ff836b_m.jpg?resize=350%2C200","width":350,"height":200},"classes":[]},{"id":49,"url":"https:\/\/alpoma.net\/tecob\/?p=49","url_meta":{"origin":9118,"position":5},"title":"La Palma, el tsunami y el inventor ingl\u00e9s","author":"alpoma","date":"7 octubre 2005","format":false,"excerpt":"Fernando, de la Taberna del Turco, rese\u00f1\u00f3 hoy un tema del que se est\u00e1 hablando bastante en los \u00faltimos meses, la posibilidad de que se origine un aterrador megatsunami en la isla de La Palma, en las Canarias: ...resulta que la \u00faltima erupci\u00f3n del volc\u00e1n Cumbre Vieja de dicha isla\u2026","rel":"","context":"En \u00abGeo\u00bb","block_context":{"text":"Geo","link":"https:\/\/alpoma.net\/tecob\/?cat=5"},"img":{"alt_text":"","src":"https:\/\/i0.wp.com\/alpoma.net\/tecob\/wp-content\/uploads\/2005\/10\/rgvwq.png?resize=350%2C200&ssl=1","width":350,"height":200,"srcset":"https:\/\/i0.wp.com\/alpoma.net\/tecob\/wp-content\/uploads\/2005\/10\/rgvwq.png?resize=350%2C200&ssl=1 1x, https:\/\/i0.wp.com\/alpoma.net\/tecob\/wp-content\/uploads\/2005\/10\/rgvwq.png?resize=525%2C300&ssl=1 1.5x, https:\/\/i0.wp.com\/alpoma.net\/tecob\/wp-content\/uploads\/2005\/10\/rgvwq.png?resize=700%2C400&ssl=1 2x"},"classes":[]}],"jetpack_sharing_enabled":true,"_links":{"self":[{"href":"https:\/\/alpoma.net\/tecob\/index.php?rest_route=\/wp\/v2\/posts\/9118","targetHints":{"allow":["GET"]}}],"collection":[{"href":"https:\/\/alpoma.net\/tecob\/index.php?rest_route=\/wp\/v2\/posts"}],"about":[{"href":"https:\/\/alpoma.net\/tecob\/index.php?rest_route=\/wp\/v2\/types\/post"}],"author":[{"embeddable":true,"href":"https:\/\/alpoma.net\/tecob\/index.php?rest_route=\/wp\/v2\/users\/1"}],"replies":[{"embeddable":true,"href":"https:\/\/alpoma.net\/tecob\/index.php?rest_route=%2Fwp%2Fv2%2Fcomments&post=9118"}],"version-history":[{"count":0,"href":"https:\/\/alpoma.net\/tecob\/index.php?rest_route=\/wp\/v2\/posts\/9118\/revisions"}],"wp:featuredmedia":[{"embeddable":true,"href":"https:\/\/alpoma.net\/tecob\/index.php?rest_route=\/wp\/v2\/media\/10385"}],"wp:attachment":[{"href":"https:\/\/alpoma.net\/tecob\/index.php?rest_route=%2Fwp%2Fv2%2Fmedia&parent=9118"}],"wp:term":[{"taxonomy":"category","embeddable":true,"href":"https:\/\/alpoma.net\/tecob\/index.php?rest_route=%2Fwp%2Fv2%2Fcategories&post=9118"},{"taxonomy":"post_tag","embeddable":true,"href":"https:\/\/alpoma.net\/tecob\/index.php?rest_route=%2Fwp%2Fv2%2Ftags&post=9118"}],"curies":[{"name":"wp","href":"https:\/\/api.w.org\/{rel}","templated":true}]}}