{"id":9102,"date":"2014-06-17T23:17:03","date_gmt":"2014-06-17T21:17:03","guid":{"rendered":"http:\/\/www.alpoma.net\/tecob\/?p=9102"},"modified":"2014-06-17T23:17:03","modified_gmt":"2014-06-17T21:17:03","slug":"un-pterodactilo-del-siglo-xx","status":"publish","type":"post","link":"https:\/\/alpoma.net\/tecob\/?p=9102","title":{"rendered":"Un pterod\u00e1ctilo del siglo XX"},"content":{"rendered":"<p><img loading=\"lazy\" decoding=\"async\" src=\"http:\/\/www.alpoma.net\/tecob\/wp-content\/uploads\/2014\/06\/hill_pterodactyl_1a-300x129.jpg\" alt=\"hill_pterodactyl_1a\" width=\"300\" height=\"129\" class=\"dch\" \/>Desde que a finales del siglo XVIII fuera descrito el primer f\u00f3sil de <em><a href=\"http:\/\/es.wikipedia.org\/wiki\/Pterodactylus\">pterod\u00e1ctilo<\/a><\/em>, la popularidad de ese tipo de dinosaurio volador no dej\u00f3 de crecer. Puede que fuera por eso que, buscando inspiraci\u00f3n a la hora de encontrar un nuevo tipo de avi\u00f3n m\u00e1s seguro que los convencionales, se terminara bautizando as\u00ed al avi\u00f3n que hoy nos visita que, adem\u00e1s, recuerda a lo lejos uno de esos animales prehist\u00f3ricos. Se trata del <strong><a href=\"http:\/\/books.google.es\/books?id=veQDAAAAMBAJ&#038;pg=PA364&#038;dq=Popular+Mechanics+1931+curtiss&#038;hl=en&#038;ei=4Gv7TLLNJ8XBnge1nLXGCg&#038;sa=X&#038;oi=book_result&#038;ct=result&#038;redir_esc=y#v=onepage&#038;q=Popular%20Mechanics%201931%20curtiss&#038;f=false\">Westland-Hill Pterodactyl<\/a><\/strong>, un tipo de <strong>ala volante<\/strong> que cobr\u00f3 vida a lo largo de diversos modelos en los a\u00f1os veinte y treinta del pasado siglo. Algunos de los modelos m\u00e1s perfeccionados fueron construidos por la empresa brit\u00e1nica <strong>Westland Aircraft<\/strong>, pero todos ellos fueron dise\u00f1ados por el ingeniero <strong><a href=\"http:\/\/en.wikipedia.org\/wiki\/Geoffrey_T._R._Hill\">Geoffrey Terence Roland Hill<\/a><\/strong>.<\/p>\n<p><a href=\"http:\/\/www.alpoma.net\/tecob\/wp-content\/uploads\/2014\/06\/modelos_1928.jpg\"><img loading=\"lazy\" decoding=\"async\" src=\"http:\/\/www.alpoma.net\/tecob\/wp-content\/uploads\/2014\/06\/modelos_1928.jpg\" alt=\"modelos_1928\" width=\"620\" height=\"395\" class=\"otros\" \/><\/a><br \/>\nVarios modelos del Westland-Hill Pterodactyl (1928). <a href=\"http:\/\/en.wikipedia.org\/wiki\/Westland-Hill_Pterodactyl\">Fuente<\/a>.<\/p>\n<p><img loading=\"lazy\" decoding=\"async\" src=\"http:\/\/www.alpoma.net\/tecob\/wp-content\/uploads\/2014\/06\/pterodactilo_1931.jpg\" alt=\"pterodactilo_1931\" width=\"300\" height=\"277\" class=\"izda\" \/> Llegaron a desarrollarse hasta <strong>ocho modelos diferentes<\/strong>. El dise\u00f1o original estaba <strong>inspirado en la forma de las gaviotas<\/strong> y el objetivo de esta curiosa forma se centraba en la seguridad, sobre todo en evitar la entrada en p\u00e9rdida en caso de parada del motor. Este <strong>avi\u00f3n sin cola y con alerones m\u00f3viles en los extremos de las alas<\/strong> vol\u00f3 inicialmente como <strong>planeador en 1926<\/strong>, siendo equipado con un motor de peque\u00f1a potencia en su siguiente versi\u00f3n. A partir de esos primitivos ensayos la Westland tom\u00f3 el tim\u00f3n del proyecto. El modelo de 1931 ya permit\u00eda transportar a tres personas y en 1932 se present\u00f3 una \u00e1gil versi\u00f3n militar que, a pesar de mostrar algunas cualidades interesantes, no prosper\u00f3 (<a href=\"http:\/\/youtu.be\/5W1pmqLHYm4\">v\u00eddeo del Westland-Hill Pterodactyl Mk. IA<\/a>).<\/p>\n<p><iframe loading=\"lazy\" width=\"620\" height=\"465\" src=\"\/\/www.youtube.com\/embed\/5W1pmqLHYm4\" frameborder=\"0\" allowfullscreen><\/iframe><\/p>\n<p>_______________<br \/>\n<strong>Imagen de cabecera<\/strong>: Westland-Hill Pterodactyl 1A de 1925. <a href=\"http:\/\/www.ctie.monash.edu.au\/hargrave\/vffs_gallery_nov12_03.html\">Fuente<\/a>.<br \/>\n<strong>Imagen inferior<\/strong>: <em>El Inventor<\/em>, n\u00famero 6, 1931. Biblioteca Nacional.<\/p>\n","protected":false},"excerpt":{"rendered":"<div class=\"mh-excerpt\"><p>Desde que a finales del siglo XVIII fuera descrito el primer f\u00f3sil de pterod\u00e1ctilo, la popularidad de ese tipo de dinosaurio volador no dej\u00f3 de crecer. Puede que fuera por <a class=\"mh-excerpt-more\" href=\"https:\/\/alpoma.net\/tecob\/?p=9102\" title=\"Un pterod\u00e1ctilo del siglo XX\">[&#8230;]<\/a><\/p>\n<\/div>","protected":false},"author":1,"featured_media":9114,"comment_status":"open","ping_status":"open","sticky":false,"template":"","format":"standard","meta":{"jetpack_post_was_ever_published":false,"_jetpack_newsletter_access":"","_jetpack_dont_email_post_to_subs":false,"_jetpack_newsletter_tier_id":0,"_jetpack_memberships_contains_paywalled_content":false,"_jetpack_memberships_contains_paid_content":false,"footnotes":""},"categories":[3],"tags":[],"class_list":["post-9102","post","type-post","status-publish","format-standard","has-post-thumbnail","hentry","category-obsolescencia"],"jetpack_featured_media_url":"https:\/\/alpoma.net\/tecob\/wp-content\/uploads\/2014\/06\/modelos_1928.jpg","jetpack_shortlink":"https:\/\/wp.me\/p93Dc1-2mO","jetpack-related-posts":[{"id":4051,"url":"https:\/\/alpoma.net\/tecob\/?p=4051","url_meta":{"origin":9102,"position":0},"title":"Un siglo del primer aterrizaje en un portaaviones","author":"alpoma","date":"18 enero 2011","format":false,"excerpt":"Posiblemente sea un poco exagerado, porque no era un portaaviones como tal, pero no creo que ese detalle importe mucho porque la aventura en s\u00ed fue lo suficientemente osada como para haber pasado a la historia como el punto de partida de la aviaci\u00f3n naval. Eugene Burton Ely, junto a\u2026","rel":"","context":"En \u00abObsolescencia\u00bb","block_context":{"text":"Obsolescencia","link":"https:\/\/alpoma.net\/tecob\/?cat=3"},"img":{"alt_text":"","src":"https:\/\/i0.wp.com\/alpoma.net\/tecob\/wp-content\/uploads\/2011\/01\/5367204035_94b11cb33c_o.jpg?resize=350%2C200&ssl=1","width":350,"height":200,"srcset":"https:\/\/i0.wp.com\/alpoma.net\/tecob\/wp-content\/uploads\/2011\/01\/5367204035_94b11cb33c_o.jpg?resize=350%2C200&ssl=1 1x, https:\/\/i0.wp.com\/alpoma.net\/tecob\/wp-content\/uploads\/2011\/01\/5367204035_94b11cb33c_o.jpg?resize=525%2C300&ssl=1 1.5x"},"classes":[]},{"id":1137,"url":"https:\/\/alpoma.net\/tecob\/?p=1137","url_meta":{"origin":9102,"position":1},"title":"La chica halc\u00f3n","author":"alpoma","date":"28 mayo 2009","format":false,"excerpt":"Con este apodo, junto con el de la flecha humana, fue conocida H\u00e9l\u00e8ne Dutrieu y no faltaron razones para ello. El 26 de junio de 1961 fallec\u00eda en Par\u00eds esta aventurera sin igual, a la edad de 83 a\u00f1os. \u00bfPor qu\u00e9 afirmo que se trat\u00f3 de un personaje \u00fanico? Muy\u2026","rel":"","context":"En \u00abObsolescencia\u00bb","block_context":{"text":"Obsolescencia","link":"https:\/\/alpoma.net\/tecob\/?cat=3"},"img":{"alt_text":"","src":"","width":0,"height":0},"classes":[]},{"id":1003,"url":"https:\/\/alpoma.net\/tecob\/?p=1003","url_meta":{"origin":9102,"position":2},"title":"El intr\u00e9pido Fritz von Opel","author":"alpoma","date":"28 septiembre 2008","format":false,"excerpt":"En el suplemento dedicado al mundo del motor que aparece con el peri\u00f3dico elEconomista los s\u00e1bados, y que lleva por nombre EcoMotor, encontr\u00e9 ayer la historia de un aventurero del que apenas hab\u00eda o\u00eddo hablar. Hace tiempo que le\u00ed algo sobre Fritz von Opel, nieto de Adam Opel, que a\u2026","rel":"","context":"En \u00abObsolescencia\u00bb","block_context":{"text":"Obsolescencia","link":"https:\/\/alpoma.net\/tecob\/?cat=3"},"img":{"alt_text":"","src":"https:\/\/i0.wp.com\/alpoma.net\/tecob\/wp-content\/uploads\/2008\/09\/2896561998_7ed8a9fd93_o.jpg?resize=350%2C200&ssl=1","width":350,"height":200,"srcset":"https:\/\/i0.wp.com\/alpoma.net\/tecob\/wp-content\/uploads\/2008\/09\/2896561998_7ed8a9fd93_o.jpg?resize=350%2C200&ssl=1 1x, https:\/\/i0.wp.com\/alpoma.net\/tecob\/wp-content\/uploads\/2008\/09\/2896561998_7ed8a9fd93_o.jpg?resize=525%2C300&ssl=1 1.5x"},"classes":[]},{"id":1170,"url":"https:\/\/alpoma.net\/tecob\/?p=1170","url_meta":{"origin":9102,"position":3},"title":"Edgley Optica, mi avi\u00f3n favorito","author":"alpoma","date":"10 julio 2009","format":false,"excerpt":"Fruto de una banal conversaci\u00f3n de mantel, sobre historia de la aeron\u00e1utica, ca\u00ed en la cuenta de que mi avi\u00f3n favorito de todos los tiempos no es un caza, ni un gran avi\u00f3n de pasajeros, ni tan siquiera uno de los pioneros de principios del siglo XX. Reconozco que \u00fanicamente\u2026","rel":"","context":"En \u00abObsolescencia\u00bb","block_context":{"text":"Obsolescencia","link":"https:\/\/alpoma.net\/tecob\/?cat=3"},"img":{"alt_text":"","src":"https:\/\/i0.wp.com\/alpoma.net\/tecob\/wp-content\/uploads\/2009\/07\/3706993300_a1bb6e8cb0_o.jpg?resize=350%2C200&ssl=1","width":350,"height":200,"srcset":"https:\/\/i0.wp.com\/alpoma.net\/tecob\/wp-content\/uploads\/2009\/07\/3706993300_a1bb6e8cb0_o.jpg?resize=350%2C200&ssl=1 1x, https:\/\/i0.wp.com\/alpoma.net\/tecob\/wp-content\/uploads\/2009\/07\/3706993300_a1bb6e8cb0_o.jpg?resize=525%2C300&ssl=1 1.5x"},"classes":[]},{"id":831,"url":"https:\/\/alpoma.net\/tecob\/?p=831","url_meta":{"origin":9102,"position":4},"title":"M\u00e1ximo Gorki, monstruo del aire","author":"alpoma","date":"5 febrero 2008","format":false,"excerpt":"Aleksei Maksimovich Peshkov, conocido como M\u00e1ximo Gorki, fue un escritor sovi\u00e9tico de principios del siglo XX que tuvo gran predicamento entre los gerifaltes de la Revoluci\u00f3n. Pero aqu\u00ed, en TecOb, lo que interesa es prestar atenci\u00f3n a otro M\u00e1ximo Gorki, una m\u00e1quina asombrosa. El Tupolev ANT-20 M\u00e1ximo Gorki, bautizado de\u2026","rel":"","context":"En \u00abObsolescencia\u00bb","block_context":{"text":"Obsolescencia","link":"https:\/\/alpoma.net\/tecob\/?cat=3"},"img":{"alt_text":"","src":"","width":0,"height":0},"classes":[]},{"id":5462,"url":"https:\/\/alpoma.net\/tecob\/?p=5462","url_meta":{"origin":9102,"position":5},"title":"Focke-Wulf F19, el avi\u00f3n \u00abpato\u00bb","author":"alpoma","date":"14 octubre 2011","format":false,"excerpt":"No veo que se parezca mucho a un pato (v\u00e9ase este comentario a prop\u00f3sito de la traducci\u00f3n del franc\u00e9s canard), pero en la prensa espa\u00f1ola de la \u00e9poca hubo quien compar\u00f3 al avi\u00f3n experimental Focke-Wulf F19 con ese tipo de aves y siendo su estampa tan extra\u00f1a, tiene hueco asegurado\u2026","rel":"","context":"En \u00abObsolescencia\u00bb","block_context":{"text":"Obsolescencia","link":"https:\/\/alpoma.net\/tecob\/?cat=3"},"img":{"alt_text":"","src":"https:\/\/i0.wp.com\/alpoma.net\/tecob\/wp-content\/uploads\/2011\/10\/6242027006_7db90670a5_o.jpg?resize=350%2C200&ssl=1","width":350,"height":200,"srcset":"https:\/\/i0.wp.com\/alpoma.net\/tecob\/wp-content\/uploads\/2011\/10\/6242027006_7db90670a5_o.jpg?resize=350%2C200&ssl=1 1x, https:\/\/i0.wp.com\/alpoma.net\/tecob\/wp-content\/uploads\/2011\/10\/6242027006_7db90670a5_o.jpg?resize=525%2C300&ssl=1 1.5x"},"classes":[]}],"jetpack_sharing_enabled":true,"_links":{"self":[{"href":"https:\/\/alpoma.net\/tecob\/index.php?rest_route=\/wp\/v2\/posts\/9102","targetHints":{"allow":["GET"]}}],"collection":[{"href":"https:\/\/alpoma.net\/tecob\/index.php?rest_route=\/wp\/v2\/posts"}],"about":[{"href":"https:\/\/alpoma.net\/tecob\/index.php?rest_route=\/wp\/v2\/types\/post"}],"author":[{"embeddable":true,"href":"https:\/\/alpoma.net\/tecob\/index.php?rest_route=\/wp\/v2\/users\/1"}],"replies":[{"embeddable":true,"href":"https:\/\/alpoma.net\/tecob\/index.php?rest_route=%2Fwp%2Fv2%2Fcomments&post=9102"}],"version-history":[{"count":0,"href":"https:\/\/alpoma.net\/tecob\/index.php?rest_route=\/wp\/v2\/posts\/9102\/revisions"}],"wp:featuredmedia":[{"embeddable":true,"href":"https:\/\/alpoma.net\/tecob\/index.php?rest_route=\/wp\/v2\/media\/9114"}],"wp:attachment":[{"href":"https:\/\/alpoma.net\/tecob\/index.php?rest_route=%2Fwp%2Fv2%2Fmedia&parent=9102"}],"wp:term":[{"taxonomy":"category","embeddable":true,"href":"https:\/\/alpoma.net\/tecob\/index.php?rest_route=%2Fwp%2Fv2%2Fcategories&post=9102"},{"taxonomy":"post_tag","embeddable":true,"href":"https:\/\/alpoma.net\/tecob\/index.php?rest_route=%2Fwp%2Fv2%2Ftags&post=9102"}],"curies":[{"name":"wp","href":"https:\/\/api.w.org\/{rel}","templated":true}]}}