{"id":9073,"date":"2014-06-04T20:15:34","date_gmt":"2014-06-04T18:15:34","guid":{"rendered":"http:\/\/www.alpoma.net\/tecob\/?p=9073"},"modified":"2014-06-04T20:15:34","modified_gmt":"2014-06-04T18:15:34","slug":"la-aurora-boreal-que-visito-valencia-en-1764","status":"publish","type":"post","link":"https:\/\/alpoma.net\/tecob\/?p=9073","title":{"rendered":"La aurora boreal que visit\u00f3 Valencia en 1764"},"content":{"rendered":"<p>Cr\u00f3nicas sobre <strong>fen\u00f3menos atmosf\u00e9ricos curiosos<\/strong> se recogen muchas a lo largo de los siglos y son documentos de gran inter\u00e9s a la hora de realizar estudios paleoclim\u00e1ticos o astron\u00f3micos. He aqu\u00ed un ejemplo muy interesante, se trata de un documento que lleva un t\u00edtulo muy descriptivo: <strong><em>Aurora boreal observada en Valencia en la noche del dia cinco de marzo de este presente a\u00f1o 1764 por el Dr. Manuel Rosell prebitero<\/em><\/strong><sup>1<\/sup>.<\/p>\n<p><a href=\"http:\/\/www.alpoma.net\/tecob\/wp-content\/uploads\/2014\/06\/aurora_sobre_valencia.jpg\"><img decoding=\"async\" src=\"http:\/\/www.alpoma.net\/tecob\/wp-content\/uploads\/2014\/06\/aurora_sobre_valencia.jpg\" alt=\"aurora_sobre_valencia\" width=\"620\" class=\"otros\" \/><\/a><\/p>\n<p>El autor del texto, en el que aparece la <strong>ilustraci\u00f3n <\/strong>que acompa\u00f1a estas letras, describe con detalle lo que para la ciudad de Valencia (y para casi toda la pen\u00ednsula) fue un hecho asombroso:<\/p>\n<blockquote><p><em>A poco mas de las ocho y media (esta es la hora en que primeramente lo advert\u00ec, pero otras personas me han asegurado que lo vieron \u00e0 poco despues de las 7), en la noche del d\u00eda 5 de Marzo observ\u00e8, que estando el Cielo sereno, y estrellado, sin que se viera nube alguna por todo el horizonte, y puestos debaxo de \u00e8l la Luna, y el Sol, y acabado su crepusculo, [&#8230;] observ\u00e8 una parte del emisferio boreal iluminada de una luz blanquecina, que en sus extremos amarilleaba algo mas [&#8230;] La figura, que representaba la iluminacion, era de un segmento de circulo, cuya cuerda era una parte del horizonte boreal, y la circunferencia el arco luminoso que terminaba en sus extremos; de \u00e8stos el oriental estaba en el grado 44. de norte \u00e0 levante; y el occidental en el grado 68. de norte \u00e0 poniente [&#8230;] de que se sigue, que su medio estaba \u00e0 12. grados de norte \u00e0 poniente, \u00f2 en la quarta de norte al ovest en donde tenia su mayor altura, que era de 20 grados [&#8230;] Para que todo esto se vea con claridad, y se pueda formar idea de lo sucedido, sirve la primera figura [&#8230;] Esta era la disposicion, y figura del meteoro \u00e0 la hora sobredicha; pero no persever\u00f2 mucho tiempo en ella, antes bien, en el espacio, que v\u00e0 hasta los tres quartos para las diez, y en adelante, se le observaron varios movimientos, que aunque muy lentos, se hacian sensibles, por variar de algun modo de sitio [&#8230;] figura dos [&#8230;] A los tres quartos para las 10. se observ\u00f2, que repentinamente atenuando un poco su luz, arroj\u00f2 rayos desde el horizonte \u00e0zia el cenith, en la parte que correspondia \u00e0 el norte [&#8230;] figura 3. A las 10 y quarto, amortiguandose por la parte de levante, arroj\u00f2 por ella misma rayos semejantes \u00e0 los primeros en la figura, pero diferentes en la calidad; pues estos eran rojos, \u00f2 de color de fuego, como se ven en la figura 4. A las 11, reducido en su extension el segmento luminoso, arroj\u00f2 rayos de luz por todas partes; pero mas desmayados que los primeros. A las 12 ya havia descaecido mucho la luz del meteoro; pues solo se advertia un albor casi cubierto de nubes, como se v\u00e8 en la figura 5. hasta que \u00e0 la 1. ya dissipado todo el resplandor, solo ocupaban las nubes toda la area del segmento. esto es lo que observ\u00e8.<\/em><\/p><\/blockquote>\n<p>La obra es m\u00e1s extensa y puede consultarse siguiendo la referencia que he colocado al pie. La cita es una selecci\u00f3n de ese a\u00f1ejo texto tal y como aparece en un interesante estudio sobre <strong>auroras boreales observadas en la Pen\u00ednsula Ib\u00e9rica en el siglo XVIII<\/strong><sup>2<\/sup>, que muestra c\u00f3mo el fen\u00f3meno no ha sido tan raro a lo largo de la historia como podr\u00eda pensarse. Cierto es que las auroras observadas en latitudes m\u00e1s bajas de lo habitual no son muy comunes pero, precisamente por su car\u00e1cter excepcional, constituyen el t\u00edpico ejemplo de <strong>fen\u00f3meno que ha sido registrado por escrito para dejar constancia de que algo raro sucedi\u00f3 tiempo atr\u00e1s<\/strong>. Se cuenta con registros de auroras observadas incluso en las Islas Canarias. La variaci\u00f3n en la aparici\u00f3n del fen\u00f3meno en nuestras latitudes est\u00e1 muy relacionado, como no pod\u00eda ser de otro modo, con los ciclos solares. Tomando de nuevo el estudio mencionado:<\/p>\n<blockquote><p><em>El XVIII es clave en la historia del conocimiento del fen\u00f3meno, pues en \u00e9l se inicia su investigaci\u00f3n cient\u00edfica, estimulada por la notable actividad auroral que tuvo lugar entre 1716 y 1790, intervalo al que preceden y suceden dos per\u00edodos de carencia conocidos como los m\u00ednimos de Maunder y de Dalton. De la observaci\u00f3n de la primera gran aurora despu\u00e9s de un largo per\u00edodo de carencia, el 7 de marzo de 1716, dedujo el astr\u00f3nomo Edmund Halley su relaci\u00f3n con el magnetismo (&#8230;) La aparici\u00f3n de luces del norte en el cielo peninsular con relativa frecuencia a lo largo del siglo XVIII, especialmente en su segunda mitad, fue seguida con inter\u00e9s por eruditos, cient\u00edficos y peri\u00f3dicos setecentistas, quienes se interrogaron constantemente sobre su origen, perplejos ante la diversidad de teor\u00edas que pretend\u00edan explicar el fen\u00f3meno.<\/em><\/p><\/blockquote>\n<p>________________________<br \/>\n<sup>1<\/sup> Puede consultarse el documento en <strong><a href=\"http:\/\/roderic.uv.es\/handle\/10550\/17611\">RODERIC<\/a><\/strong> \/ Universitat de Val\u00e8ncia, Servei de Biblioteques i Documentaci\u00f3. Tambi\u00e9n, se puede consultar y descargar desde la <strong><a href=\"http:\/\/bdh-rd.bne.es\/viewer.vm?id=0000075355&#038;page=1\">Biblioteca Nacional<\/a><\/strong>.<\/p>\n<p><sup>2<\/sup> V\u00e9ase: Aragon\u00e8s Valls, E.,  Ordaz Gargallo, J., 2010. <strong><a href=\"http:\/\/tmgb.museucienciesjournals.cat\/volum-17-2010-tmgb\/auroras-boreales-observadas-en-la-peninsula-iberica-baleares-y-canarias-durante-el-siglo-xviii\/?lang=es\">Auroras boreales observadas en la Pen\u00ednsula Ib\u00e9rica, Baleares y Canarias durante el siglo XVIII<\/a>.<\/strong>  Treballs del Museu de Geologia de Barcelona, 17: 45-110.<\/p>\n","protected":false},"excerpt":{"rendered":"<div class=\"mh-excerpt\"><p>Cr\u00f3nicas sobre fen\u00f3menos atmosf\u00e9ricos curiosos se recogen muchas a lo largo de los siglos y son documentos de gran inter\u00e9s a la hora de realizar estudios paleoclim\u00e1ticos o astron\u00f3micos. He <a class=\"mh-excerpt-more\" href=\"https:\/\/alpoma.net\/tecob\/?p=9073\" title=\"La aurora boreal que visit\u00f3 Valencia en 1764\">[&#8230;]<\/a><\/p>\n<\/div>","protected":false},"author":1,"featured_media":9076,"comment_status":"open","ping_status":"open","sticky":false,"template":"","format":"standard","meta":{"jetpack_post_was_ever_published":false,"_jetpack_newsletter_access":"","_jetpack_dont_email_post_to_subs":false,"_jetpack_newsletter_tier_id":0,"_jetpack_memberships_contains_paywalled_content":false,"_jetpack_memberships_contains_paid_content":false,"footnotes":""},"categories":[10],"tags":[],"class_list":["post-9073","post","type-post","status-publish","format-standard","has-post-thumbnail","hentry","category-made_in_spain"],"jetpack_featured_media_url":"https:\/\/alpoma.net\/tecob\/wp-content\/uploads\/2014\/06\/aurora_sobre_valencia.jpg","jetpack_shortlink":"https:\/\/wp.me\/p93Dc1-2ml","jetpack-related-posts":[{"id":10262,"url":"https:\/\/alpoma.net\/tecob\/?p=10262","url_meta":{"origin":9073,"position":0},"title":"Lo mejor de TecOb en 2014","author":"alpoma","date":"29 diciembre 2014","format":false,"excerpt":"En febrero de 2015 este blog, Tecnolog\u00eda Obsoleta, cumplir\u00e1 10 a\u00f1os. Tiempo habr\u00e1 entonces para alguna sorpresa. Mientras tanto, ahora que termina el 2014, toca recuperar los doce art\u00edculos aqu\u00ed publicados que, a mi entender, han sido los m\u00e1s sorprendentes. He aqu\u00ed lo mejor de este a\u00f1o que est\u00e1 a\u2026","rel":"","context":"En \u00abPersonal\u00bb","block_context":{"text":"Personal","link":"https:\/\/alpoma.net\/tecob\/?cat=2"},"img":{"alt_text":"","src":"https:\/\/i0.wp.com\/alpoma.net\/tecob\/wp-content\/uploads\/2014\/12\/felis-300x237.jpg?resize=350%2C200&ssl=1","width":350,"height":200},"classes":[]},{"id":1531,"url":"https:\/\/alpoma.net\/tecob\/?p=1531","url_meta":{"origin":9073,"position":1},"title":"El asesinato de la mujer perfecta","author":"alpoma","date":"4 noviembre 2009","format":false,"excerpt":"Versi\u00f3n reducida del art\u00edculo que publiqu\u00e9 en la edici\u00f3n de noviembre de 2009 de la revista Historia de Iberia Vieja. En la calle de Galileo, n\u00famero 57, viv\u00eda la escritora izquierdista Hildegart Rodr\u00edguez, en uni\u00f3n de su madre. Ayer de ma\u00f1ana a primera hora dicha se\u00f1ora orden\u00f3 a la sirvienta\u2026","rel":"","context":"En \u00abMade in Spain\u00bb","block_context":{"text":"Made in Spain","link":"https:\/\/alpoma.net\/tecob\/?cat=10"},"img":{"alt_text":"","src":"https:\/\/i0.wp.com\/alpoma.net\/tecob\/wp-content\/uploads\/2009\/11\/4074090343_41a8ebd4dd_o.jpg?resize=350%2C200&ssl=1","width":350,"height":200,"srcset":"https:\/\/i0.wp.com\/alpoma.net\/tecob\/wp-content\/uploads\/2009\/11\/4074090343_41a8ebd4dd_o.jpg?resize=350%2C200&ssl=1 1x, https:\/\/i0.wp.com\/alpoma.net\/tecob\/wp-content\/uploads\/2009\/11\/4074090343_41a8ebd4dd_o.jpg?resize=525%2C300&ssl=1 1.5x"},"classes":[]},{"id":2781,"url":"https:\/\/alpoma.net\/tecob\/?p=2781","url_meta":{"origin":9073,"position":2},"title":"Orfila y los catedr\u00e1ticos","author":"alpoma","date":"25 mayo 2010","format":false,"excerpt":"Esta tarde he terminado un nuevo art\u00edculo para Historia de Iberia Vieja, que aparecer\u00e1 en papel en el n\u00famero de julio si no se tuerce nada, dedicado a la figura del insigne padre de la toxicolog\u00eda, el menorqu\u00edn Mateo Orfila. Una vez cerrado el texto y enviado a la redacci\u00f3n,\u2026","rel":"","context":"En \u00abMade in Spain\u00bb","block_context":{"text":"Made in Spain","link":"https:\/\/alpoma.net\/tecob\/?cat=10"},"img":{"alt_text":"mateo-orfila","src":"https:\/\/i0.wp.com\/farm5.static.flickr.com\/4057\/4639565931_f68a59c563_m.jpg?resize=350%2C200","width":350,"height":200},"classes":[]},{"id":814,"url":"https:\/\/alpoma.net\/tecob\/?p=814","url_meta":{"origin":9073,"position":3},"title":"El Experimento Terrella","author":"alpoma","date":"3 enero 2008","format":false,"excerpt":"El personaje que aparece en este billete de 200 coronas noruegas es Kristian Birkeland, uno de los cient\u00edficos m\u00e1s insignes de ese pa\u00eds1. Claro que, un poco m\u00e1s al sur, no es muy conocido. El inquieto Birkeland era un apasionado de la f\u00edsica y, sobre todo, de la investigaci\u00f3n de\u2026","rel":"","context":"En \u00abGeo\u00bb","block_context":{"text":"Geo","link":"https:\/\/alpoma.net\/tecob\/?cat=5"},"img":{"alt_text":"","src":"https:\/\/i0.wp.com\/alpoma.net\/tecob\/wp-content\/uploads\/2008\/01\/2163065719_3625b8d68c.jpg?resize=350%2C200&ssl=1","width":350,"height":200},"classes":[]},{"id":7765,"url":"https:\/\/alpoma.net\/tecob\/?p=7765","url_meta":{"origin":9073,"position":4},"title":"Pomponio Mela y la geograf\u00eda del mundo romano","author":"alpoma","date":"1 febrero 2013","format":false,"excerpt":"Versi\u00f3n reducida del art\u00edculo que publiqu\u00e9 en la revista Historia de Iberia Vieja, n\u00famero 92, edici\u00f3n de febrero de 2013. Admiti\u00f3se, en general, la forma esf\u00e9rica, pero sin comprender su geograf\u00eda. Cre\u00edase habitar la parte superior de esta esfera, quedando desconocida la parte inferior. Uno de los m\u00e1s antiguos y\u2026","rel":"","context":"En \u00abMade in Spain\u00bb","block_context":{"text":"Made in Spain","link":"https:\/\/alpoma.net\/tecob\/?cat=10"},"img":{"alt_text":"","src":"https:\/\/i0.wp.com\/alpoma.net\/tecob\/wp-content\/uploads\/2013\/02\/mapa_pomponio.jpg?resize=350%2C200&ssl=1","width":350,"height":200,"srcset":"https:\/\/i0.wp.com\/alpoma.net\/tecob\/wp-content\/uploads\/2013\/02\/mapa_pomponio.jpg?resize=350%2C200&ssl=1 1x, https:\/\/i0.wp.com\/alpoma.net\/tecob\/wp-content\/uploads\/2013\/02\/mapa_pomponio.jpg?resize=525%2C300&ssl=1 1.5x"},"classes":[]},{"id":349,"url":"https:\/\/alpoma.net\/tecob\/?p=349","url_meta":{"origin":9073,"position":5},"title":"Tic Tac Tic Tac&#8230;","author":"alpoma","date":"10 febrero 2006","format":false,"excerpt":"En la antig\u00fcedad, egipcios, griegos y romanos idearon diversas formas para medir el tiempo, los relojes solares y las clepsidras no eran muy fiables, pero tampoco se necesitaba m\u00e1s precisi\u00f3n. Hace m\u00e1s de 5.000 a\u00f1os los babilonios y egipcios crearon los primeros calendarios para poder organizar la vida de las\u2026","rel":"","context":"En \u00abInnovaci\u00f3n\u00bb","block_context":{"text":"Innovaci\u00f3n","link":"https:\/\/alpoma.net\/tecob\/?cat=4"},"img":{"alt_text":"","src":"https:\/\/i0.wp.com\/alpoma.net\/tecob\/wp-content\/uploads\/2006\/02\/9666433_46a771bf95_m.jpg?resize=350%2C200&ssl=1","width":350,"height":200},"classes":[]}],"jetpack_sharing_enabled":true,"_links":{"self":[{"href":"https:\/\/alpoma.net\/tecob\/index.php?rest_route=\/wp\/v2\/posts\/9073","targetHints":{"allow":["GET"]}}],"collection":[{"href":"https:\/\/alpoma.net\/tecob\/index.php?rest_route=\/wp\/v2\/posts"}],"about":[{"href":"https:\/\/alpoma.net\/tecob\/index.php?rest_route=\/wp\/v2\/types\/post"}],"author":[{"embeddable":true,"href":"https:\/\/alpoma.net\/tecob\/index.php?rest_route=\/wp\/v2\/users\/1"}],"replies":[{"embeddable":true,"href":"https:\/\/alpoma.net\/tecob\/index.php?rest_route=%2Fwp%2Fv2%2Fcomments&post=9073"}],"version-history":[{"count":0,"href":"https:\/\/alpoma.net\/tecob\/index.php?rest_route=\/wp\/v2\/posts\/9073\/revisions"}],"wp:featuredmedia":[{"embeddable":true,"href":"https:\/\/alpoma.net\/tecob\/index.php?rest_route=\/wp\/v2\/media\/9076"}],"wp:attachment":[{"href":"https:\/\/alpoma.net\/tecob\/index.php?rest_route=%2Fwp%2Fv2%2Fmedia&parent=9073"}],"wp:term":[{"taxonomy":"category","embeddable":true,"href":"https:\/\/alpoma.net\/tecob\/index.php?rest_route=%2Fwp%2Fv2%2Fcategories&post=9073"},{"taxonomy":"post_tag","embeddable":true,"href":"https:\/\/alpoma.net\/tecob\/index.php?rest_route=%2Fwp%2Fv2%2Ftags&post=9073"}],"curies":[{"name":"wp","href":"https:\/\/api.w.org\/{rel}","templated":true}]}}