{"id":904,"date":"2008-06-01T23:41:04","date_gmt":"2008-06-01T21:41:04","guid":{"rendered":"http:\/\/www.alpoma.net\/tecob\/?p=904"},"modified":"2008-06-01T23:41:21","modified_gmt":"2008-06-01T21:41:21","slug":"paris-1900","status":"publish","type":"post","link":"https:\/\/alpoma.net\/tecob\/?p=904","title":{"rendered":"Par\u00eds 1900"},"content":{"rendered":"<p>Ahora que faltan pocos d\u00edas para que abra sus puertas la <strong><a href=\"http:\/\/www.expozaragoza2008.es\/\">Exposici\u00f3n Internacional de Zaragoza<\/a> <\/strong> viajemos en el tiempo al <strong>Par\u00eds de finales del siglo XIX<\/strong>, para ver c\u00f3mo era una <em>Expo <\/em>de entonces. La mejor forma de realizar este viaje es a trav\u00e9s de las fotograf\u00edas originales de la \u00e9poca, como las que visitan hoy <em>TecOb<\/em>. Se trata de un \u00e1lbum de <em>Flickr<\/em> que forma parte del proyecto <strong><a href=\"http:\/\/www.alpoma.net\/tecob\/?p=824\">The Commons<\/a><\/strong> y que parte de la <em>Colecci\u00f3n Goodyear<\/em> del <strong><a href=\"http:\/\/www.brooklynmuseum.org\/\">Brooklyn Museum<\/a><\/strong>. El promotor de las im\u00e1genes, William Henry Goodyear (1846\u20131923), muse\u00f3logo, historiador del arte y la arquitectura estadounidense, viaj\u00f3 a la Exposici\u00f3n de Par\u00eds de 1900 junto al fot\u00f3grafo Joseph Hawkes. Juntos, escudri\u00f1aron todos los aspectos de la exposici\u00f3n, los pabellones, las calles, las gentes&#8230; viajemos pues m\u00e1s de un siglo en el pasado para descubrir la <em>Expo<\/em> de 1900 a trav\u00e9s de este conjunto de 270 fotograf\u00edas:<br \/>\n<strong><br \/>\n<a href=\"http:\/\/www.flickr.com\/photos\/brooklyn_museum\/sets\/72157604656089762\/\" class=\"enlaces\">Brooklyn Museum&#8217;s photostream |  Paris Exposition of 1900<\/a><\/strong><\/p>\n<p><img decoding=\"async\" src=\"http:\/\/farm3.static.flickr.com\/2419\/2542175529_6e3efcb586_o.jpg\" alt=\"img\" \/><\/p>\n<p><strong>Otra colecci\u00f3n de inter\u00e9s propiedad del Brooklyn Museum<\/strong>:<br \/>\n<a href=\"http:\/\/www.flickr.com\/photos\/brooklyn_museum\/sets\/72157605038624179\/\" class=\"enlaces\">Egyptian Lantern Slides <\/a><\/p>\n","protected":false},"excerpt":{"rendered":"<div class=\"mh-excerpt\"><p>Ahora que faltan pocos d\u00edas para que abra sus puertas la Exposici\u00f3n Internacional de Zaragoza viajemos en el tiempo al Par\u00eds de finales del siglo XIX, para ver c\u00f3mo era <a class=\"mh-excerpt-more\" href=\"https:\/\/alpoma.net\/tecob\/?p=904\" title=\"Par\u00eds 1900\">[&#8230;]<\/a><\/p>\n<\/div>","protected":false},"author":1,"featured_media":11170,"comment_status":"open","ping_status":"open","sticky":false,"template":"","format":"standard","meta":{"jetpack_post_was_ever_published":false,"_jetpack_newsletter_access":"","_jetpack_dont_email_post_to_subs":false,"_jetpack_newsletter_tier_id":0,"_jetpack_memberships_contains_paywalled_content":false,"_jetpack_memberships_contains_paid_content":false,"footnotes":""},"categories":[3],"tags":[],"class_list":["post-904","post","type-post","status-publish","format-standard","has-post-thumbnail","hentry","category-obsolescencia"],"jetpack_featured_media_url":"https:\/\/alpoma.net\/tecob\/wp-content\/uploads\/2008\/06\/2542175529_6e3efcb586_o.jpg","jetpack_shortlink":"https:\/\/wp.me\/p93Dc1-eA","jetpack-related-posts":[{"id":795,"url":"https:\/\/alpoma.net\/tecob\/?p=795","url_meta":{"origin":904,"position":0},"title":"Globos terr\u00e1queos&#8230; monumentales","author":"alpoma","date":"24 octubre 2007","format":false,"excerpt":"Gracias a una anotaci\u00f3n de los amigos kircherianos, que nos lleva a una nueva edici\u00f3n de la extravagante Cabinet Magazine, descubro y, en algunos casos, redescubro, viejos intentos de crear gigantescos globos terr\u00e1queos visitables. Hoy d\u00eda la neogeograf\u00eda, a trav\u00e9s de Internet, hace que los m\u00e1s incre\u00edbles sue\u00f1os de aquellos\u2026","rel":"","context":"En \u00abObsolescencia\u00bb","block_context":{"text":"Obsolescencia","link":"https:\/\/alpoma.net\/tecob\/?cat=3"},"img":{"alt_text":"","src":"https:\/\/i0.wp.com\/alpoma.net\/tecob\/wp-content\/uploads\/2007\/10\/1732482129_e40ec963c2_o.jpg?resize=350%2C200&ssl=1","width":350,"height":200,"srcset":"https:\/\/i0.wp.com\/alpoma.net\/tecob\/wp-content\/uploads\/2007\/10\/1732482129_e40ec963c2_o.jpg?resize=350%2C200&ssl=1 1x, https:\/\/i0.wp.com\/alpoma.net\/tecob\/wp-content\/uploads\/2007\/10\/1732482129_e40ec963c2_o.jpg?resize=525%2C300&ssl=1 1.5x"},"classes":[]},{"id":458,"url":"https:\/\/alpoma.net\/tecob\/?p=458","url_meta":{"origin":904,"position":1},"title":"Viejos selenitas","author":"alpoma","date":"7 mayo 2006","format":false,"excerpt":"Los habitantes, nativos, de la Luna dieron mucho que hablar hace d\u00e9cadas. Los selenitas, como se les conoc\u00eda, daban mucho juego en narraciones fant\u00e1sticas de todo tipo, se imaginaban los humanos c\u00f3mo ser\u00edan los paisajes lunares y las ciudades, mayormente \"cavern\u00edcolas\", constru\u00eddas por sus habitantes. Ya Haydn dedic\u00f3 a las\u2026","rel":"","context":"En \u00abGeo\u00bb","block_context":{"text":"Geo","link":"https:\/\/alpoma.net\/tecob\/?cat=5"},"img":{"alt_text":"","src":"","width":0,"height":0},"classes":[]},{"id":6249,"url":"https:\/\/alpoma.net\/tecob\/?p=6249","url_meta":{"origin":904,"position":2},"title":"De c\u00e1maras gigantes","author":"alpoma","date":"19 febrero 2012","format":false,"excerpt":"Puede que dentro de no mucho tiempo, quien circule por alguna carretera perdida del interior de los Estados Unidos, se cruce con un cami\u00f3n cargado con algo muy especial. Esa es la idea que plantea el fot\u00f3grafo Dennis Manarchy, un proyecto para el que pide apoyos a trav\u00e9s de la\u2026","rel":"","context":"En \u00abObsolescencia\u00bb","block_context":{"text":"Obsolescencia","link":"https:\/\/alpoma.net\/tecob\/?cat=3"},"img":{"alt_text":"","src":"https:\/\/i0.wp.com\/alpoma.net\/tecob\/wp-content\/uploads\/2012\/02\/6902729963_2db9239235_z.jpg?resize=350%2C200&ssl=1","width":350,"height":200,"srcset":"https:\/\/i0.wp.com\/alpoma.net\/tecob\/wp-content\/uploads\/2012\/02\/6902729963_2db9239235_z.jpg?resize=350%2C200&ssl=1 1x, https:\/\/i0.wp.com\/alpoma.net\/tecob\/wp-content\/uploads\/2012\/02\/6902729963_2db9239235_z.jpg?resize=525%2C300&ssl=1 1.5x"},"classes":[]},{"id":11567,"url":"https:\/\/alpoma.net\/tecob\/?p=11567","url_meta":{"origin":904,"position":3},"title":"Francesc Bonet y Emilio de la Cuadra, pioneros del autom\u00f3vil","author":"alpoma","date":"28 agosto 2015","format":false,"excerpt":"Versi\u00f3n reducida del art\u00edculo que publiqu\u00e9 en la revista Historia de Iberia Vieja, edici\u00f3n de agosto de 2015. Los pedidos [de motores Daimler] fueron muy numerosos. Haremos menci\u00f3n de uno en especial por haber sido hecho por un espa\u00f1ol: Francisco Bonet Dalmau. Este ingenioso y testarudo catal\u00e1n consigui\u00f3 que Daimler\u2026","rel":"","context":"En \u00abMade in Spain\u00bb","block_context":{"text":"Made in Spain","link":"https:\/\/alpoma.net\/tecob\/?cat=10"},"img":{"alt_text":"","src":"https:\/\/i0.wp.com\/alpoma.net\/tecob\/wp-content\/uploads\/2015\/08\/automovil_bonet_18891.png?resize=350%2C200&ssl=1","width":350,"height":200},"classes":[]},{"id":13598,"url":"https:\/\/alpoma.net\/tecob\/?p=13598","url_meta":{"origin":904,"position":4},"title":"Morphing del siglo XVII","author":"alpoma","date":"29 agosto 2018","format":false,"excerpt":"Cuando hace varias semanas visit\u00e9 la exposici\u00f3n temporal La invenci\u00f3n del cuerpo en el Museo Nacional de Escultura de Valladolid (recomiendo esa visita sin duda alguna), me llam\u00f3 mucho la atenci\u00f3n cierta t\u00e9cnica de dibujo que, salvando las distancias, vendr\u00eda a ser similar al morphing, solo que llevado a cabo\u2026","rel":"","context":"En \u00abObsolescencia\u00bb","block_context":{"text":"Obsolescencia","link":"https:\/\/alpoma.net\/tecob\/?cat=3"},"img":{"alt_text":"","src":"https:\/\/i0.wp.com\/alpoma.net\/tecob\/wp-content\/uploads\/2018\/08\/Captura-de-pantalla-2018-08-29-a-las-10.34.23.png?resize=350%2C200&ssl=1","width":350,"height":200},"classes":[]},{"id":9996,"url":"https:\/\/alpoma.net\/tecob\/?p=9996","url_meta":{"origin":904,"position":5},"title":"Los ingenios solares de Mouchot y Pifre","author":"alpoma","date":"19 agosto 2014","format":false,"excerpt":"Hacia la segunda mitad del siglo XIX se comenz\u00f3 a experimentar de forma seria en la posibilidad de aprovechar la energ\u00eda solar para fines pr\u00e1cticos. Muchos lo hab\u00edan intentado antes, pero fue el ingeniero franc\u00e9s Augustin Mouchot uno de los primeros, sino el pionero fundacional de la energ\u00eda solar, en\u2026","rel":"","context":"En \u00abObsolescencia\u00bb","block_context":{"text":"Obsolescencia","link":"https:\/\/alpoma.net\/tecob\/?cat=3"},"img":{"alt_text":"","src":"https:\/\/i0.wp.com\/alpoma.net\/tecob\/wp-content\/uploads\/2014\/08\/pifre.jpg?resize=350%2C200&ssl=1","width":350,"height":200,"srcset":"https:\/\/i0.wp.com\/alpoma.net\/tecob\/wp-content\/uploads\/2014\/08\/pifre.jpg?resize=350%2C200&ssl=1 1x, https:\/\/i0.wp.com\/alpoma.net\/tecob\/wp-content\/uploads\/2014\/08\/pifre.jpg?resize=525%2C300&ssl=1 1.5x"},"classes":[]}],"jetpack_sharing_enabled":true,"_links":{"self":[{"href":"https:\/\/alpoma.net\/tecob\/index.php?rest_route=\/wp\/v2\/posts\/904","targetHints":{"allow":["GET"]}}],"collection":[{"href":"https:\/\/alpoma.net\/tecob\/index.php?rest_route=\/wp\/v2\/posts"}],"about":[{"href":"https:\/\/alpoma.net\/tecob\/index.php?rest_route=\/wp\/v2\/types\/post"}],"author":[{"embeddable":true,"href":"https:\/\/alpoma.net\/tecob\/index.php?rest_route=\/wp\/v2\/users\/1"}],"replies":[{"embeddable":true,"href":"https:\/\/alpoma.net\/tecob\/index.php?rest_route=%2Fwp%2Fv2%2Fcomments&post=904"}],"version-history":[{"count":0,"href":"https:\/\/alpoma.net\/tecob\/index.php?rest_route=\/wp\/v2\/posts\/904\/revisions"}],"wp:featuredmedia":[{"embeddable":true,"href":"https:\/\/alpoma.net\/tecob\/index.php?rest_route=\/wp\/v2\/media\/11170"}],"wp:attachment":[{"href":"https:\/\/alpoma.net\/tecob\/index.php?rest_route=%2Fwp%2Fv2%2Fmedia&parent=904"}],"wp:term":[{"taxonomy":"category","embeddable":true,"href":"https:\/\/alpoma.net\/tecob\/index.php?rest_route=%2Fwp%2Fv2%2Fcategories&post=904"},{"taxonomy":"post_tag","embeddable":true,"href":"https:\/\/alpoma.net\/tecob\/index.php?rest_route=%2Fwp%2Fv2%2Ftags&post=904"}],"curies":[{"name":"wp","href":"https:\/\/api.w.org\/{rel}","templated":true}]}}