{"id":9033,"date":"2014-05-13T19:50:35","date_gmt":"2014-05-13T17:50:35","guid":{"rendered":"http:\/\/www.alpoma.net\/tecob\/?p=9033"},"modified":"2014-05-16T16:12:41","modified_gmt":"2014-05-16T14:12:41","slug":"la-maquina-de-martinus-van-marum","status":"publish","type":"post","link":"https:\/\/alpoma.net\/tecob\/?p=9033","title":{"rendered":"La m\u00e1quina de Martinus van Marum"},"content":{"rendered":"<p>Antes de nada, \u00a1gracias Emanuel por la ayuda sobre este asunto! Pasemos a la acci\u00f3n, <strong>\u00bfqui\u00e9n Martinus van Marum y qu\u00e9 tiene de interesante su m\u00e1quina?<\/strong><\/p>\n<p>La electricidad ha fascinado a los humanos incluso desde antes de que se tuviera una idea, siquiera aproximada, de qu\u00e9 se esconde tras ese fen\u00f3meno. Cuando en los albores del siglo XIX fue dada a conocer la <strong>pila voltaica<\/strong>, se abri\u00f3 todo un mundo para la experimentaci\u00f3n el\u00e9ctrica pero, antes de aquello, osados pioneros hab\u00edan logrado contruir m\u00e1quinas asombrosas capaces de generar electricidad. Eran grandes y poco pr\u00e1cticas, pero no hay que restar m\u00e9rito a unas gentes que ve\u00edan c\u00f3mo el \u00abasombroso fluido el\u00e9ctrico\u00bb se convert\u00eda en algo controlable por primera vez en la historia.<\/p>\n<p><img loading=\"lazy\" decoding=\"async\" src=\"http:\/\/www.alpoma.net\/tecob\/wp-content\/uploads\/2014\/05\/maquina_van_marum.jpg\" alt=\"maquina_van_marum\" width=\"620\" height=\"275\" class=\"otros\" \/><br \/>\n<em>M\u00e1quina de Van Marum<\/em><\/p>\n<p>No se trata aqu\u00ed de ahondar en los or\u00edgenes de la tecnolog\u00eda el\u00e9ctrica, eso da como para un voluminoso libro, pero si hemos de trazar una brev\u00edsima ruta cabe acordarse de las menciones que en la antig\u00fcedad se realizaban sobre <strong>las propiedades del \u00e1mbar al ser frotado<\/strong>, que andando el tiempo se convirtiron en ideas que dieron vida a primitivos ingenios como los generadores electrost\u00e1ticos de fricci\u00f3n de Otto von Guericke hacia 1640 (v\u00e9ase en <em>TecOb<\/em> la historia del <a href=\"http:\/\/www.alpoma.net\/tecob\/?p=8075\">\u00abbeso el\u00e9ctrico\u00bb<\/a>).<\/p>\n<p>Newton experiment\u00f3 m\u00e1s tarde con una m\u00e1quina similar, modificando un poco el montaje y cambiando la esferilla original de azufre por una de cristal. Ese elemento que, por frotaci\u00f3n, se \u00abelectrizaba\u00bb fue mejorado con rapidez. Por ejemplo, hacia 1705 ya se utilizaban cilindros y placas, tambi\u00e9n de cristal y, m\u00e1s tarde, se llev\u00f3 el sistema a la perfecci\u00f3n con <strong>grandes ingenios de planchas giratorias de fricci\u00f3n, capaces de generar espectaculares chispas el\u00e9ctricas<\/strong>. <\/p>\n<p><img decoding=\"async\" src=\"http:\/\/www.alpoma.net\/tecob\/wp-content\/uploads\/2014\/05\/van_marum_2.jpg\" alt=\"van_marum_2\" width=\"620\" class=\"otros\" \/><br \/>\n<em>La m\u00e1quina electrost\u00e1tica en el Museo Teylers. (<a href=\"http:\/\/commons.wikimedia.org\/wiki\/File:Teylers_Challenge_april_2012_-_7063.JPG\">Fuente<\/a>-CC).<\/em><\/p>\n<p>Fueron muchas las m\u00e1quinas electrost\u00e1ticas que fueron apareciendo desde mediados del siglo XVII pero, sin duda, una de las m\u00e1s llamativas fue la de <strong><a href=\"http:\/\/es.wikipedia.org\/wiki\/Martinus_van_Marum\">Martinus van Marum<\/a><\/strong> o, m\u00e1s bien, sus m\u00e1quinas, porque aunque una destac\u00f3 especialmente, contribuy\u00f3 a construir varias. Van Marum fue un monstruo, en el buen sentido de la palabra. <strong>Contribuy\u00f3 al avance de todo tipo de ciencias y tecnolog\u00edas y su curiosidad era insaciable<\/strong>. Holand\u00e9s, nacido en 1750, se interes\u00f3 por la medicina, la biolog\u00eda, la geolog\u00eda, la qu\u00edmica, la historia natural y la f\u00edsica. La electricidad le apasionaba, por lo que decidi\u00f3 crear algo nunca visto hasta entonces, una m\u00e1quina el\u00e9ctrica con la que generar grandes chispas en el aire. Cabe decir que la m\u00e1quina tuvo muchas utilidades, junto con otros de sus montajes el\u00e9ctricos, por ejemplo en el descubrimiento del ozono.<\/p>\n<p>La historia de la m\u00e1quina de Van Marum comienza en 1783, siendo ya un profesor reconocido. En ese tiempo fue elegido para dirigir el gabinete de ciencias naturales y f\u00edsicas del nuevo <strong><a href=\"http:\/\/www.teylersmuseum.eu\/index.php?item=1&#038;lang=en\">Museo Teylers<\/a><\/strong>, de Haarlem, el m\u00e1s antiguo de Holanda (o, m\u00e1s correctamente, Pa\u00edses Bajos), lugar en el que, por cierto, sigue estando la m\u00e1quina. Hasta la llegada de los generadores Van de Graff, <strong>fue la m\u00e1quina electrost\u00e1tica m\u00e1s grande del mundo<\/strong>. Su montaje cost\u00f3 una peque\u00f1a fortuna, motivo por el que, aunque a Van Marum le rondaba la idea de crear algo as\u00ed desde hac\u00eda a\u00f1os, no pudo emprender la tarea hasta lograr su puesto en el museo. Incluso desde su elevada posici\u00f3n le cost\u00f3 un tiempo convencer a los patronos e inversores para donar el dinero necesario para crear el gigante electrost\u00e1tico. <strong>Van Marum prometi\u00f3 en sus apasionados discursos y cartas que, con un generador como el que imaginaba, se podr\u00edan lograr avances cient\u00edficos sin precedentes<\/strong>. No le faltaba raz\u00f3n, pero hasta que se materializ\u00f3, tuvo que aguantar todo tipo de cr\u00edticas. <\/p>\n<p><img decoding=\"async\" src=\"http:\/\/www.alpoma.net\/tecob\/wp-content\/uploads\/2014\/05\/van_marum_3.jpg\" alt=\"van_marum_3\" width=\"620\" class=\"otros\" \/><br \/>\n<em>Sistema acumulador de botellas de Leyden.<\/em><\/p>\n<p>Al final, con mucho empe\u00f1o, se construy\u00f3 un aparato singular nunca visto hasta entonces y que, como he comentado, ha tenido la fortuna de sobrevivir hasta nuestros d\u00edas. Ah\u00ed est\u00e1, desafiando al tiempo, <strong>un ingenio en el que dos grandes discos de cristal de m\u00e1s de metro y medio de di\u00e1metro constituyen los elementos principales que giran gracias a una manivela y son \u00abexcitados\u00bb por un sistema de almohadillas<\/strong>. La electricidad generada era conducida desde el conjunto rotor, aislado por patas de vidrio, hasta<strong> un sistema acumulador con 225 botellas de Leyden<\/strong> (en la bibliograf\u00eda aparecen diversas cifras sobre las botellas, siempre elevadas, no estoy seguro de la correcta). Esa electricidad se utilizaba en todo tipo de montajes experimentales, como generadores de grandes chispas. Varias personas trabajando con esfuerzo para hacer girar los discos hac\u00edan que la m\u00e1quina creara corrientes de voltajes considerables.<\/p>\n<p>Van Marum estaba encantado con su m\u00e1quina, que <strong>se utiliz\u00f3 en infinidad de experimentos<\/strong>. Con ella se realizaron pruebas con todo tipo de materiales conductores, aislantes, pruebas a tierra, ensayos de resistencia el\u00e9ctrica, calentamiento de metales e incluso pruebas muy arriesgadas sobre distancias de seguridad para trabajar con electricidad. <strong>Puede decirse que, con esa m\u00e1quina, naci\u00f3 la tecnolog\u00eda el\u00e9ctrica b\u00e1sica. Cient\u00edficos de media Europa visitaron el lugar solicitando su uso<\/strong>. De ah\u00ed surgieron tablas para el dise\u00f1o de cables el\u00e9ctricos, protecci\u00f3n contra rayos, ensayos de condensadores y experimentos qu\u00edmicos como los que llev\u00f3 a cabo con <strong>ozono<\/strong> en 1785 el propio Van Marum (ciertamente, el ozono fue caracterizado qu\u00edmicamente m\u00e1s tarde, pero concedamos a Van Marum el honor de haber creado el primer \u00abgenerador\u00bb de ozono, del que describi\u00f3 su \u00abcaracter\u00edstico olor a materia el\u00e9ctrica\u00bb). <\/p>\n<p>Descripci\u00f3n de algunos de los experimentos de van Marum, procedente de la edici\u00f3n del d\u00eda 7 de abril de 1788 del <em>Esp\u00edritu de los mejores diarios literarios que se publican en Europa<\/em>, algo as\u00ed como un <em>news clipping<\/em> de la \u00e9poca (Biblioteca Nacional).<\/p>\n<p><img decoding=\"async\" src=\"http:\/\/www.alpoma.net\/tecob\/wp-content\/uploads\/2014\/05\/holanda-579x1024.jpg\" alt=\"holanda\" width=\"620\" class=\"otros\" \/><\/p>\n","protected":false},"excerpt":{"rendered":"<div class=\"mh-excerpt\"><p>Antes de nada, \u00a1gracias Emanuel por la ayuda sobre este asunto! Pasemos a la acci\u00f3n, \u00bfqui\u00e9n Martinus van Marum y qu\u00e9 tiene de interesante su m\u00e1quina? La electricidad ha fascinado <a class=\"mh-excerpt-more\" href=\"https:\/\/alpoma.net\/tecob\/?p=9033\" title=\"La m\u00e1quina de Martinus van Marum\">[&#8230;]<\/a><\/p>\n<\/div>","protected":false},"author":1,"featured_media":9040,"comment_status":"open","ping_status":"open","sticky":false,"template":"","format":"standard","meta":{"jetpack_post_was_ever_published":false,"_jetpack_newsletter_access":"","_jetpack_dont_email_post_to_subs":false,"_jetpack_newsletter_tier_id":0,"_jetpack_memberships_contains_paywalled_content":false,"_jetpack_memberships_contains_paid_content":false,"footnotes":""},"categories":[3],"tags":[],"class_list":["post-9033","post","type-post","status-publish","format-standard","has-post-thumbnail","hentry","category-obsolescencia"],"jetpack_featured_media_url":"https:\/\/alpoma.net\/tecob\/wp-content\/uploads\/2014\/05\/van_marum_3.jpg","jetpack_shortlink":"https:\/\/wp.me\/p93Dc1-2lH","jetpack-related-posts":[{"id":10036,"url":"https:\/\/alpoma.net\/tecob\/?p=10036","url_meta":{"origin":9033,"position":0},"title":"La era de los m\u00e9dicos electricistas","author":"alpoma","date":"1 septiembre 2014","format":false,"excerpt":"Aproximadamente entre 1880 y 1920, coincidiendo con el impulso que Tesla y D\u00b4Arsonval le dieron al asunto, la electricidad pas\u00f3 a ser algo as\u00ed como el m\u00e9todo de moda, tanto en diagnosis como en terap\u00e9utica, en la ciencia m\u00e9dia. Al leer tratados de electroterapia de la \u00e9poca, antes de que\u2026","rel":"","context":"En \u00abObsolescencia\u00bb","block_context":{"text":"Obsolescencia","link":"https:\/\/alpoma.net\/tecob\/?cat=3"},"img":{"alt_text":"","src":"https:\/\/i0.wp.com\/alpoma.net\/tecob\/wp-content\/uploads\/2014\/09\/10.jpg?resize=350%2C200&ssl=1","width":350,"height":200,"srcset":"https:\/\/i0.wp.com\/alpoma.net\/tecob\/wp-content\/uploads\/2014\/09\/10.jpg?resize=350%2C200&ssl=1 1x, https:\/\/i0.wp.com\/alpoma.net\/tecob\/wp-content\/uploads\/2014\/09\/10.jpg?resize=525%2C300&ssl=1 1.5x"},"classes":[]},{"id":9992,"url":"https:\/\/alpoma.net\/tecob\/?p=9992","url_meta":{"origin":9033,"position":1},"title":"Francisco Salv\u00e1 y Campillo, inventor del tel\u00e9grafo el\u00e9ctrico","author":"alpoma","date":"3 agosto 2014","format":false,"excerpt":"Versi\u00f3n reducida del art\u00edculo que publiqu\u00e9 en la revista Historia de Iberia Vieja, edici\u00f3n de agosto de 2014. Salv\u00e1 leg\u00f3 hasta su propio cuerpo a la instrucci\u00f3n p\u00fablica. Son tan notables las palabras con que expresa este legado en su testamento que ellas solas bastar\u00edan para hacer su elogio y\u2026","rel":"","context":"En \u00abMade in Spain\u00bb","block_context":{"text":"Made in Spain","link":"https:\/\/alpoma.net\/tecob\/?cat=10"},"img":{"alt_text":"salva_y_campillo","src":"https:\/\/i0.wp.com\/www.alpoma.net\/tecob\/wp-content\/uploads\/2014\/08\/salva_y_campillo-229x300.jpg?resize=350%2C200","width":350,"height":200},"classes":[]},{"id":8052,"url":"https:\/\/alpoma.net\/tecob\/?p=8052","url_meta":{"origin":9033,"position":2},"title":"El Laboratorio El\u00e9ctrico de M\u00f3nico S\u00e1nchez","author":"alpoma","date":"1 abril 2013","format":false,"excerpt":"Este post corresponde a una versi\u00f3n reducida del art\u00edculo que publiqu\u00e9 en la revista Historia de Iberia Vieja en su edici\u00f3n correspondiente al mes de abril de 2013. Una de las notas m\u00e1s simp\u00e1ticamente interesantes de la actual Exposici\u00f3n de Medicina e Higiene es la presencia en ella del maravilloso\u2026","rel":"","context":"En \u00abMade in Spain\u00bb","block_context":{"text":"Made in Spain","link":"https:\/\/alpoma.net\/tecob\/?cat=10"},"img":{"alt_text":"monico_sanchez_2","src":"https:\/\/i0.wp.com\/farm9.staticflickr.com\/8384\/8605906331_7db2561641_m.jpg?resize=350%2C200","width":350,"height":200},"classes":[]},{"id":4005,"url":"https:\/\/alpoma.net\/tecob\/?p=4005","url_meta":{"origin":9033,"position":3},"title":"El enigma de Clemente Figuera y la m\u00e1quina de la energ\u00eda infinita","author":"alpoma","date":"10 enero 2011","format":false,"excerpt":"English version ACTUALIZACI\u00d3N (Mayo de 2013): Se adjuntan al pie de este art\u00edculo varios documentos en PDF que ampl\u00edan su contenido. ACTUALIZACI\u00d3N (2018-2019: He publicado un libro en el que re\u00fano toda la documentaci\u00f3n sobre esta investigaci\u00f3n. Adem\u00e1s, he localizado una nueva patente de un inventor murciano que es virtualmente\u2026","rel":"","context":"En \u00abMade in Spain\u00bb","block_context":{"text":"Made in Spain","link":"https:\/\/alpoma.net\/tecob\/?cat=10"},"img":{"alt_text":"Figuera","src":"https:\/\/i0.wp.com\/farm6.static.flickr.com\/5003\/5342603361_46aba3f0fe_m.jpg?resize=350%2C200","width":350,"height":200},"classes":[]},{"id":10303,"url":"https:\/\/alpoma.net\/tecob\/?p=10303","url_meta":{"origin":9033,"position":4},"title":"Iglesias Blanco, el \u201cTesla de Pozuelo\u201d","author":"alpoma","date":"19 enero 2015","format":false,"excerpt":"Versi\u00f3n reducida del art\u00edculo que publiqu\u00e9 en la revista Historia de Iberia Vieja, edici\u00f3n de enero de 2015. El inventor de las explosiones a distancia, Don Jos\u00e9 Juli\u00e1n Iglesias Blanco, hizo ayer en las cercan\u00edas del inmediato pueblo de Pozuelo de Alarc\u00f3n, con \u00e9xito absolutamente satisfactorio, las pruebas de otro\u2026","rel":"","context":"En \u00abMade in Spain\u00bb","block_context":{"text":"Made in Spain","link":"https:\/\/alpoma.net\/tecob\/?cat=10"},"img":{"alt_text":"iglesias_blanco_1","src":"https:\/\/i0.wp.com\/www.alpoma.net\/tecob\/wp-content\/uploads\/2015\/01\/iglesias_blanco_1-288x300.jpg?resize=350%2C200","width":350,"height":200},"classes":[]},{"id":10262,"url":"https:\/\/alpoma.net\/tecob\/?p=10262","url_meta":{"origin":9033,"position":5},"title":"Lo mejor de TecOb en 2014","author":"alpoma","date":"29 diciembre 2014","format":false,"excerpt":"En febrero de 2015 este blog, Tecnolog\u00eda Obsoleta, cumplir\u00e1 10 a\u00f1os. Tiempo habr\u00e1 entonces para alguna sorpresa. Mientras tanto, ahora que termina el 2014, toca recuperar los doce art\u00edculos aqu\u00ed publicados que, a mi entender, han sido los m\u00e1s sorprendentes. He aqu\u00ed lo mejor de este a\u00f1o que est\u00e1 a\u2026","rel":"","context":"En \u00abPersonal\u00bb","block_context":{"text":"Personal","link":"https:\/\/alpoma.net\/tecob\/?cat=2"},"img":{"alt_text":"","src":"https:\/\/i0.wp.com\/alpoma.net\/tecob\/wp-content\/uploads\/2014\/12\/felis-300x237.jpg?resize=350%2C200&ssl=1","width":350,"height":200},"classes":[]}],"jetpack_sharing_enabled":true,"_links":{"self":[{"href":"https:\/\/alpoma.net\/tecob\/index.php?rest_route=\/wp\/v2\/posts\/9033","targetHints":{"allow":["GET"]}}],"collection":[{"href":"https:\/\/alpoma.net\/tecob\/index.php?rest_route=\/wp\/v2\/posts"}],"about":[{"href":"https:\/\/alpoma.net\/tecob\/index.php?rest_route=\/wp\/v2\/types\/post"}],"author":[{"embeddable":true,"href":"https:\/\/alpoma.net\/tecob\/index.php?rest_route=\/wp\/v2\/users\/1"}],"replies":[{"embeddable":true,"href":"https:\/\/alpoma.net\/tecob\/index.php?rest_route=%2Fwp%2Fv2%2Fcomments&post=9033"}],"version-history":[{"count":0,"href":"https:\/\/alpoma.net\/tecob\/index.php?rest_route=\/wp\/v2\/posts\/9033\/revisions"}],"wp:featuredmedia":[{"embeddable":true,"href":"https:\/\/alpoma.net\/tecob\/index.php?rest_route=\/wp\/v2\/media\/9040"}],"wp:attachment":[{"href":"https:\/\/alpoma.net\/tecob\/index.php?rest_route=%2Fwp%2Fv2%2Fmedia&parent=9033"}],"wp:term":[{"taxonomy":"category","embeddable":true,"href":"https:\/\/alpoma.net\/tecob\/index.php?rest_route=%2Fwp%2Fv2%2Fcategories&post=9033"},{"taxonomy":"post_tag","embeddable":true,"href":"https:\/\/alpoma.net\/tecob\/index.php?rest_route=%2Fwp%2Fv2%2Ftags&post=9033"}],"curies":[{"name":"wp","href":"https:\/\/api.w.org\/{rel}","templated":true}]}}