{"id":901,"date":"2008-05-29T01:40:20","date_gmt":"2008-05-28T23:40:20","guid":{"rendered":"http:\/\/www.alpoma.net\/tecob\/?p=901"},"modified":"2008-05-29T01:40:28","modified_gmt":"2008-05-28T23:40:28","slug":"el-calendario-holoceno","status":"publish","type":"post","link":"https:\/\/alpoma.net\/tecob\/?p=901","title":{"rendered":"El calendario Holoceno"},"content":{"rendered":"<p>Tan acostumbrados estamos a emplear el <strong>calendario gregoriano<\/strong>, el m\u00e1s utilizado actualmente en gran parte del planeta, que ya ni nos planteamos lo curioso de \u00abcontar al rev\u00e9s\u00bb antes del a\u00f1o uno, <strong><a href=\"http:\/\/www.alpoma.net\/tecob\/?p=281\">fecha te\u00f3rica del nacimiento de Cristo<\/a><\/strong>. Esta especie de eje num\u00e9rico con doble sentido que hace referirnos a fechas <em>antes de Cristo<\/em> (a.d.C. o a.C.) y <em>despu\u00e9s de Cristo<\/em> (d.C.) podr\u00eda obviarse de manera pr\u00e1ctica y sencilla.<\/p>\n<p>En vez de tomar una fecha concreta referida a un personaje hist\u00f3rico determinado, en este caso Jes\u00fas, como punto de inicio del calendario, conoci\u00e9ndose adem\u00e1s que tal acontecimiento se fij\u00f3 de forma un tanto err\u00f3nea, \u00bfno existir\u00e1 alguna forma sencilla de crear un <strong>calendario pr\u00e1ctico<\/strong> que permita salvar la <em>doble escala<\/em> del calendario actual y, tambi\u00e9n, sea m\u00e1s <em>global<\/em>?<\/p>\n<p><img decoding=\"async\" src=\"http:\/\/farm4.static.flickr.com\/3116\/2532554850_1b6b7d2fd3_o.jpg\" alt=\"img\" \/><\/p>\n<p>Bien, hay quien pens\u00f3 en ello seriamente y dedic\u00f3 bastante tiempo y genio al asunto. Antes de citar al protagonista de esta aventura, hay que fijar algunas ideas b\u00e1sicas. Actualmente, en t\u00e9rminos geol\u00f3gicos, nos encontramos en el <strong><a href=\"http:\/\/www.ucmp.berkeley.edu\/quaternary\/hol.html\">Holoceno<\/a><\/strong>, \u00faltima \u00e9poca del per\u00edodo conocido como <strong>Cuaternario<\/strong>. Se trata de una \u00e9poca marcada de manera caracter\u00edstica por ciertos aspectos clim\u00e1ticos globales. Se considera que su inicio puede fijarse hace unos 11.500 a\u00f1os, o lo que es lo mismo, all\u00e1 por el 9.600 a.C. <strong>\u00bfQu\u00e9 sucedi\u00f3 entonces para que sea considerado como el punto de inicio de toda una \u00e9poca geol\u00f3gica?<\/strong> Ocurri\u00f3 algo que todav\u00eda es de vital importancia para la humanidad, <strong>los terribles hielos<\/strong> que durante milenios reinaron en el \u00faltimo episodio glacial global conocido,<strong> comenzaron a retirarse<\/strong>. Entonces el clima empez\u00f3 a hacerse m\u00e1s benigno, el nivel del mar inici\u00f3 un nuevo ascenso, grandes porciones de Asia se vieron as\u00ed aisladas del conjunto continental para formar, por ejemplo, las islas del Jap\u00f3n o Indonesia. Gran Breta\u00f1a e Irlanda se separaron, por ese ascenso de las aguas, de Europa. Naci\u00f3 el Estrecho de Bering y los perfiles continentales empezaron a tomar el aspecto que hoy conocemos. Puede decirse que nuestro mundo, al menos nuestra Tierra tal y como la percibimos ahora, naci\u00f3 entonces. \u00bfQu\u00e9 mejor punto en el tiempo para <em>fijar<\/em> el inicio del calendario? El final de la dictadura de hielo hizo que los humanos cambiaran de costumbres y se dieran los primeros pasos en la creaci\u00f3n de culturas avanzadas.<\/p>\n<p>Fue <strong><a href=\"http:\/\/www.soes.soton.ac.uk\/staff\/tt\/eh\/ce.html\">Cesare Emiliani<\/a><\/strong>, ge\u00f3logo italiano de amplia sabidur\u00eda, fallecido en 1995, fundador de la paleo-oceanograf\u00eda y sobresaliente micropaleont\u00f3logo, adem\u00e1s de geoqu\u00edmico, quien plante\u00f3 con gran seriedad la necesidad de reformar el actual calendario para dar paso al conocido como <strong>calendario Holoceno<\/strong>. En realidad, la medida no ser\u00eda muy problem\u00e1tica porque su aplicaci\u00f3n es bastante sencilla. Se trata, simplemente, de modificar el calendario gregoriano a\u00f1adiendo al a\u00f1o actual otros diez mil a\u00f1os. As\u00ed, <strong>ahora nos encontramos en el a\u00f1o 12008 del Holoceno<\/strong>. De esta forma, se elimina la necesidad de los a\u00f1os a.C.\/d.C. y, por otra parte, no se hace referencia a un personaje concreto como punto de partida del calendario, sino a un acontecimiento global de importancia cr\u00edtica en la historia de la humanidad como fue el final de la \u00faltima glaciaci\u00f3n. <\/p>\n","protected":false},"excerpt":{"rendered":"<div class=\"mh-excerpt\"><p>Tan acostumbrados estamos a emplear el calendario gregoriano, el m\u00e1s utilizado actualmente en gran parte del planeta, que ya ni nos planteamos lo curioso de \u00abcontar al rev\u00e9s\u00bb antes del <a class=\"mh-excerpt-more\" href=\"https:\/\/alpoma.net\/tecob\/?p=901\" title=\"El calendario Holoceno\">[&#8230;]<\/a><\/p>\n<\/div>","protected":false},"author":1,"featured_media":10734,"comment_status":"open","ping_status":"open","sticky":false,"template":"","format":"standard","meta":{"jetpack_post_was_ever_published":false,"_jetpack_newsletter_access":"","_jetpack_dont_email_post_to_subs":false,"_jetpack_newsletter_tier_id":0,"_jetpack_memberships_contains_paywalled_content":false,"_jetpack_memberships_contains_paid_content":false,"footnotes":""},"categories":[5,4],"tags":[],"class_list":["post-901","post","type-post","status-publish","format-standard","has-post-thumbnail","hentry","category-geo","category-innovacion"],"jetpack_featured_media_url":"https:\/\/alpoma.net\/tecob\/wp-content\/uploads\/2008\/05\/2532554850_1b6b7d2fd3_o.jpg","jetpack_shortlink":"https:\/\/wp.me\/p93Dc1-ex","jetpack-related-posts":[{"id":594,"url":"https:\/\/alpoma.net\/tecob\/?p=594","url_meta":{"origin":901,"position":0},"title":"La paradoja del circunnavegador","author":"alpoma","date":"17 septiembre 2006","format":false,"excerpt":"El 20 de septiembre de 1519, partieron cinco naves desde Sanl\u00facar de Barrameda con el objetivo de circunnavegar el planeta. Muchos meses despu\u00e9s, en 1522, regres\u00f3 a Espa\u00f1a la expedici\u00f3n de aventureros, eso s\u00ed, dir\u00edase que regresaron de milagro, al mando de Juan Sebasti\u00e1n Elcano, pues tanto el capit\u00e1n, Fernando\u2026","rel":"","context":"En \u00abGeo\u00bb","block_context":{"text":"Geo","link":"https:\/\/alpoma.net\/tecob\/?cat=5"},"img":{"alt_text":"","src":"","width":0,"height":0},"classes":[]},{"id":4109,"url":"https:\/\/alpoma.net\/tecob\/?p=4109","url_meta":{"origin":901,"position":1},"title":"La ola gigante de Lituya Bay","author":"alpoma","date":"27 enero 2011","format":false,"excerpt":"Viajemos hoy a un lugar donde reina la tranquilidad y, en estas fechas, hace un fr\u00edo considerable. Es m\u00e1s, no nos vamos a conformar con visitar el lugar, tambi\u00e9n cambiaremos de fecha el calendario. Sobre un peque\u00f1o barco, mirando hacia los bosques cercanos, imaginemos que disfrutamos pescando en Alaska. El\u2026","rel":"","context":"En \u00abGeo\u00bb","block_context":{"text":"Geo","link":"https:\/\/alpoma.net\/tecob\/?cat=5"},"img":{"alt_text":"","src":"https:\/\/i0.wp.com\/alpoma.net\/tecob\/wp-content\/uploads\/2011\/01\/5393015211_128ccba042_o.jpg?resize=350%2C200&ssl=1","width":350,"height":200,"srcset":"https:\/\/i0.wp.com\/alpoma.net\/tecob\/wp-content\/uploads\/2011\/01\/5393015211_128ccba042_o.jpg?resize=350%2C200&ssl=1 1x, https:\/\/i0.wp.com\/alpoma.net\/tecob\/wp-content\/uploads\/2011\/01\/5393015211_128ccba042_o.jpg?resize=525%2C300&ssl=1 1.5x"},"classes":[]},{"id":1568,"url":"https:\/\/alpoma.net\/tecob\/?p=1568","url_meta":{"origin":901,"position":2},"title":"\u00bfPor qu\u00e9 no suceder\u00e1 nada en 2012?","author":"alpoma","date":"12 noviembre 2009","format":false,"excerpt":"Por supuesto, como cualquier a\u00f1o en la historia, el 2012 estar\u00e1 repleto de sucesos y hechos de todo tipo. Cuando me refiero a que no pasar\u00e1 NADA, como bien se puede ya suponer, quiero decir que ni habr\u00e1 fin del mundo, ni Apocalipsis alguno ni zarandajas similares. Ayer public\u00f3 Information\u2026","rel":"","context":"En \u00abObsolescencia\u00bb","block_context":{"text":"Obsolescencia","link":"https:\/\/alpoma.net\/tecob\/?cat=3"},"img":{"alt_text":"","src":"https:\/\/i0.wp.com\/alpoma.net\/tecob\/wp-content\/uploads\/2009\/11\/4097988623_09b0fab1e5_o.jpg?resize=350%2C200&ssl=1","width":350,"height":200},"classes":[]},{"id":5208,"url":"https:\/\/alpoma.net\/tecob\/?p=5208","url_meta":{"origin":901,"position":3},"title":"El molesto ruido del Big Bang","author":"alpoma","date":"15 agosto 2011","format":false,"excerpt":"Las hojas del calendario pertenenciente al a\u00f1o 1964 iban cayendo poco a poco. Cinco a\u00f1os antes se hab\u00eda levantado en los laboratorios de la Bell Telephone de Holmdel, Nueva Jersey, una extra\u00f1a antena articulada de aluminio con forma de cuerno de unos seis metros de apertura en su boca. Originalmente\u2026","rel":"","context":"En \u00abObsolescencia\u00bb","block_context":{"text":"Obsolescencia","link":"https:\/\/alpoma.net\/tecob\/?cat=3"},"img":{"alt_text":"","src":"https:\/\/i0.wp.com\/alpoma.net\/tecob\/wp-content\/uploads\/2011\/08\/6047359816_fbaaf87611_o.jpg?resize=350%2C200&ssl=1","width":350,"height":200,"srcset":"https:\/\/i0.wp.com\/alpoma.net\/tecob\/wp-content\/uploads\/2011\/08\/6047359816_fbaaf87611_o.jpg?resize=350%2C200&ssl=1 1x, https:\/\/i0.wp.com\/alpoma.net\/tecob\/wp-content\/uploads\/2011\/08\/6047359816_fbaaf87611_o.jpg?resize=525%2C300&ssl=1 1.5x"},"classes":[]},{"id":349,"url":"https:\/\/alpoma.net\/tecob\/?p=349","url_meta":{"origin":901,"position":4},"title":"Tic Tac Tic Tac&#8230;","author":"alpoma","date":"10 febrero 2006","format":false,"excerpt":"En la antig\u00fcedad, egipcios, griegos y romanos idearon diversas formas para medir el tiempo, los relojes solares y las clepsidras no eran muy fiables, pero tampoco se necesitaba m\u00e1s precisi\u00f3n. Hace m\u00e1s de 5.000 a\u00f1os los babilonios y egipcios crearon los primeros calendarios para poder organizar la vida de las\u2026","rel":"","context":"En \u00abInnovaci\u00f3n\u00bb","block_context":{"text":"Innovaci\u00f3n","link":"https:\/\/alpoma.net\/tecob\/?cat=4"},"img":{"alt_text":"","src":"https:\/\/i0.wp.com\/alpoma.net\/tecob\/wp-content\/uploads\/2006\/02\/9666433_46a771bf95_m.jpg?resize=350%2C200&ssl=1","width":350,"height":200},"classes":[]},{"id":496,"url":"https:\/\/alpoma.net\/tecob\/?p=496","url_meta":{"origin":901,"position":5},"title":"Sabios idiotas","author":"alpoma","date":"9 junio 2006","format":false,"excerpt":"Aunque el t\u00e9rmino idiot savant ya casi no se utiliza, pues se ha substituido por diversas expresiones m\u00e9dicas relacionadas, muchas veces, con subtipos de autismo, sigue siendo un t\u00e9rmino muy conocido que viene a describir casos de personas en las que, aunque padeciendo retraso mental o autismo en diversos grados,\u2026","rel":"","context":"En \u00abGeneral\u00bb","block_context":{"text":"General","link":"https:\/\/alpoma.net\/tecob\/?cat=1"},"img":{"alt_text":"","src":"https:\/\/i0.wp.com\/alpoma.net\/tecob\/wp-content\/uploads\/2006\/06\/163714819_a7827148c7_o.jpg?resize=350%2C200&ssl=1","width":350,"height":200},"classes":[]}],"jetpack_sharing_enabled":true,"_links":{"self":[{"href":"https:\/\/alpoma.net\/tecob\/index.php?rest_route=\/wp\/v2\/posts\/901","targetHints":{"allow":["GET"]}}],"collection":[{"href":"https:\/\/alpoma.net\/tecob\/index.php?rest_route=\/wp\/v2\/posts"}],"about":[{"href":"https:\/\/alpoma.net\/tecob\/index.php?rest_route=\/wp\/v2\/types\/post"}],"author":[{"embeddable":true,"href":"https:\/\/alpoma.net\/tecob\/index.php?rest_route=\/wp\/v2\/users\/1"}],"replies":[{"embeddable":true,"href":"https:\/\/alpoma.net\/tecob\/index.php?rest_route=%2Fwp%2Fv2%2Fcomments&post=901"}],"version-history":[{"count":0,"href":"https:\/\/alpoma.net\/tecob\/index.php?rest_route=\/wp\/v2\/posts\/901\/revisions"}],"wp:featuredmedia":[{"embeddable":true,"href":"https:\/\/alpoma.net\/tecob\/index.php?rest_route=\/wp\/v2\/media\/10734"}],"wp:attachment":[{"href":"https:\/\/alpoma.net\/tecob\/index.php?rest_route=%2Fwp%2Fv2%2Fmedia&parent=901"}],"wp:term":[{"taxonomy":"category","embeddable":true,"href":"https:\/\/alpoma.net\/tecob\/index.php?rest_route=%2Fwp%2Fv2%2Fcategories&post=901"},{"taxonomy":"post_tag","embeddable":true,"href":"https:\/\/alpoma.net\/tecob\/index.php?rest_route=%2Fwp%2Fv2%2Ftags&post=901"}],"curies":[{"name":"wp","href":"https:\/\/api.w.org\/{rel}","templated":true}]}}