{"id":8863,"date":"2014-03-03T19:54:48","date_gmt":"2014-03-03T17:54:48","guid":{"rendered":"http:\/\/www.alpoma.net\/tecob\/?p=8863"},"modified":"2014-03-03T19:54:48","modified_gmt":"2014-03-03T17:54:48","slug":"1939-observando-el-paso-de-un-gigante-aereo","status":"publish","type":"post","link":"https:\/\/alpoma.net\/tecob\/?p=8863","title":{"rendered":"(1939) Observando el paso de un gigante a\u00e9reo"},"content":{"rendered":"<p><img loading=\"lazy\" decoding=\"async\" src=\"http:\/\/www.alpoma.net\/tecob\/wp-content\/uploads\/2014\/03\/vuelo_dirigible-150x150.jpg\" alt=\"vuelo_dirigible\" width=\"150\" height=\"150\" class=\"dch\" \/>Contemplar el vuelo de uno de los <strong>grandes dirigibles<\/strong> de la primera mitad del siglo XX es una de esas impresionantes experiencias que me gustar\u00eda haber vivido. El siguiente <strong><a href=\"http:\/\/youtu.be\/Z2lsE6ngu2I\">v\u00eddeo<\/a><\/strong> muestra una grabaci\u00f3n casera en la que una familia alemana observa el majestuoso vuelo del <strong><a href=\"http:\/\/es.wikipedia.org\/wiki\/Graf_Zeppelin_LZ_130\"><em>Graf Zeppelin II<\/em><\/a><\/strong> (LZ-130). Lo que m\u00e1s me gusta es el final del v\u00eddeo, cuando los <strong>245 metros del gigante<\/strong> van desapareciendo en la lejana bruma. Los ominosos emblemas de popa anunciaban lo que iba a llegar en poco tiempo.<\/p>\n<p><iframe loading=\"lazy\" width=\"620\" height=\"465\" src=\"\/\/www.youtube.com\/embed\/Z2lsE6ngu2I?rel=0\" frameborder=\"0\" allowfullscreen><\/iframe><\/p>\n<p>La grabaci\u00f3n corresponde a un vuelo de<strong> junio de 1939<\/strong>, pocos meses antes de que fuera retirado el que fuera \u00faltimo de los grandes \u00abbuques\u00bb del aire, ordenado su desmantelamiento en 1940 para aprovechar su metal en la construcci\u00f3n de aviones de guerra alemanes en plena Segunda Guerra Mundial. A pesar de que se intent\u00f3 que volara con helio, despu\u00e9s del desastre del <em><strong>Hindenburg<\/strong> <\/em>de 1937, los problemas econ\u00f3micos y pol\u00edticos (Estados Unidos era el principal suministrador de helio) hicieron que el<em> Graf Zeppelin II<\/em> volara, de nuevo, repleto de hidr\u00f3geno. <\/p>\n<p>| V\u00eda <a href=\"http:\/\/www.airships.net\/blog\/great-film-lz-130-graf-zeppelin\">Airships<\/a> |<\/p>\n","protected":false},"excerpt":{"rendered":"<div class=\"mh-excerpt\"><p>Contemplar el vuelo de uno de los grandes dirigibles de la primera mitad del siglo XX es una de esas impresionantes experiencias que me gustar\u00eda haber vivido. El siguiente v\u00eddeo <a class=\"mh-excerpt-more\" href=\"https:\/\/alpoma.net\/tecob\/?p=8863\" title=\"(1939) Observando el paso de un gigante a\u00e9reo\">[&#8230;]<\/a><\/p>\n<\/div>","protected":false},"author":1,"featured_media":11147,"comment_status":"open","ping_status":"open","sticky":false,"template":"","format":"standard","meta":{"jetpack_post_was_ever_published":false,"_jetpack_newsletter_access":"","_jetpack_dont_email_post_to_subs":false,"_jetpack_newsletter_tier_id":0,"_jetpack_memberships_contains_paywalled_content":false,"_jetpack_memberships_contains_paid_content":false,"footnotes":""},"categories":[3],"tags":[],"class_list":["post-8863","post","type-post","status-publish","format-standard","has-post-thumbnail","hentry","category-obsolescencia"],"jetpack_featured_media_url":"https:\/\/alpoma.net\/tecob\/wp-content\/uploads\/2014\/03\/vuelo_dirigible-150x1501.jpg","jetpack_shortlink":"https:\/\/wp.me\/p93Dc1-2iX","jetpack-related-posts":[{"id":506,"url":"https:\/\/alpoma.net\/tecob\/?p=506","url_meta":{"origin":8863,"position":0},"title":"Me-323, un gigante del cielo","author":"alpoma","date":"16 junio 2006","format":false,"excerpt":"Hoy, en que tanto se est\u00e1 rumoreando sobre tr\u00e1fico de informaci\u00f3n privilegiada en la empresa que fabrica los Airbus, EADS, tras la ca\u00edda de sus acciones al anunciar problemas y retrasos en la salida del gigante A380, me ha venido a la mente otro monstruo volador. Se trata del Me-323,\u2026","rel":"","context":"En \u00abObsolescencia\u00bb","block_context":{"text":"Obsolescencia","link":"https:\/\/alpoma.net\/tecob\/?cat=3"},"img":{"alt_text":"","src":"","width":0,"height":0},"classes":[]},{"id":1051,"url":"https:\/\/alpoma.net\/tecob\/?p=1051","url_meta":{"origin":8863,"position":1},"title":"Peligro en la pista","author":"alpoma","date":"19 diciembre 2008","format":false,"excerpt":"Ya se sabe, cualquier aterrizaje es v\u00e1lido si puedes salir por tu propio pie de la cabina, pero a los operadores de pista de este portaaviones no tuvo que hacerles demasiada gracia ver llegar a un F18 en vuelo err\u00e1tico. El v\u00eddeo, del a\u00f1o 97, corresponde a una grabaci\u00f3n del\u2026","rel":"","context":"En \u00abObsolescencia\u00bb","block_context":{"text":"Obsolescencia","link":"https:\/\/alpoma.net\/tecob\/?cat=3"},"img":{"alt_text":"","src":"","width":0,"height":0},"classes":[]},{"id":5195,"url":"https:\/\/alpoma.net\/tecob\/?p=5195","url_meta":{"origin":8863,"position":2},"title":"Un gato vuela sobre el Canal de la Mancha (1910)","author":"alpoma","date":"11 agosto 2011","format":false,"excerpt":"Desconozco si fue el primer gato en volar en avi\u00f3n, pero en caso de que no fuera as\u00ed, cerca estuvo de serlo. De lo que s\u00ed hay constancia es de que fue el primer gato en volar sobre el Canal de la Mancha. Tiene gracia la situaci\u00f3n, porque el aviador\u2026","rel":"","context":"En \u00abObsolescencia\u00bb","block_context":{"text":"Obsolescencia","link":"https:\/\/alpoma.net\/tecob\/?cat=3"},"img":{"alt_text":"","src":"https:\/\/i0.wp.com\/alpoma.net\/tecob\/wp-content\/uploads\/2011\/08\/6034964681_a403e7097e_o.jpg?resize=350%2C200&ssl=1","width":350,"height":200},"classes":[]},{"id":11681,"url":"https:\/\/alpoma.net\/tecob\/?p=11681","url_meta":{"origin":8863,"position":3},"title":"El primer vuelo a trav\u00e9s del Atl\u00e1ntico&#8230; y no me refiero a Lindbergh","author":"alpoma","date":"8 octubre 2015","format":false,"excerpt":"Son pocos los nombres que realmente quedan grabados a fuego en las p\u00e1ginas de la historia y que puedan soportar con fortuna el paso de las d\u00e9cadas en la memoria colectiva. Uno de esos nombres es el de Charles Lindbergh, h\u00e9roe desde el a\u00f1o 1927, cuando se convirti\u00f3 en el\u2026","rel":"","context":"En \u00abObsolescencia\u00bb","block_context":{"text":"Obsolescencia","link":"https:\/\/alpoma.net\/tecob\/?cat=3"},"img":{"alt_text":"","src":"https:\/\/i0.wp.com\/alpoma.net\/tecob\/wp-content\/uploads\/2015\/10\/curtiss_5.jpg?resize=350%2C200&ssl=1","width":350,"height":200,"srcset":"https:\/\/i0.wp.com\/alpoma.net\/tecob\/wp-content\/uploads\/2015\/10\/curtiss_5.jpg?resize=350%2C200&ssl=1 1x, https:\/\/i0.wp.com\/alpoma.net\/tecob\/wp-content\/uploads\/2015\/10\/curtiss_5.jpg?resize=525%2C300&ssl=1 1.5x"},"classes":[]},{"id":12482,"url":"https:\/\/alpoma.net\/tecob\/?p=12482","url_meta":{"origin":8863,"position":4},"title":"Un simulador de vuelo espa\u00f1ol de 1942","author":"alpoma","date":"30 noviembre 2016","format":false,"excerpt":"Versi\u00f3n para TecOb del art\u00edculo que publiqu\u00e9 en la revista Historia de Iberia Vieja, edici\u00f3n de noviembre de 2016. El sue\u00f1o de volar con los pies en la tierra A finales del siglo XIX, cuando los \u00fanicos aparatos volantes tripulados eran globos o, a lo sumo, algunos de los primeros\u2026","rel":"","context":"En \u00abMade in Spain\u00bb","block_context":{"text":"Made in Spain","link":"https:\/\/alpoma.net\/tecob\/?cat=10"},"img":{"alt_text":"","src":"https:\/\/i0.wp.com\/alpoma.net\/tecob\/wp-content\/uploads\/2016\/11\/Simulador-scaled.jpg?resize=350%2C200&ssl=1","width":350,"height":200,"srcset":"https:\/\/i0.wp.com\/alpoma.net\/tecob\/wp-content\/uploads\/2016\/11\/Simulador-scaled.jpg?resize=350%2C200&ssl=1 1x, https:\/\/i0.wp.com\/alpoma.net\/tecob\/wp-content\/uploads\/2016\/11\/Simulador-scaled.jpg?resize=525%2C300&ssl=1 1.5x, https:\/\/i0.wp.com\/alpoma.net\/tecob\/wp-content\/uploads\/2016\/11\/Simulador-scaled.jpg?resize=700%2C400&ssl=1 2x, https:\/\/i0.wp.com\/alpoma.net\/tecob\/wp-content\/uploads\/2016\/11\/Simulador-scaled.jpg?resize=1050%2C600&ssl=1 3x, https:\/\/i0.wp.com\/alpoma.net\/tecob\/wp-content\/uploads\/2016\/11\/Simulador-scaled.jpg?resize=1400%2C800&ssl=1 4x"},"classes":[]},{"id":1109,"url":"https:\/\/alpoma.net\/tecob\/?p=1109","url_meta":{"origin":8863,"position":5},"title":"El primer aviador espa\u00f1ol (1793)","author":"alpoma","date":"4 abril 2009","format":false,"excerpt":"AVISO: El presente post corresponde a la versi\u00f3n web reducida del art\u00edculo que publiqu\u00e9 en Historia de Iberia Vieja en su edici\u00f3n del mes de abril de 2009. Esto de averiguar qui\u00e9n es el primer hombre que vol\u00f3 parece cosa complicada, ejercicio para eruditos. Por lo visto, vamos a tardar\u2026","rel":"","context":"En \u00abMade in Spain\u00bb","block_context":{"text":"Made in Spain","link":"https:\/\/alpoma.net\/tecob\/?cat=10"},"img":{"alt_text":"Asuntos nubosos","src":"https:\/\/i0.wp.com\/farm4.static.flickr.com\/3083\/2722203538_0e6300434d_m.jpg?resize=350%2C200","width":350,"height":200},"classes":[]}],"jetpack_sharing_enabled":true,"_links":{"self":[{"href":"https:\/\/alpoma.net\/tecob\/index.php?rest_route=\/wp\/v2\/posts\/8863","targetHints":{"allow":["GET"]}}],"collection":[{"href":"https:\/\/alpoma.net\/tecob\/index.php?rest_route=\/wp\/v2\/posts"}],"about":[{"href":"https:\/\/alpoma.net\/tecob\/index.php?rest_route=\/wp\/v2\/types\/post"}],"author":[{"embeddable":true,"href":"https:\/\/alpoma.net\/tecob\/index.php?rest_route=\/wp\/v2\/users\/1"}],"replies":[{"embeddable":true,"href":"https:\/\/alpoma.net\/tecob\/index.php?rest_route=%2Fwp%2Fv2%2Fcomments&post=8863"}],"version-history":[{"count":0,"href":"https:\/\/alpoma.net\/tecob\/index.php?rest_route=\/wp\/v2\/posts\/8863\/revisions"}],"wp:featuredmedia":[{"embeddable":true,"href":"https:\/\/alpoma.net\/tecob\/index.php?rest_route=\/wp\/v2\/media\/11147"}],"wp:attachment":[{"href":"https:\/\/alpoma.net\/tecob\/index.php?rest_route=%2Fwp%2Fv2%2Fmedia&parent=8863"}],"wp:term":[{"taxonomy":"category","embeddable":true,"href":"https:\/\/alpoma.net\/tecob\/index.php?rest_route=%2Fwp%2Fv2%2Fcategories&post=8863"},{"taxonomy":"post_tag","embeddable":true,"href":"https:\/\/alpoma.net\/tecob\/index.php?rest_route=%2Fwp%2Fv2%2Ftags&post=8863"}],"curies":[{"name":"wp","href":"https:\/\/api.w.org\/{rel}","templated":true}]}}