{"id":8818,"date":"2014-02-12T20:48:31","date_gmt":"2014-02-12T18:48:31","guid":{"rendered":"http:\/\/www.alpoma.net\/tecob\/?p=8818"},"modified":"2014-02-12T20:48:31","modified_gmt":"2014-02-12T18:48:31","slug":"el-buitre-y-el-dirigible","status":"publish","type":"post","link":"https:\/\/alpoma.net\/tecob\/?p=8818","title":{"rendered":"El buitre y el dirigible"},"content":{"rendered":"<p>En todas las \u00e9pocas, en todos los tiempos, adem\u00e1s de la burocracia hay algo que ni ha cambiado ni parece que vaya a cambiar. Se trata de los <strong>bulos<\/strong>. Y es que, <strong>noticias falsas<\/strong> aparecen por todas partes y no hay d\u00eda que no salten por ac\u00e1 o por all\u00e1.<\/p>\n<p><img loading=\"lazy\" decoding=\"async\" src=\"http:\/\/www.alpoma.net\/tecob\/wp-content\/uploads\/2014\/02\/Graf_zeppelin-300x193.jpg\" alt=\"Graf_zeppelin\" width=\"300\" height=\"193\" class=\"dch\" \/>Me encontr\u00e9 hace poco con <strong>un ejemplo muy curioso que vendr\u00eda a ser el t\u00edpico bulo de causa y efecto<\/strong>, solo que la relaci\u00f3n, que tan l\u00f3gica parec\u00eda para algunos, no ten\u00eda ni pies ni cabeza. Todo comenz\u00f3 con la admiraci\u00f3n de los madrile\u00f1os ante el paso por las alturas de <strong>un gigantesco dirigible<\/strong>. El m\u00e1s famoso de todos los diribibles, con permiso del tristemente c\u00e9lebre <strong><a href=\"http:\/\/es.wikipedia.org\/wiki\/Dirigible_Hindenburg\">Hindenburg<\/a><\/strong> (LZ 129), fue sin duda alguna el <strong><a href=\"http:\/\/es.wikipedia.org\/wiki\/Graf_Zeppelin_LZ_127\">Graf Zeppelin<\/a><\/strong> (LZ 127). El gran p\u00e1jaro de 236 metros de longitud, repleto de hidr\u00f3geno en sus entra\u00f1as, era capaz de transportar c\u00f3modamente a una veintena de pasajeros en viajes intercontinentales. Cruz\u00f3 el Atl\u00e1ntico en decenas de ocasiones y realiz\u00f3 viajes alrededor del planeta y vuelos polares. <\/p>\n<p>El mi\u00e9rcoles <strong>21 de septiembre de 1932<\/strong>, y en jornadas posteriores, la prensa espa\u00f1ola mostr\u00f3 su admiraci\u00f3n por esa gran nave a\u00e9rea. A su paso por <strong>Madrid<\/strong>, las gentes quedaron asombradas. He aqu\u00ed, por ejemplo, lo publicado en el diario <em>Luz<\/em>, aquel mismo d\u00eda&#8230;<\/p>\n<blockquote><p><em>A las siete de la ma\u00f1ana de hoy el vecindario madrile\u00f1o se vio sorprendido con la presencia sobre la capital del \u00abGraf Zeppelin\u00bb. El ruido de los motores de la aeronave despert\u00f3 la curiosidad de mucha gente, que se asom\u00f3 a los balcones o se lanz\u00f3 a la calle para contemplar al enorme aparato. (&#8230;) Regresa de Am\u00e9rica y ayer fue registrado su paso por Tenerife. Vol\u00f3 sobre Madrid muy bajo, y la gente se detuvo en las calles para admirarlo. En cuanto fue advertida su presencia, se elevaron cuatro aparatos en Cuatro Vientos, que escoltaron al \u00abZeppelin\u00bb durante sus evoluciones sobre Madrid. <\/p>\n<p>Apareci\u00f3 por la parte sur y lleg\u00f3 hasta el norte de la capital. Evolucion\u00f3 por los Cuatro Caminos a la hora citada, en que en dicha barriada hay gran animaci\u00f3n por ser el momento en que los obreros acuden al trabajo. Despu\u00e9s vol\u00f3 sobre Vallehermoso y dio otra vuelta y desapareci\u00f3 por la Prosperidad, rumbo nordeste. <\/p>\n<p>Como hemos dicho, la aeronave volaba baj\u00edsima y era f\u00e1cil distinguir a los viajeros, que saludaban a los millares de curiosos. (&#8230;) A las diez de la ma\u00f1ana el p\u00fablico que transitaba por la plaza de Herradores se vio sorprendida con el descenso de un enorme buitre. Alrededor del animal se agruparon much\u00edsimas personas, haci\u00e9ndose los naturales comentarios. (&#8230;) Abundaban las explicaciones al hecho. Entre ellas destaca la de que el buitre debi\u00f3 ser v\u00edctima de los disparos de los pasajeros del \u00abGraf Zeppelin\u00bb que poco antes hab\u00eda volado sobre Madrid. El buitre mide dos metros de punta a punta de las alas. Un barrendero que pasaba por aquel lugar, m\u00e1s oportuno que el resto del p\u00fablico, cogi\u00f3 el buitre y se march\u00f3 tranquilamente con \u00e9l, ignor\u00e1ndose el destino que le habr\u00e1 dado.<\/em><\/p><\/blockquote>\n<p>Veamos, <strong>la historia del pobre buitre<\/strong> se repiti\u00f3 por doquier aquella jornada. El asunto de la l\u00f3gica sencilla de causa y efecto no admit\u00edda dudas para muchos. Hab\u00eda pasado un gran dirigible sobre Madrid y, al poco, un gran buitre aparec\u00eda en una calle de la ciudad. Estaba claro, o le hab\u00edan disparado desde la nave volante o se hab\u00eda estrellado contra ella. <strong>El culpable, sin duda, era el dirigible alem\u00e1n.<\/strong> Pero claro, <strong>las identificaciones de causa y efecto no suelen ser tan simples<\/strong>. As\u00ed, la soluci\u00f3n lleg\u00f3 al d\u00eda siguiente. El diario <em>La voz<\/em> public\u00f3 el jueves 22 de septiembre de 1932 la siguiente aclaraci\u00f3n&#8230;<\/p>\n<blockquote><p><em>La aparici\u00f3n de un buitre en las calles de Madrid fue ayer tema period\u00edstico que estuvo a punto de eclipsar las informaciones sobre la visita del \u00abGraff Zeppelin\u00bb, y el caso no era para menos, ya que tal descubrimiento era bastante singular. (&#8230;) Alg\u00fan diligente repotero se ha empe\u00f1ado en meter la nariz en el extra\u00f1o asunto y ha dado al traste con la leyenda que corri\u00f3 ayer por todas las calles de la villa. (&#8230;) Y el caso no puede ser m\u00e1s vulgar. El desdichado buitre, ni cay\u00f3 en la plaza de Herradores ni siquiera fue cazado a escoba por el barrendero aprehensor, sino que vino hace d\u00edas por ferrocarril en una jaula de gallinas, remitido como obsequio de un industrial de aves a un abastecedor de Madrid. <\/p>\n<p>Pero el abastecedor, que por lo visto no es aficionado a esa clase de ejemplares, al ver que el buitre era cojo, lagrimeaba del ojo izquierdo y adem\u00e1s estaba plagado de piojos, temeroso de que infestara de par\u00e1sitos a sus excelentes gallin\u00e1ceas, decidi\u00f3 deshacerse del corbirrostro, y como en Madrid no hay asilo para cierta especie de seres vivientes, se lo entreg\u00f3 al primero que pasaba por la calle y que en esta ocasi\u00f3n fue el barrendero. He aqu\u00ed, pues, explicada la historia del buitre, que ni regalado siquiera lo ha querido admitir don Cecilio en el Parque del Retiro. Respecto a que todos dij\u00e9ramos que hab\u00eda volado sobre la plaza de Herradores, nada hemos de rectificar, ya que la leyenda, cuando lleg\u00f3 a nosotros, hab\u00eda volado por todo Madrid. Despu\u00e9s de todo, vuelan a diario tantas cosas&#8230;<\/em><\/p><\/blockquote>\n","protected":false},"excerpt":{"rendered":"<div class=\"mh-excerpt\"><p>En todas las \u00e9pocas, en todos los tiempos, adem\u00e1s de la burocracia hay algo que ni ha cambiado ni parece que vaya a cambiar. Se trata de los bulos. Y <a class=\"mh-excerpt-more\" href=\"https:\/\/alpoma.net\/tecob\/?p=8818\" title=\"El buitre y el dirigible\">[&#8230;]<\/a><\/p>\n<\/div>","protected":false},"author":1,"featured_media":10699,"comment_status":"open","ping_status":"open","sticky":false,"template":"","format":"standard","meta":{"jetpack_post_was_ever_published":false,"_jetpack_newsletter_access":"","_jetpack_dont_email_post_to_subs":false,"_jetpack_newsletter_tier_id":0,"_jetpack_memberships_contains_paywalled_content":false,"_jetpack_memberships_contains_paid_content":false,"footnotes":""},"categories":[10],"tags":[],"class_list":["post-8818","post","type-post","status-publish","format-standard","has-post-thumbnail","hentry","category-made_in_spain"],"jetpack_featured_media_url":"https:\/\/alpoma.net\/tecob\/wp-content\/uploads\/2014\/02\/Graf_zeppelin-300x1931.jpg","jetpack_shortlink":"https:\/\/wp.me\/p93Dc1-2ie","jetpack-related-posts":[{"id":3508,"url":"https:\/\/alpoma.net\/tecob\/?p=3508","url_meta":{"origin":8818,"position":0},"title":"La aventura del Zeppelin LZ-104 en \u00c1frica","author":"alpoma","date":"17 septiembre 2010","format":false,"excerpt":"No era gran cosa, no al menos si se comparaba con sus hermanos. El Zeppelin LZ-104, tambi\u00e9n conocido por su numeraci\u00f3n t\u00e1ctica L.59, fue un dirigible militar alem\u00e1n que contaba con una longitud de 226,50 metros y un di\u00e1metro de 23,90 metros. Con un volumen de 68.500 metros c\u00fabicos, era\u2026","rel":"","context":"En \u00abObsolescencia\u00bb","block_context":{"text":"Obsolescencia","link":"https:\/\/alpoma.net\/tecob\/?cat=3"},"img":{"alt_text":"","src":"https:\/\/i0.wp.com\/alpoma.net\/tecob\/wp-content\/uploads\/2010\/09\/4998870191_0f4c9a499b_o.jpg?resize=350%2C200&ssl=1","width":350,"height":200,"srcset":"https:\/\/i0.wp.com\/alpoma.net\/tecob\/wp-content\/uploads\/2010\/09\/4998870191_0f4c9a499b_o.jpg?resize=350%2C200&ssl=1 1x, https:\/\/i0.wp.com\/alpoma.net\/tecob\/wp-content\/uploads\/2010\/09\/4998870191_0f4c9a499b_o.jpg?resize=525%2C300&ssl=1 1.5x"},"classes":[]},{"id":12824,"url":"https:\/\/alpoma.net\/tecob\/?p=12824","url_meta":{"origin":8818,"position":1},"title":"Jer\u00f3nimo Meg\u00edas, el m\u00e9dico espa\u00f1ol que dio la vuelta al mundo en el Graf Zeppelin","author":"alpoma","date":"2 septiembre 2017","format":false,"excerpt":"Jer\u00f3nimo y Jacinto Meg\u00edas, hermanos canarios, m\u00e9dicos y bacteri\u00f3logos de renombre se convirtieron por m\u00e9ritos propios en dos de las figuras intelectuales m\u00e1s asombrosas de la Espa\u00f1a de la primera mitad del siglo XX. Pero, adem\u00e1s, Jer\u00f3nimo Meg\u00edas tambi\u00e9n sent\u00eda una pasi\u00f3n por la aventura que le llev\u00f3 a ser\u2026","rel":"","context":"En \u00abMade in Spain\u00bb","block_context":{"text":"Made in Spain","link":"https:\/\/alpoma.net\/tecob\/?cat=10"},"img":{"alt_text":"","src":"https:\/\/i0.wp.com\/alpoma.net\/tecob\/wp-content\/uploads\/2017\/09\/jeronimo.jpg?resize=350%2C200&ssl=1","width":350,"height":200,"srcset":"https:\/\/i0.wp.com\/alpoma.net\/tecob\/wp-content\/uploads\/2017\/09\/jeronimo.jpg?resize=350%2C200&ssl=1 1x, https:\/\/i0.wp.com\/alpoma.net\/tecob\/wp-content\/uploads\/2017\/09\/jeronimo.jpg?resize=525%2C300&ssl=1 1.5x, https:\/\/i0.wp.com\/alpoma.net\/tecob\/wp-content\/uploads\/2017\/09\/jeronimo.jpg?resize=700%2C400&ssl=1 2x, https:\/\/i0.wp.com\/alpoma.net\/tecob\/wp-content\/uploads\/2017\/09\/jeronimo.jpg?resize=1050%2C600&ssl=1 3x"},"classes":[]},{"id":8952,"url":"https:\/\/alpoma.net\/tecob\/?p=8952","url_meta":{"origin":8818,"position":2},"title":"Cuando Espa\u00f1a volaba en dirigible","author":"alpoma","date":"4 abril 2014","format":false,"excerpt":"Fragmentos del art\u00edculo sobre Torres Quevedo que publiqu\u00e9 en la revista Historia de Iberia Vieja en su edici\u00f3n del mes de abril de 2014. La edad de oro de los dirigibles A principios del siglo XX no eran los aviones, apenas reci\u00e9n nacidos, los aparatos voladores que parec\u00edan tener un\u2026","rel":"","context":"En \u00abMade in Spain\u00bb","block_context":{"text":"Made in Spain","link":"https:\/\/alpoma.net\/tecob\/?cat=10"},"img":{"alt_text":"","src":"https:\/\/i0.wp.com\/alpoma.net\/tecob\/wp-content\/uploads\/2014\/04\/dtr_1.jpg?resize=350%2C200&ssl=1","width":350,"height":200,"srcset":"https:\/\/i0.wp.com\/alpoma.net\/tecob\/wp-content\/uploads\/2014\/04\/dtr_1.jpg?resize=350%2C200&ssl=1 1x, https:\/\/i0.wp.com\/alpoma.net\/tecob\/wp-content\/uploads\/2014\/04\/dtr_1.jpg?resize=525%2C300&ssl=1 1.5x, https:\/\/i0.wp.com\/alpoma.net\/tecob\/wp-content\/uploads\/2014\/04\/dtr_1.jpg?resize=700%2C400&ssl=1 2x"},"classes":[]},{"id":5940,"url":"https:\/\/alpoma.net\/tecob\/?p=5940","url_meta":{"origin":8818,"position":3},"title":"\u00a1Fumen radio!","author":"alpoma","date":"4 enero 2012","format":false,"excerpt":"El noruego Roald Amundsen, que hace poco m\u00e1s de un siglo se convirti\u00f3 en el primer ser humano en llegar al Polo Sur, era un explorador de esos que no se quedan quietos ni en la cama. Despu\u00e9s de diversas expediciones por medio mundo, decidi\u00f3 que su pr\u00f3xima aventura, entre\u2026","rel":"","context":"En \u00abObsolescencia\u00bb","block_context":{"text":"Obsolescencia","link":"https:\/\/alpoma.net\/tecob\/?cat=3"},"img":{"alt_text":"el_buen_tono","src":"https:\/\/i0.wp.com\/farm8.staticflickr.com\/7155\/6630658301_39d6fc694e.jpg?resize=350%2C200","width":350,"height":200},"classes":[]},{"id":2285,"url":"https:\/\/alpoma.net\/tecob\/?p=2285","url_meta":{"origin":8818,"position":4},"title":"El ojo del dirigible","author":"alpoma","date":"2 marzo 2010","format":false,"excerpt":"Esta es una de las curiosidades tecnol\u00f3gicas de la Primera Guerra Mundial que m\u00e1s me han llamado la atenci\u00f3n desde hace a\u00f1os. Durante la Gran Guerra, invadiendo territorio aliado, los dirigibles alemanes tipo Zeppelin o los Sch\u00fctte-Lanz, entre otros modelos de nave a\u00e9rea, necesitaban volar a gran altitud para evitar\u2026","rel":"","context":"En \u00abObsolescencia\u00bb","block_context":{"text":"Obsolescencia","link":"https:\/\/alpoma.net\/tecob\/?cat=3"},"img":{"alt_text":"","src":"https:\/\/i0.wp.com\/alpoma.net\/tecob\/wp-content\/uploads\/2010\/03\/4400917179_b7424dce67_o.jpg?resize=350%2C200&ssl=1","width":350,"height":200,"srcset":"https:\/\/i0.wp.com\/alpoma.net\/tecob\/wp-content\/uploads\/2010\/03\/4400917179_b7424dce67_o.jpg?resize=350%2C200&ssl=1 1x, https:\/\/i0.wp.com\/alpoma.net\/tecob\/wp-content\/uploads\/2010\/03\/4400917179_b7424dce67_o.jpg?resize=525%2C300&ssl=1 1.5x"},"classes":[]},{"id":14423,"url":"https:\/\/alpoma.net\/tecob\/?p=14423","url_meta":{"origin":8818,"position":5},"title":"Los platillos volantes de Guido Tallei","author":"alpoma","date":"21 marzo 2019","format":false,"excerpt":"El 24 de junio de 1947 el piloto Kenneth Arnold, de Boise (Idaho, Estados Unidos), vio nueve extra\u00f1os objetos \"saltando en el aire como platos sobre el agua\", cuando volaba con su avioneta cerca del Monte Rainier, estado de Washington. Tiempo despu\u00e9s un periodista, tras escuchar la narraci\u00f3n de Kenneth,\u2026","rel":"","context":"En \u00abObsolescencia\u00bb","block_context":{"text":"Obsolescencia","link":"https:\/\/alpoma.net\/tecob\/?cat=3"},"img":{"alt_text":"","src":"https:\/\/i0.wp.com\/alpoma.net\/tecob\/wp-content\/uploads\/2019\/03\/guido-tallei-3.jpg?resize=350%2C200&ssl=1","width":350,"height":200,"srcset":"https:\/\/i0.wp.com\/alpoma.net\/tecob\/wp-content\/uploads\/2019\/03\/guido-tallei-3.jpg?resize=350%2C200&ssl=1 1x, https:\/\/i0.wp.com\/alpoma.net\/tecob\/wp-content\/uploads\/2019\/03\/guido-tallei-3.jpg?resize=525%2C300&ssl=1 1.5x"},"classes":[]}],"jetpack_sharing_enabled":true,"_links":{"self":[{"href":"https:\/\/alpoma.net\/tecob\/index.php?rest_route=\/wp\/v2\/posts\/8818","targetHints":{"allow":["GET"]}}],"collection":[{"href":"https:\/\/alpoma.net\/tecob\/index.php?rest_route=\/wp\/v2\/posts"}],"about":[{"href":"https:\/\/alpoma.net\/tecob\/index.php?rest_route=\/wp\/v2\/types\/post"}],"author":[{"embeddable":true,"href":"https:\/\/alpoma.net\/tecob\/index.php?rest_route=\/wp\/v2\/users\/1"}],"replies":[{"embeddable":true,"href":"https:\/\/alpoma.net\/tecob\/index.php?rest_route=%2Fwp%2Fv2%2Fcomments&post=8818"}],"version-history":[{"count":0,"href":"https:\/\/alpoma.net\/tecob\/index.php?rest_route=\/wp\/v2\/posts\/8818\/revisions"}],"wp:featuredmedia":[{"embeddable":true,"href":"https:\/\/alpoma.net\/tecob\/index.php?rest_route=\/wp\/v2\/media\/10699"}],"wp:attachment":[{"href":"https:\/\/alpoma.net\/tecob\/index.php?rest_route=%2Fwp%2Fv2%2Fmedia&parent=8818"}],"wp:term":[{"taxonomy":"category","embeddable":true,"href":"https:\/\/alpoma.net\/tecob\/index.php?rest_route=%2Fwp%2Fv2%2Fcategories&post=8818"},{"taxonomy":"post_tag","embeddable":true,"href":"https:\/\/alpoma.net\/tecob\/index.php?rest_route=%2Fwp%2Fv2%2Ftags&post=8818"}],"curies":[{"name":"wp","href":"https:\/\/api.w.org\/{rel}","templated":true}]}}