{"id":8772,"date":"2014-01-26T18:00:35","date_gmt":"2014-01-26T16:00:35","guid":{"rendered":"http:\/\/www.alpoma.net\/tecob\/?p=8772"},"modified":"2014-01-27T17:47:58","modified_gmt":"2014-01-27T15:47:58","slug":"tesla-en-la-prensa-espanola","status":"publish","type":"post","link":"https:\/\/alpoma.net\/tecob\/?p=8772","title":{"rendered":"Tesla en la prensa espa\u00f1ola"},"content":{"rendered":"<p>A lo largo de esta semana que comienza enviar\u00e9 a Apple, por fin, la app sobre <strong>Nikola Tesla<\/strong> para iPad que he estado construyendo en las \u00faltimas semanas. Luego, a esperar que la gente de la manzana lo apruebe.<\/p>\n<p>La aplicaci\u00f3n es <strong>divulgativa<\/strong>, con audio y un sencillo sistema de \u00abfichas\u00bb desplegables con fotograf\u00edas y textos pero hay muchos detalles que no he podido incluir. Por ejemplo, he recopilado gran cantidad de <strong>recortes de prensa espa\u00f1ola de la \u00e9poca que mostraba gran atenci\u00f3n a las <em>promesas de un fant\u00e1stico futuro tesliano<\/em><\/strong>, pero finalmente esas referencias no encontraron lugar en la versi\u00f3n en castellano por diversos motivos. He aqu\u00ed varios de esos recortes, algunos de ellos realmente curiosos,con errores como atribuir a nuestro protagonista la nacionalidad montenegrina o como el de la \u00abola de Tesla\u00bb, t\u00edpica atribuci\u00f3n a Nikola de algo que realmente no ten\u00eda mucho que ver con lo afirmado por el genio de la electricidad. <em>(Pincha en las im\u00e1genes para ampliar)<\/em>.<\/p>\n<p><a href=\"http:\/\/www.alpoma.com\/images_tecob\/1_tsl.jpg\"><img decoding=\"async\" src=\"http:\/\/www.alpoma.com\/images_tecob\/1_tsl.jpg\" width=\"620px\" class=\"otros\"\/><\/a><br \/>\n<em>La Ilustraci\u00f3n Art\u00edstica<\/em>, Barcelona, 26 de octubre de 1891. (Fuente: Biblioteca Nacional de Espa\u00f1a).<!--more--><\/p>\n<p><a href=\"http:\/\/www.alpoma.com\/images_tecob\/2_tsl.jpg\"><img decoding=\"async\" src=\"http:\/\/www.alpoma.com\/images_tecob\/2_tsl.jpg\" width=\"620px\" class=\"otros\"\/><\/a><br \/>\n<em>Resumen de arquitectura<\/em>, Madrid, 1 de agosto de 1895. (Fuente: Biblioteca Nacional de Espa\u00f1a).<\/p>\n<p><a href=\"http:\/\/www.alpoma.com\/images_tecob\/7_tsl.jpg\"><img decoding=\"async\" src=\"http:\/\/www.alpoma.com\/images_tecob\/7_tsl.jpg\" width=\"620px\" class=\"otros\"\/><\/a><br \/>\n<em>Alrededor del Mundo<\/em>, Madrid, 16 de junio de 1899. (Fuente: Biblioteca Nacional de Espa\u00f1a).<\/p>\n<p><a href=\"http:\/\/www.alpoma.com\/images_tecob\/4_tsl.jpg\"><img decoding=\"async\" src=\"http:\/\/www.alpoma.com\/images_tecob\/4_tsl.jpg\" width=\"620px\" class=\"otros\"\/><\/a><br \/>\n<em>Alrededor del Mundo<\/em>, Madrid, 5 de julio de 1900. (Fuente: Biblioteca Nacional de Espa\u00f1a).<\/p>\n<p><a href=\"http:\/\/www.alpoma.com\/images_tecob\/5_tsl.jpg\"><img decoding=\"async\" src=\"http:\/\/www.alpoma.com\/images_tecob\/5_tsl.jpg\" width=\"620px\" class=\"otros\"\/><\/a><br \/>\n<em>Alrededor del Mundo<\/em>, Madrid, 1 de agosto de 1901. (Fuente: Biblioteca Nacional de Espa\u00f1a).<\/p>\n<p><a href=\"http:\/\/www.alpoma.com\/images_tecob\/6_tsl.jpg\"><img decoding=\"async\" src=\"http:\/\/www.alpoma.com\/images_tecob\/6_tsl.jpg\" width=\"620px\" class=\"otros\"\/><\/a><br \/>\n<em>Alrededor del Mundo<\/em>, Madrid, 16 de junio de 1904. (Fuente: Biblioteca Nacional de Espa\u00f1a).<\/p>\n<p><a href=\"http:\/\/www.alpoma.com\/images_tecob\/3_tsl.jpg\"><img decoding=\"async\" src=\"http:\/\/www.alpoma.com\/images_tecob\/3_tsl.jpg\" width=\"620px\" class=\"otros\"\/><\/a><br \/>\n<em>Alrededor del Mundo<\/em>, Madrid, 15 de mayo de 1907. (Fuente: Biblioteca Nacional de Espa\u00f1a).<\/p>\n<p><a href=\"http:\/\/www.alpoma.com\/images_tecob\/8_tsl.jpg\"><img decoding=\"async\" src=\"http:\/\/www.alpoma.com\/images_tecob\/8_tsl.jpg\" width=\"620px\" class=\"otros\"\/><\/a><br \/>\n<em>El Amigo<\/em>, Barcelona, 15 de septiembre de 1919.<\/p>\n","protected":false},"excerpt":{"rendered":"<div class=\"mh-excerpt\"><p>A lo largo de esta semana que comienza enviar\u00e9 a Apple, por fin, la app sobre Nikola Tesla para iPad que he estado construyendo en las \u00faltimas semanas. Luego, a <a class=\"mh-excerpt-more\" href=\"https:\/\/alpoma.net\/tecob\/?p=8772\" title=\"Tesla en la prensa espa\u00f1ola\">[&#8230;]<\/a><\/p>\n<\/div>","protected":false},"author":1,"featured_media":11066,"comment_status":"open","ping_status":"open","sticky":false,"template":"","format":"standard","meta":{"jetpack_post_was_ever_published":false,"_jetpack_newsletter_access":"","_jetpack_dont_email_post_to_subs":false,"_jetpack_newsletter_tier_id":0,"_jetpack_memberships_contains_paywalled_content":false,"_jetpack_memberships_contains_paid_content":false,"footnotes":""},"categories":[10],"tags":[],"class_list":["post-8772","post","type-post","status-publish","format-standard","has-post-thumbnail","hentry","category-made_in_spain"],"jetpack_featured_media_url":"https:\/\/alpoma.net\/tecob\/wp-content\/uploads\/2014\/01\/1_tsl.jpg","jetpack_shortlink":"https:\/\/wp.me\/p93Dc1-2hu","jetpack-related-posts":[{"id":5023,"url":"https:\/\/alpoma.net\/tecob\/?p=5023","url_meta":{"origin":8772,"position":0},"title":"Nikola Tesla: Yo y la energ\u00eda","author":"alpoma","date":"1 julio 2011","format":false,"excerpt":"La figura de Nikola Tesla, uno de los padres de la tecnolog\u00eda el\u00e9ctrica actual, ha visto c\u00f3mo en los \u00faltimos tiempos ha renacido de las formas m\u00e1s extra\u00f1as imaginables el inter\u00e9s por su obra y vida. El problema de ver a Tesla mencionado en pel\u00edculas, c\u00f3mics, libros de todo tipo,\u2026","rel":"","context":"En \u00abPersonal\u00bb","block_context":{"text":"Personal","link":"https:\/\/alpoma.net\/tecob\/?cat=2"},"img":{"alt_text":"Yo y la energ\u00eda","src":"https:\/\/i0.wp.com\/farm6.static.flickr.com\/5309\/5891072563_1c11a97300_m.jpg?resize=350%2C200","width":350,"height":200},"classes":[]},{"id":12185,"url":"https:\/\/alpoma.net\/tecob\/?p=12185","url_meta":{"origin":8772,"position":1},"title":"La vida de Nikola Tesla en c\u00f3mic","author":"alpoma","date":"10 julio 2016","format":false,"excerpt":"Hoy, 10 de julio de 2016, se cumplen 160 a\u00f1os del nacimiento del gran Nikola Tesla. Para celebrar tan brillante fecha, he rescatado y adaptado libremente esta historia gr\u00e1fica de Gardner Soule, publicada originalmente en julio de 1956 en Popular Science... Noche del 9 al 10 de julio de 1856,\u2026","rel":"","context":"En \u00abObsolescencia\u00bb","block_context":{"text":"Obsolescencia","link":"https:\/\/alpoma.net\/tecob\/?cat=3"},"img":{"alt_text":"","src":"https:\/\/i0.wp.com\/alpoma.net\/tecob\/wp-content\/uploads\/2016\/07\/12.png?resize=350%2C200&ssl=1","width":350,"height":200},"classes":[]},{"id":7522,"url":"https:\/\/alpoma.net\/tecob\/?p=7522","url_meta":{"origin":8772,"position":2},"title":"[Libro] Firmado: Nikola Tesla. Escritos y cartas, 1890-1943","author":"alpoma","date":"16 noviembre 2012","format":false,"excerpt":"En TecOb ya me he referido en otras ocasiones al esfuerzo del periodista, escritor y cr\u00edtico cinematogr\u00e1fico asturiano Miguel A. Delgado por dar a conocer la verdadera figura de Nikola Tesla en espa\u00f1ol. Tras Nikola Tesla. El genio al que le robaron la luz, y Yo y la energ\u00eda, llega\u2026","rel":"","context":"En \u00abObsolescencia\u00bb","block_context":{"text":"Obsolescencia","link":"https:\/\/alpoma.net\/tecob\/?cat=3"},"img":{"alt_text":"","src":"https:\/\/i0.wp.com\/alpoma.net\/tecob\/wp-content\/uploads\/2012\/11\/tesla_lib.gif?resize=350%2C200&ssl=1","width":350,"height":200},"classes":[]},{"id":8804,"url":"https:\/\/alpoma.net\/tecob\/?p=8804","url_meta":{"origin":8772,"position":3},"title":"Tesla de tableta","author":"alpoma","date":"6 febrero 2014","format":false,"excerpt":"AVISO: Actualmente la app no est\u00e1 disponible para nuevas descargas en la App Store de Apple debido a problemas de compatibilidad con las nuevas versiones de iOS. En cuanto sea posible realizar\u00e9 una nueva versi\u00f3n. Vale, pues ya est\u00e1. Ha sido un proyecto que me ha comido muchas neuronas, m\u00e1s\u2026","rel":"","context":"En \u00abPersonal\u00bb","block_context":{"text":"Personal","link":"https:\/\/alpoma.net\/tecob\/?cat=2"},"img":{"alt_text":"","src":"https:\/\/i0.wp.com\/alpoma.net\/tecob\/wp-content\/uploads\/2014\/02\/present.jpg?resize=350%2C200&ssl=1","width":350,"height":200,"srcset":"https:\/\/i0.wp.com\/alpoma.net\/tecob\/wp-content\/uploads\/2014\/02\/present.jpg?resize=350%2C200&ssl=1 1x, https:\/\/i0.wp.com\/alpoma.net\/tecob\/wp-content\/uploads\/2014\/02\/present.jpg?resize=525%2C300&ssl=1 1.5x, https:\/\/i0.wp.com\/alpoma.net\/tecob\/wp-content\/uploads\/2014\/02\/present.jpg?resize=700%2C400&ssl=1 2x"},"classes":[]},{"id":10010,"url":"https:\/\/alpoma.net\/tecob\/?p=10010","url_meta":{"origin":8772,"position":4},"title":"Nikola Trbojevich, el genial sobrino de Nikola Tesla","author":"alpoma","date":"25 agosto 2014","format":false,"excerpt":"Puede que su parentesco con el gigante que fue Nikola Tesla sea el motivo por el que Nikola Trbojevich es citado en muchos lugares, pero que no nos enga\u00f1e el prejuicio, porque se trat\u00f3 de alguien digno de menci\u00f3n por m\u00e9ritos propios. Es m\u00e1s, muchos de sus ingenios nos acompa\u00f1an\u2026","rel":"","context":"En \u00abObsolescencia\u00bb","block_context":{"text":"Obsolescencia","link":"https:\/\/alpoma.net\/tecob\/?cat=3"},"img":{"alt_text":"","src":"https:\/\/i0.wp.com\/alpoma.net\/tecob\/wp-content\/uploads\/2014\/08\/reactor_trbojevich.jpg?resize=350%2C200&ssl=1","width":350,"height":200,"srcset":"https:\/\/i0.wp.com\/alpoma.net\/tecob\/wp-content\/uploads\/2014\/08\/reactor_trbojevich.jpg?resize=350%2C200&ssl=1 1x, https:\/\/i0.wp.com\/alpoma.net\/tecob\/wp-content\/uploads\/2014\/08\/reactor_trbojevich.jpg?resize=525%2C300&ssl=1 1.5x"},"classes":[]},{"id":10303,"url":"https:\/\/alpoma.net\/tecob\/?p=10303","url_meta":{"origin":8772,"position":5},"title":"Iglesias Blanco, el \u201cTesla de Pozuelo\u201d","author":"alpoma","date":"19 enero 2015","format":false,"excerpt":"Versi\u00f3n reducida del art\u00edculo que publiqu\u00e9 en la revista Historia de Iberia Vieja, edici\u00f3n de enero de 2015. El inventor de las explosiones a distancia, Don Jos\u00e9 Juli\u00e1n Iglesias Blanco, hizo ayer en las cercan\u00edas del inmediato pueblo de Pozuelo de Alarc\u00f3n, con \u00e9xito absolutamente satisfactorio, las pruebas de otro\u2026","rel":"","context":"En \u00abMade in Spain\u00bb","block_context":{"text":"Made in Spain","link":"https:\/\/alpoma.net\/tecob\/?cat=10"},"img":{"alt_text":"iglesias_blanco_1","src":"https:\/\/i0.wp.com\/www.alpoma.net\/tecob\/wp-content\/uploads\/2015\/01\/iglesias_blanco_1-288x300.jpg?resize=350%2C200","width":350,"height":200},"classes":[]}],"jetpack_sharing_enabled":true,"_links":{"self":[{"href":"https:\/\/alpoma.net\/tecob\/index.php?rest_route=\/wp\/v2\/posts\/8772","targetHints":{"allow":["GET"]}}],"collection":[{"href":"https:\/\/alpoma.net\/tecob\/index.php?rest_route=\/wp\/v2\/posts"}],"about":[{"href":"https:\/\/alpoma.net\/tecob\/index.php?rest_route=\/wp\/v2\/types\/post"}],"author":[{"embeddable":true,"href":"https:\/\/alpoma.net\/tecob\/index.php?rest_route=\/wp\/v2\/users\/1"}],"replies":[{"embeddable":true,"href":"https:\/\/alpoma.net\/tecob\/index.php?rest_route=%2Fwp%2Fv2%2Fcomments&post=8772"}],"version-history":[{"count":0,"href":"https:\/\/alpoma.net\/tecob\/index.php?rest_route=\/wp\/v2\/posts\/8772\/revisions"}],"wp:featuredmedia":[{"embeddable":true,"href":"https:\/\/alpoma.net\/tecob\/index.php?rest_route=\/wp\/v2\/media\/11066"}],"wp:attachment":[{"href":"https:\/\/alpoma.net\/tecob\/index.php?rest_route=%2Fwp%2Fv2%2Fmedia&parent=8772"}],"wp:term":[{"taxonomy":"category","embeddable":true,"href":"https:\/\/alpoma.net\/tecob\/index.php?rest_route=%2Fwp%2Fv2%2Fcategories&post=8772"},{"taxonomy":"post_tag","embeddable":true,"href":"https:\/\/alpoma.net\/tecob\/index.php?rest_route=%2Fwp%2Fv2%2Ftags&post=8772"}],"curies":[{"name":"wp","href":"https:\/\/api.w.org\/{rel}","templated":true}]}}