{"id":8761,"date":"2014-01-06T23:20:31","date_gmt":"2014-01-06T21:20:31","guid":{"rendered":"http:\/\/www.alpoma.net\/tecob\/?p=8761"},"modified":"2020-11-16T13:58:09","modified_gmt":"2020-11-16T11:58:09","slug":"tesla-se-asoma-a-la-puerta","status":"publish","type":"post","link":"https:\/\/alpoma.net\/tecob\/?p=8761","title":{"rendered":"Tesla se asoma a la puerta"},"content":{"rendered":"<p>Ahora que estoy dando los \u00faltimos toques a la <strong><a href=\"http:\/\/www.alpoma.net\/tecob\/?p=8664\">app sobre Nikola Tesla<\/a><\/strong> que vengo preparando en las \u00faltimas semanas, he estado repasando algunas de las fotograf\u00edas que existen sobre el genio de la electricidad. No son muchas, ciertamente, pero s\u00ed<strong> <a href=\"http:\/\/www.teslauniverse.com\/nikola-tesla-photos\">hay algunas<\/a><\/strong> realmente sorprendentes.<strong> Tesla no gustaba de ser fotografiado mientras trabajaba<\/strong>. En cambio, estaba encantado de ser fotografiado cuando pod\u00eda controlar la puesta en escena, preparando todo minuciosamente. Precisamente por eso, \u00e9sta es<strong> mi fotograf\u00eda favorita de Tesla<\/strong>, \u00abpillado\u00bb de forma furtiva en plena tarea inventiva. (Pincha en la imagen para ampliar).<\/p>\n<p><img loading=\"lazy\" decoding=\"async\" data-attachment-id=\"15067\" data-permalink=\"https:\/\/alpoma.net\/tecob\/?attachment_id=15067\" data-orig-file=\"https:\/\/alpoma.net\/tecob\/wp-content\/uploads\/2014\/01\/tesla-puerta.jpg\" data-orig-size=\"1688,2469\" data-comments-opened=\"0\" data-image-meta=\"{&quot;aperture&quot;:&quot;0&quot;,&quot;credit&quot;:&quot;&quot;,&quot;camera&quot;:&quot;&quot;,&quot;caption&quot;:&quot;&quot;,&quot;created_timestamp&quot;:&quot;0&quot;,&quot;copyright&quot;:&quot;&quot;,&quot;focal_length&quot;:&quot;0&quot;,&quot;iso&quot;:&quot;0&quot;,&quot;shutter_speed&quot;:&quot;0&quot;,&quot;title&quot;:&quot;&quot;,&quot;orientation&quot;:&quot;0&quot;}\" data-image-title=\"tesla-puerta\" data-image-description=\"\" data-image-caption=\"\" data-large-file=\"https:\/\/alpoma.net\/tecob\/wp-content\/uploads\/2014\/01\/tesla-puerta.jpg\" src=\"https:\/\/alpoma.net\/tecob\/wp-content\/uploads\/2014\/01\/tesla-puerta.jpg\" alt=\"\" width=\"1688\" height=\"2469\" class=\"aligncenter size-full wp-image-15067\" srcset=\"https:\/\/alpoma.net\/tecob\/wp-content\/uploads\/2014\/01\/tesla-puerta.jpg 1688w, https:\/\/alpoma.net\/tecob\/wp-content\/uploads\/2014\/01\/tesla-puerta-205x300.jpg 205w, https:\/\/alpoma.net\/tecob\/wp-content\/uploads\/2014\/01\/tesla-puerta-768x1123.jpg 768w, https:\/\/alpoma.net\/tecob\/wp-content\/uploads\/2014\/01\/tesla-puerta-1050x1536.jpg 1050w, https:\/\/alpoma.net\/tecob\/wp-content\/uploads\/2014\/01\/tesla-puerta-1400x2048.jpg 1400w\" sizes=\"auto, (max-width: 1688px) 100vw, 1688px\" \/><\/p>\n<p>El <strong>cartelillo de aviso de peligro<\/strong> tiene su encanto y, claro est\u00e1, el<strong> p\u00edcaro esbozo de sonrisa de Tesla<\/strong> es impagable. La imagen fue tomada en el<strong> verano de 1899<\/strong>, cuando Tesla se encontraba en un laboratorio instalado en medio de la nada a las afueras de<strong> Colorado Springs<\/strong>. Pas\u00f3 all\u00ed pr\u00e1cticamente encerrado varios meses ocupado en <strong>diversos experimentos que todav\u00eda hoy siguen siendo enigm\u00e1ticos en gran parte<\/strong>. Su mayor preocupaci\u00f3n consist\u00eda en averiguar<strong> c\u00f3mo transmitir energ\u00eda el\u00e9ctrica a trav\u00e9s del aire y la tierra<\/strong>. En ese lugar, que de lejos parec\u00eda un granero mal construido con una antena sobresaliendo del tejado, Tesla afirm\u00f3 haber recibido <strong>se\u00f1ales del espacio<\/strong> en lo que bien pudo haber sido la primera experiencia de<strong> radioastronom\u00eda<\/strong> de la historia.<strong> Bien, sigamos montando la app, ya queda menos&#8230;<\/strong><\/p>\n","protected":false},"excerpt":{"rendered":"<div class=\"mh-excerpt\"><p>Ahora que estoy dando los \u00faltimos toques a la app sobre Nikola Tesla que vengo preparando en las \u00faltimas semanas, he estado repasando algunas de las fotograf\u00edas que existen sobre <a class=\"mh-excerpt-more\" href=\"https:\/\/alpoma.net\/tecob\/?p=8761\" title=\"Tesla se asoma a la puerta\">[&#8230;]<\/a><\/p>\n<\/div>","protected":false},"author":1,"featured_media":10975,"comment_status":"closed","ping_status":"closed","sticky":false,"template":"","format":"standard","meta":{"jetpack_post_was_ever_published":false,"_jetpack_newsletter_access":"","_jetpack_dont_email_post_to_subs":false,"_jetpack_newsletter_tier_id":0,"_jetpack_memberships_contains_paywalled_content":false,"_jetpack_memberships_contains_paid_content":false,"footnotes":""},"categories":[3,2],"tags":[],"class_list":["post-8761","post","type-post","status-publish","format-standard","has-post-thumbnail","hentry","category-obsolescencia","category-personal"],"jetpack_featured_media_url":"https:\/\/alpoma.net\/tecob\/wp-content\/uploads\/2014\/01\/tesla_asoma_2.jpg","jetpack_shortlink":"https:\/\/wp.me\/p93Dc1-2hj","jetpack-related-posts":[{"id":1156,"url":"https:\/\/alpoma.net\/tecob\/?p=1156","url_meta":{"origin":8761,"position":0},"title":"Peque\u00f1a biograf\u00eda ilustrada de Nikola Tesla","author":"alpoma","date":"28 junio 2009","format":false,"excerpt":"En julio de 1956 la revista Popular Science public\u00f3, aprovechando la celebraci\u00f3n del centenario del nacimiento de Nikola Tesla, una peque\u00f1a biograf\u00eda ilustrada que glosaba diversos episodios de la vida del genio de la electricidad. Bien, ya s\u00e9 que est\u00e1 en ingl\u00e9s y eso supone una limitaci\u00f3n para algunas personas,\u2026","rel":"","context":"En \u00abPersonal\u00bb","block_context":{"text":"Personal","link":"https:\/\/alpoma.net\/tecob\/?cat=2"},"img":{"alt_text":"","src":"https:\/\/i0.wp.com\/alpoma.net\/tecob\/wp-content\/uploads\/2009\/06\/3668520976_f1ff85feb6_o.jpg?resize=350%2C200&ssl=1","width":350,"height":200,"srcset":"https:\/\/i0.wp.com\/alpoma.net\/tecob\/wp-content\/uploads\/2009\/06\/3668520976_f1ff85feb6_o.jpg?resize=350%2C200&ssl=1 1x, https:\/\/i0.wp.com\/alpoma.net\/tecob\/wp-content\/uploads\/2009\/06\/3668520976_f1ff85feb6_o.jpg?resize=525%2C300&ssl=1 1.5x"},"classes":[]},{"id":1171,"url":"https:\/\/alpoma.net\/tecob\/?p=1171","url_meta":{"origin":8761,"position":1},"title":"Tesla, el gran fabricante de maravillas","author":"alpoma","date":"10 julio 2009","format":false,"excerpt":"Creo que hoy, cuando se celebran 153 a\u00f1os del nacimiento del gran Nikola Tesla, no habr\u00e1 mejor forma de homenajearle por aqu\u00ed que acudir a un documento de su \u00e9poca. Del n\u00famero correspondiente al 16 de junio de 1899 de la revista Alrededor del Mundo, transcribo lo que en un\u2026","rel":"","context":"En \u00abObsolescencia\u00bb","block_context":{"text":"Obsolescencia","link":"https:\/\/alpoma.net\/tecob\/?cat=3"},"img":{"alt_text":"","src":"","width":0,"height":0},"classes":[]},{"id":7522,"url":"https:\/\/alpoma.net\/tecob\/?p=7522","url_meta":{"origin":8761,"position":2},"title":"[Libro] Firmado: Nikola Tesla. Escritos y cartas, 1890-1943","author":"alpoma","date":"16 noviembre 2012","format":false,"excerpt":"En TecOb ya me he referido en otras ocasiones al esfuerzo del periodista, escritor y cr\u00edtico cinematogr\u00e1fico asturiano Miguel A. Delgado por dar a conocer la verdadera figura de Nikola Tesla en espa\u00f1ol. Tras Nikola Tesla. El genio al que le robaron la luz, y Yo y la energ\u00eda, llega\u2026","rel":"","context":"En \u00abObsolescencia\u00bb","block_context":{"text":"Obsolescencia","link":"https:\/\/alpoma.net\/tecob\/?cat=3"},"img":{"alt_text":"","src":"https:\/\/i0.wp.com\/alpoma.net\/tecob\/wp-content\/uploads\/2012\/11\/tesla_lib.gif?resize=350%2C200&ssl=1","width":350,"height":200},"classes":[]},{"id":8959,"url":"https:\/\/alpoma.net\/tecob\/?p=8959","url_meta":{"origin":8761,"position":3},"title":"No, el de la foto no es Tesla","author":"alpoma","date":"7 abril 2014","format":false,"excerpt":"Va a hacer un a\u00f1o que publiqu\u00e9 un art\u00edculo, que tuvo bastante eco, sobre cierta historia que implicaba una tiza y al genial Charles Proteus Steinmetz, que junto a Nikola Tesla puede considerarse como el padre de la tecnolog\u00eda el\u00e9ctrica de corriente alterna. En ese art\u00edculo inclu\u00ed una c\u00e9lebre fotograf\u00eda,\u2026","rel":"","context":"En \u00abObsolescencia\u00bb","block_context":{"text":"Obsolescencia","link":"https:\/\/alpoma.net\/tecob\/?cat=3"},"img":{"alt_text":"","src":"https:\/\/i0.wp.com\/alpoma.net\/tecob\/wp-content\/uploads\/2014\/04\/ampliacion.jpg?resize=350%2C200&ssl=1","width":350,"height":200,"srcset":"https:\/\/i0.wp.com\/alpoma.net\/tecob\/wp-content\/uploads\/2014\/04\/ampliacion.jpg?resize=350%2C200&ssl=1 1x, https:\/\/i0.wp.com\/alpoma.net\/tecob\/wp-content\/uploads\/2014\/04\/ampliacion.jpg?resize=525%2C300&ssl=1 1.5x"},"classes":[]},{"id":8804,"url":"https:\/\/alpoma.net\/tecob\/?p=8804","url_meta":{"origin":8761,"position":4},"title":"Tesla de tableta","author":"alpoma","date":"6 febrero 2014","format":false,"excerpt":"AVISO: Actualmente la app no est\u00e1 disponible para nuevas descargas en la App Store de Apple debido a problemas de compatibilidad con las nuevas versiones de iOS. En cuanto sea posible realizar\u00e9 una nueva versi\u00f3n. Vale, pues ya est\u00e1. Ha sido un proyecto que me ha comido muchas neuronas, m\u00e1s\u2026","rel":"","context":"En \u00abPersonal\u00bb","block_context":{"text":"Personal","link":"https:\/\/alpoma.net\/tecob\/?cat=2"},"img":{"alt_text":"","src":"https:\/\/i0.wp.com\/alpoma.net\/tecob\/wp-content\/uploads\/2014\/02\/present.jpg?resize=350%2C200&ssl=1","width":350,"height":200,"srcset":"https:\/\/i0.wp.com\/alpoma.net\/tecob\/wp-content\/uploads\/2014\/02\/present.jpg?resize=350%2C200&ssl=1 1x, https:\/\/i0.wp.com\/alpoma.net\/tecob\/wp-content\/uploads\/2014\/02\/present.jpg?resize=525%2C300&ssl=1 1.5x, https:\/\/i0.wp.com\/alpoma.net\/tecob\/wp-content\/uploads\/2014\/02\/present.jpg?resize=700%2C400&ssl=1 2x"},"classes":[]},{"id":12185,"url":"https:\/\/alpoma.net\/tecob\/?p=12185","url_meta":{"origin":8761,"position":5},"title":"La vida de Nikola Tesla en c\u00f3mic","author":"alpoma","date":"10 julio 2016","format":false,"excerpt":"Hoy, 10 de julio de 2016, se cumplen 160 a\u00f1os del nacimiento del gran Nikola Tesla. Para celebrar tan brillante fecha, he rescatado y adaptado libremente esta historia gr\u00e1fica de Gardner Soule, publicada originalmente en julio de 1956 en Popular Science... Noche del 9 al 10 de julio de 1856,\u2026","rel":"","context":"En \u00abObsolescencia\u00bb","block_context":{"text":"Obsolescencia","link":"https:\/\/alpoma.net\/tecob\/?cat=3"},"img":{"alt_text":"","src":"https:\/\/i0.wp.com\/alpoma.net\/tecob\/wp-content\/uploads\/2016\/07\/12.png?resize=350%2C200&ssl=1","width":350,"height":200},"classes":[]}],"jetpack_sharing_enabled":true,"_links":{"self":[{"href":"https:\/\/alpoma.net\/tecob\/index.php?rest_route=\/wp\/v2\/posts\/8761","targetHints":{"allow":["GET"]}}],"collection":[{"href":"https:\/\/alpoma.net\/tecob\/index.php?rest_route=\/wp\/v2\/posts"}],"about":[{"href":"https:\/\/alpoma.net\/tecob\/index.php?rest_route=\/wp\/v2\/types\/post"}],"author":[{"embeddable":true,"href":"https:\/\/alpoma.net\/tecob\/index.php?rest_route=\/wp\/v2\/users\/1"}],"replies":[{"embeddable":true,"href":"https:\/\/alpoma.net\/tecob\/index.php?rest_route=%2Fwp%2Fv2%2Fcomments&post=8761"}],"version-history":[{"count":0,"href":"https:\/\/alpoma.net\/tecob\/index.php?rest_route=\/wp\/v2\/posts\/8761\/revisions"}],"wp:featuredmedia":[{"embeddable":true,"href":"https:\/\/alpoma.net\/tecob\/index.php?rest_route=\/wp\/v2\/media\/10975"}],"wp:attachment":[{"href":"https:\/\/alpoma.net\/tecob\/index.php?rest_route=%2Fwp%2Fv2%2Fmedia&parent=8761"}],"wp:term":[{"taxonomy":"category","embeddable":true,"href":"https:\/\/alpoma.net\/tecob\/index.php?rest_route=%2Fwp%2Fv2%2Fcategories&post=8761"},{"taxonomy":"post_tag","embeddable":true,"href":"https:\/\/alpoma.net\/tecob\/index.php?rest_route=%2Fwp%2Fv2%2Ftags&post=8761"}],"curies":[{"name":"wp","href":"https:\/\/api.w.org\/{rel}","templated":true}]}}