{"id":8691,"date":"2013-12-24T19:22:57","date_gmt":"2013-12-24T17:22:57","guid":{"rendered":"http:\/\/www.alpoma.net\/tecob\/?p=8691"},"modified":"2013-12-24T19:22:57","modified_gmt":"2013-12-24T17:22:57","slug":"recolectando-arboles-navidenos-con-helicoptero","status":"publish","type":"post","link":"https:\/\/alpoma.net\/tecob\/?p=8691","title":{"rendered":"Recolectando \u00e1rboles navide\u00f1os con helic\u00f3ptero"},"content":{"rendered":"<p>Por favor, que nadie empiece con el tema sobre los \u00e1rboles navide\u00f1os de pl\u00e1stico, porque no es el asunto. De lo que se trata aqu\u00ed es de la gran pericia que tiene el piloto. En <strong><a href=\"http:\/\/youtu.be\/08K_aEajzNA\">este v\u00eddeo<\/a><\/strong> podemos ver c\u00f3mo <strong>Dan Clark<\/strong>, a los mandos de un helic\u00f3ptero <strong>Bell 2063B JetRanger<\/strong>, se las arregla para transportar \u00e1rboles de Navidad desde un vivero en Oreg\u00f3n hasta un cami\u00f3n que los transportar\u00e1 a su destino final. Cierto es que lo habr\u00e1 hecho mil veces, pero eso no quita que la habilidad mostrada en esta peligrosa operaci\u00f3n llame la atenci\u00f3n.<\/p>\n<p><iframe loading=\"lazy\" width=\"620\" height=\"349\" src=\"\/\/www.youtube.com\/embed\/08K_aEajzNA\" frameborder=\"0\" allowfullscreen><\/iframe><\/p>\n<p><strong>Otro v\u00eddeo similar, visto desde la cabina<\/strong>: <a href=\"http:\/\/youtu.be\/SPO9pVwoxVg\">Christmas Trees 2010 &#8211; Putting Trees In Trucks <\/a><br \/>\n<strong>V\u00eda<\/strong>: <a href=\"http:\/\/www.flyingmag.com\/pilots-places\/pilots-adventures-more\/crazy-video-harvesting-christmas-trees-helicopter\">Flying &#8211; Crazy Video: Harvesting Christmas Trees from a Helicopter<\/a><\/p>\n","protected":false},"excerpt":{"rendered":"<div class=\"mh-excerpt\"><p>Por favor, que nadie empiece con el tema sobre los \u00e1rboles navide\u00f1os de pl\u00e1stico, porque no es el asunto. De lo que se trata aqu\u00ed es de la gran pericia <a class=\"mh-excerpt-more\" href=\"https:\/\/alpoma.net\/tecob\/?p=8691\" title=\"Recolectando \u00e1rboles navide\u00f1os con helic\u00f3ptero\">[&#8230;]<\/a><\/p>\n<\/div>","protected":false},"author":1,"featured_media":0,"comment_status":"open","ping_status":"open","sticky":false,"template":"","format":"standard","meta":{"jetpack_post_was_ever_published":false,"_jetpack_newsletter_access":"","_jetpack_dont_email_post_to_subs":false,"_jetpack_newsletter_tier_id":0,"_jetpack_memberships_contains_paywalled_content":false,"_jetpack_memberships_contains_paid_content":false,"footnotes":""},"categories":[5],"tags":[],"class_list":["post-8691","post","type-post","status-publish","format-standard","hentry","category-geo"],"jetpack_featured_media_url":"","jetpack_shortlink":"https:\/\/wp.me\/p93Dc1-2gb","jetpack-related-posts":[{"id":638,"url":"https:\/\/alpoma.net\/tecob\/?p=638","url_meta":{"origin":8691,"position":0},"title":"Bajo el mu\u00e9rdago","author":"alpoma","date":"6 diciembre 2006","format":false,"excerpt":"Cada vez me asombra m\u00e1s esto de la Navidad o, mejor dicho, la vertiente comercial navide\u00f1a porque, seguramente, dentro de pocos a\u00f1os van a comenzar a colocar en las estanter\u00edas de los comercios y grandes almacenes los productos tipicamente navide\u00f1os desde el mes de julio, es m\u00e1s... \u00bfpor qu\u00e9 no\u2026","rel":"","context":"En \u00abGeneral\u00bb","block_context":{"text":"General","link":"https:\/\/alpoma.net\/tecob\/?cat=1"},"img":{"alt_text":"viscum","src":"https:\/\/i0.wp.com\/static.flickr.com\/99\/315831559_a6471bcaba.jpg?resize=350%2C200","width":350,"height":200},"classes":[]},{"id":7872,"url":"https:\/\/alpoma.net\/tecob\/?p=7872","url_meta":{"origin":8691,"position":1},"title":"La ca\u00edda de Prometeo","author":"alpoma","date":"27 febrero 2013","format":false,"excerpt":"Estoy leyendo estos d\u00edas El legado de Prometeo, novela de Miguel Santander, pero no es ese Prometeo a quien quiero referirme hoy. De la novela ya comentar\u00e9 en breve. Repasando el cap\u00edtulo dedicado a la dendrocronolog\u00eda por Chris Turney en Huesos, piedras y estrellas, he recordado la chocante y triste\u2026","rel":"","context":"En \u00abGeo\u00bb","block_context":{"text":"Geo","link":"https:\/\/alpoma.net\/tecob\/?cat=5"},"img":{"alt_text":"Pinus_longaeva","src":"https:\/\/i0.wp.com\/www.alpoma.net\/tecob\/wp-content\/uploads\/2013\/02\/Pinus_longaeva-223x300.jpg?resize=350%2C200","width":350,"height":200},"classes":[]},{"id":11300,"url":"https:\/\/alpoma.net\/tecob\/?p=11300","url_meta":{"origin":8691,"position":2},"title":"Reentrada atmosf\u00e9rica en modo helic\u00f3ptero","author":"alpoma","date":"26 abril 2015","format":false,"excerpt":"Una anotaci\u00f3n de IEEE Spectrum acerca de las vueltas que le est\u00e1n dando los ingenieros al nuevo cohete estadounidense ULA Vulcan para llevarlo a la vida, me ha tra\u00eddo el recuerdo de una vieja patente espa\u00f1ola realmente curiosa. ULA Vulcan | Fuente | En el mencionado art\u00edculo se hace referencia\u2026","rel":"","context":"En \u00abMade in Spain\u00bb","block_context":{"text":"Made in Spain","link":"https:\/\/alpoma.net\/tecob\/?cat=10"},"img":{"alt_text":"","src":"https:\/\/i0.wp.com\/alpoma.net\/tecob\/wp-content\/uploads\/2015\/04\/vulcan_cohete.jpg?resize=350%2C200&ssl=1","width":350,"height":200,"srcset":"https:\/\/i0.wp.com\/alpoma.net\/tecob\/wp-content\/uploads\/2015\/04\/vulcan_cohete.jpg?resize=350%2C200&ssl=1 1x, https:\/\/i0.wp.com\/alpoma.net\/tecob\/wp-content\/uploads\/2015\/04\/vulcan_cohete.jpg?resize=525%2C300&ssl=1 1.5x"},"classes":[]},{"id":700,"url":"https:\/\/alpoma.net\/tecob\/?p=700","url_meta":{"origin":8691,"position":3},"title":"Los \u00e1rboles lunares","author":"alpoma","date":"2 abril 2007","format":false,"excerpt":"He aqu\u00ed una an\u00e9cdota intrascendente pero muy curiosa. Tras rozar la tragedia con el Apolo XIII, la NASA necesitaba una alegr\u00eda, una misi\u00f3n impecable con la que retomar con ganas la exploraci\u00f3n espacial. La misi\u00f3n Apolo XIV parti\u00f3 hacia la Luna el \u00faltimo d\u00eda de Enero de 1971, entre el\u2026","rel":"","context":"En \u00abGeo\u00bb","block_context":{"text":"Geo","link":"https:\/\/alpoma.net\/tecob\/?cat=5"},"img":{"alt_text":"","src":"https:\/\/i0.wp.com\/alpoma.net\/tecob\/wp-content\/uploads\/2007\/04\/444021172_182430706a_m.jpg?resize=350%2C200&ssl=1","width":350,"height":200},"classes":[]},{"id":4967,"url":"https:\/\/alpoma.net\/tecob\/?p=4967","url_meta":{"origin":8691,"position":4},"title":"\u00c1rboles pintores","author":"alpoma","date":"20 junio 2011","format":false,"excerpt":"No voy a entrar en si esto es \"verdadero\" arte o no, porque ese tipo de debates no me interesan lo m\u00e1s m\u00ednimo. Simplemente, hay cosas que me gustan desde el punto de vista est\u00e9tico, y cosas que no, pero ni me molesto en etiquetar como arte tal o cual\u2026","rel":"","context":"En \u00abObsolescencia\u00bb","block_context":{"text":"Obsolescencia","link":"https:\/\/alpoma.net\/tecob\/?cat=3"},"img":{"alt_text":"","src":"https:\/\/i0.wp.com\/alpoma.net\/tecob\/wp-content\/uploads\/2011\/06\/5853132341_2f5291d767_o.jpg?resize=350%2C200&ssl=1","width":350,"height":200,"srcset":"https:\/\/i0.wp.com\/alpoma.net\/tecob\/wp-content\/uploads\/2011\/06\/5853132341_2f5291d767_o.jpg?resize=350%2C200&ssl=1 1x, https:\/\/i0.wp.com\/alpoma.net\/tecob\/wp-content\/uploads\/2011\/06\/5853132341_2f5291d767_o.jpg?resize=525%2C300&ssl=1 1.5x"},"classes":[]},{"id":8792,"url":"https:\/\/alpoma.net\/tecob\/?p=8792","url_meta":{"origin":8691,"position":5},"title":"Federico Cantero Villamil, el genial ingeniero de caminos que so\u00f1aba con helic\u00f3pteros","author":"alpoma","date":"12 diciembre 2019","format":false,"excerpt":"Publiqu\u00e9 originalmente este art\u00edculo en febrero de 2014. La versi\u00f3n actual, de diciembre de 2019, viene a corregir y ampliar ese primer texto. Esta tarea de reforma del art\u00edculo inicial ha sido llevada a cabo gracias a la inestimable labor de Isabel D\u00edaz de Aguilar Cantero, nieta del Ingeniero Federico\u2026","rel":"","context":"En \u00abMade in Spain\u00bb","block_context":{"text":"Made in Spain","link":"https:\/\/alpoma.net\/tecob\/?cat=10"},"img":{"alt_text":"","src":"https:\/\/i0.wp.com\/alpoma.net\/tecob\/wp-content\/uploads\/2014\/02\/libelula.jpg?resize=350%2C200&ssl=1","width":350,"height":200},"classes":[]}],"jetpack_sharing_enabled":true,"_links":{"self":[{"href":"https:\/\/alpoma.net\/tecob\/index.php?rest_route=\/wp\/v2\/posts\/8691","targetHints":{"allow":["GET"]}}],"collection":[{"href":"https:\/\/alpoma.net\/tecob\/index.php?rest_route=\/wp\/v2\/posts"}],"about":[{"href":"https:\/\/alpoma.net\/tecob\/index.php?rest_route=\/wp\/v2\/types\/post"}],"author":[{"embeddable":true,"href":"https:\/\/alpoma.net\/tecob\/index.php?rest_route=\/wp\/v2\/users\/1"}],"replies":[{"embeddable":true,"href":"https:\/\/alpoma.net\/tecob\/index.php?rest_route=%2Fwp%2Fv2%2Fcomments&post=8691"}],"version-history":[{"count":0,"href":"https:\/\/alpoma.net\/tecob\/index.php?rest_route=\/wp\/v2\/posts\/8691\/revisions"}],"wp:attachment":[{"href":"https:\/\/alpoma.net\/tecob\/index.php?rest_route=%2Fwp%2Fv2%2Fmedia&parent=8691"}],"wp:term":[{"taxonomy":"category","embeddable":true,"href":"https:\/\/alpoma.net\/tecob\/index.php?rest_route=%2Fwp%2Fv2%2Fcategories&post=8691"},{"taxonomy":"post_tag","embeddable":true,"href":"https:\/\/alpoma.net\/tecob\/index.php?rest_route=%2Fwp%2Fv2%2Ftags&post=8691"}],"curies":[{"name":"wp","href":"https:\/\/api.w.org\/{rel}","templated":true}]}}