{"id":860,"date":"2008-03-16T22:57:38","date_gmt":"2008-03-16T20:57:38","guid":{"rendered":"http:\/\/www.alpoma.net\/tecob\/?p=860"},"modified":"2008-03-16T23:03:22","modified_gmt":"2008-03-16T21:03:22","slug":"manivela-de-arranque","status":"publish","type":"post","link":"https:\/\/alpoma.net\/tecob\/?p=860","title":{"rendered":"Manivela de arranque"},"content":{"rendered":"<p>Har\u00e1 unos d\u00edas, no me arrancaba el coche por problemas con la bater\u00eda. Record\u00e9 entonces que, hace bastantes a\u00f1os, <strong>los autom\u00f3viles incorporaban una manivela en el frente del veh\u00edculo<\/strong>, unida al cig\u00fce\u00f1al del motor, para ser arrancados a mano. Pens\u00e9 que, en momentos como aquellos, una manivela no vendr\u00eda mal. Al poco, ca\u00ed en la cuenta de que las manivelas de arranque no eran motivo de gracia. Los m\u00e1s viejos del lugar todav\u00eda recuerdan c\u00f3mo se proced\u00eda a arrancar veh\u00edculos con manivela, advirtiendo seriamente que el retroceso del artilugio&#8230;<\/p>\n<blockquote><p>&#8230;pod\u00eda arrancarte los dientes de un golpe, o romperte un brazo.<\/p><\/blockquote>\n<p>Parec\u00eda un poco exagerado, casi tan peligroso como arrancar un avi\u00f3n por medio de la tracci\u00f3n de la h\u00e9lice. Finalmente, como casi siempre, la experiencia de los a\u00f1os ha mostrado tener raz\u00f3n, porque hace un rato, he mirado en un viejo manual de mec\u00e1nica para encontrar el modo correcto de arrancar con manivela<sup>1<\/sup>, aunque ya ning\u00fan coche incorpore este sistema:<\/p>\n<blockquote><p>Si al avanzar el motor a mano con la manivela se pone el encendido muy avanzado puede ocurrir que, llegando la fuerza de la explosi\u00f3n al pist\u00f3n antes de que \u00e9ste alcance el p.m.s., retroceda el \u00e9mbolo haciendo girar al rev\u00e9s el cig\u00fce\u00f1al con peligro para el mec\u00e1nico, pues si le coge en mala posici\u00f3n la mano agarrando la manivela sufrir\u00e1 un fuerte golpe y f\u00e1cilmente la fractura de la mu\u00f1eca. Para evitar esto, cuando se arranque el motor a mano debe retrasarse el encendido y, adem\u00e1s, coger la manivela en la forma que se ve en la figura, siempre tirando de abajo arriba. Al lado se representa el modo defectuoso de cogerla, abraz\u00e1ndola con el pulgar y empujando de arriba abajo: as\u00ed agarrada, un retroceso del cig\u00fce\u00f1al produce un golpe brutal contra el brazo.<\/p><\/blockquote>\n<p><img decoding=\"async\" src=\"http:\/\/farm3.static.flickr.com\/2233\/2337862365_fbf7175579_o.jpg\" alt=\"img\" \/><br \/>\n_______<\/p>\n<p><sup>1<\/sup> Cita e imagen procedentes de: Arias-Paz, <em>Autom\u00f3viles<\/em>. 34\u00aa Edici\u00f3n, 1966.<\/p>\n","protected":false},"excerpt":{"rendered":"<div class=\"mh-excerpt\"><p>Har\u00e1 unos d\u00edas, no me arrancaba el coche por problemas con la bater\u00eda. Record\u00e9 entonces que, hace bastantes a\u00f1os, los autom\u00f3viles incorporaban una manivela en el frente del veh\u00edculo, unida <a class=\"mh-excerpt-more\" href=\"https:\/\/alpoma.net\/tecob\/?p=860\" title=\"Manivela de arranque\">[&#8230;]<\/a><\/p>\n<\/div>","protected":false},"author":1,"featured_media":10658,"comment_status":"open","ping_status":"open","sticky":false,"template":"","format":"standard","meta":{"jetpack_post_was_ever_published":false,"_jetpack_newsletter_access":"","_jetpack_dont_email_post_to_subs":false,"_jetpack_newsletter_tier_id":0,"_jetpack_memberships_contains_paywalled_content":false,"_jetpack_memberships_contains_paid_content":false,"footnotes":""},"categories":[3],"tags":[],"class_list":["post-860","post","type-post","status-publish","format-standard","has-post-thumbnail","hentry","category-obsolescencia"],"jetpack_featured_media_url":"https:\/\/alpoma.net\/tecob\/wp-content\/uploads\/2008\/03\/2337862365_fbf7175579_o.jpg","jetpack_shortlink":"https:\/\/wp.me\/p93Dc1-dS","jetpack-related-posts":[{"id":11939,"url":"https:\/\/alpoma.net\/tecob\/?p=11939","url_meta":{"origin":860,"position":0},"title":"Curta, la calculadora que naci\u00f3 en un campo de concentraci\u00f3n","author":"alpoma","date":"15 marzo 2016","format":false,"excerpt":"Hace varias semanas este blog cumpli\u00f3 11 a\u00f1os. La fecha se me pas\u00f3 en su momento, pero cayendo hoy en la cuenta, he decidido hacer un peque\u00f1o homenaje a la m\u00e1quina con la que naci\u00f3 TecOb. S\u00ed, el 24 de febrero de 2005 publiqu\u00e9 el primer art\u00edculo en este blog,\u2026","rel":"","context":"En \u00abObsolescencia\u00bb","block_context":{"text":"Obsolescencia","link":"https:\/\/alpoma.net\/tecob\/?cat=3"},"img":{"alt_text":"","src":"https:\/\/i0.wp.com\/alpoma.net\/tecob\/wp-content\/uploads\/2016\/03\/curta.jpg?resize=350%2C200&ssl=1","width":350,"height":200},"classes":[]},{"id":13435,"url":"https:\/\/alpoma.net\/tecob\/?p=13435","url_meta":{"origin":860,"position":1},"title":"Crea tu propia calculadora Curta (s\u00f3lo para los m\u00e1s osados de la impresi\u00f3n 3D)","author":"alpoma","date":"6 julio 2018","format":false,"excerpt":"\u00a1Qu\u00e9 recuerdos me trae esto! Desde hace muchos a\u00f1os, las calculadoras mec\u00e1nicas Curta son uno de mis artilugios favoritos. Por eso, el 24 de febrero de 2005, esos ingenios fueron protagonistas del primer art\u00edculo que publiqu\u00e9 en este blog. Con el tiempo he ido publicando m\u00e1s detalles sobre la incre\u00edble\u2026","rel":"","context":"En \u00abExperimentos\u00bb","block_context":{"text":"Experimentos","link":"https:\/\/alpoma.net\/tecob\/?cat=9"},"img":{"alt_text":"","src":"https:\/\/i0.wp.com\/alpoma.net\/tecob\/wp-content\/uploads\/2018\/07\/calculadora-curta.jpg?resize=350%2C200&ssl=1","width":350,"height":200},"classes":[]},{"id":9033,"url":"https:\/\/alpoma.net\/tecob\/?p=9033","url_meta":{"origin":860,"position":2},"title":"La m\u00e1quina de Martinus van Marum","author":"alpoma","date":"13 mayo 2014","format":false,"excerpt":"Antes de nada, \u00a1gracias Emanuel por la ayuda sobre este asunto! Pasemos a la acci\u00f3n, \u00bfqui\u00e9n Martinus van Marum y qu\u00e9 tiene de interesante su m\u00e1quina? La electricidad ha fascinado a los humanos incluso desde antes de que se tuviera una idea, siquiera aproximada, de qu\u00e9 se esconde tras ese\u2026","rel":"","context":"En \u00abObsolescencia\u00bb","block_context":{"text":"Obsolescencia","link":"https:\/\/alpoma.net\/tecob\/?cat=3"},"img":{"alt_text":"","src":"https:\/\/i0.wp.com\/alpoma.net\/tecob\/wp-content\/uploads\/2014\/05\/van_marum_3.jpg?resize=350%2C200&ssl=1","width":350,"height":200,"srcset":"https:\/\/i0.wp.com\/alpoma.net\/tecob\/wp-content\/uploads\/2014\/05\/van_marum_3.jpg?resize=350%2C200&ssl=1 1x, https:\/\/i0.wp.com\/alpoma.net\/tecob\/wp-content\/uploads\/2014\/05\/van_marum_3.jpg?resize=525%2C300&ssl=1 1.5x, https:\/\/i0.wp.com\/alpoma.net\/tecob\/wp-content\/uploads\/2014\/05\/van_marum_3.jpg?resize=700%2C400&ssl=1 2x"},"classes":[]},{"id":8123,"url":"https:\/\/alpoma.net\/tecob\/?p=8123","url_meta":{"origin":860,"position":3},"title":"El fotoelectr\u00f3grafo de Thomas, un \u00abesc\u00e1ner OCR\u00bb para ciegos en 1930","author":"alpoma","date":"18 abril 2013","format":false,"excerpt":"Por el nombre de tiflotecnolog\u00eda se conoce a las t\u00e9cnicas que permiten a los ciegos o a las personas con problemas severos de visi\u00f3n el acercamiento, por ejemplo, a ordenadores, por medio de m\u00e1quinas convenientemente adaptadas. No es algo nuevo porque ya a principios del siglo XX se comercializaban m\u00e1quinas\u2026","rel":"","context":"En \u00abObsolescencia\u00bb","block_context":{"text":"Obsolescencia","link":"https:\/\/alpoma.net\/tecob\/?cat=3"},"img":{"alt_text":"","src":"https:\/\/i0.wp.com\/alpoma.net\/tecob\/wp-content\/uploads\/2013\/04\/thomas_1.jpg?resize=350%2C200&ssl=1","width":350,"height":200,"srcset":"https:\/\/i0.wp.com\/alpoma.net\/tecob\/wp-content\/uploads\/2013\/04\/thomas_1.jpg?resize=350%2C200&ssl=1 1x, https:\/\/i0.wp.com\/alpoma.net\/tecob\/wp-content\/uploads\/2013\/04\/thomas_1.jpg?resize=525%2C300&ssl=1 1.5x"},"classes":[]},{"id":1024,"url":"https:\/\/alpoma.net\/tecob\/?p=1024","url_meta":{"origin":860,"position":4},"title":"In Memoriam Jacques Piccard","author":"alpoma","date":"1 noviembre 2008","format":false,"excerpt":"No ten\u00eda pensado escribir nada hoy, ni ma\u00f1ana tampoco, pero ciertos sucesos merecen atenci\u00f3n y un recuerdo respetuoso. Es el caso del fallecimiento de todo un aventurero, pionero de la exploraci\u00f3n de las profundidades oce\u00e1nicas. Deja este mundo hoy, a los 86 a\u00f1os de edad, Jacques Piccard, el polifac\u00e9tico suizo,\u2026","rel":"","context":"En \u00abGeo\u00bb","block_context":{"text":"Geo","link":"https:\/\/alpoma.net\/tecob\/?cat=5"},"img":{"alt_text":"","src":"https:\/\/i0.wp.com\/alpoma.net\/tecob\/wp-content\/uploads\/2008\/11\/2993267368_8866d0b815_o.jpg?resize=350%2C200&ssl=1","width":350,"height":200,"srcset":"https:\/\/i0.wp.com\/alpoma.net\/tecob\/wp-content\/uploads\/2008\/11\/2993267368_8866d0b815_o.jpg?resize=350%2C200&ssl=1 1x, https:\/\/i0.wp.com\/alpoma.net\/tecob\/wp-content\/uploads\/2008\/11\/2993267368_8866d0b815_o.jpg?resize=525%2C300&ssl=1 1.5x"},"classes":[]},{"id":2957,"url":"https:\/\/alpoma.net\/tecob\/?p=2957","url_meta":{"origin":860,"position":5},"title":"Hace mucho tiempo, en un planeta bajo el hielo&#8230;","author":"alpoma","date":"17 junio 2010","format":false,"excerpt":"El siguiente mapa del NOAA, que ya tiene algo de tiempo y es uno de mis mapas favoritos, nos ense\u00f1a de forma sencilla lo diferente que era el mundo hace muy poco en la escala de tiempo geol\u00f3gico. Los hielos cubr\u00edan grandes porciones de Norteam\u00e9rica y Europa en el punto\u2026","rel":"","context":"En \u00abClima\u00bb","block_context":{"text":"Clima","link":"https:\/\/alpoma.net\/tecob\/?cat=8"},"img":{"alt_text":"","src":"https:\/\/i0.wp.com\/alpoma.net\/tecob\/wp-content\/uploads\/2010\/06\/4706874811_1a6b91220f_o.jpg?resize=350%2C200&ssl=1","width":350,"height":200,"srcset":"https:\/\/i0.wp.com\/alpoma.net\/tecob\/wp-content\/uploads\/2010\/06\/4706874811_1a6b91220f_o.jpg?resize=350%2C200&ssl=1 1x, https:\/\/i0.wp.com\/alpoma.net\/tecob\/wp-content\/uploads\/2010\/06\/4706874811_1a6b91220f_o.jpg?resize=525%2C300&ssl=1 1.5x"},"classes":[]}],"jetpack_sharing_enabled":true,"_links":{"self":[{"href":"https:\/\/alpoma.net\/tecob\/index.php?rest_route=\/wp\/v2\/posts\/860","targetHints":{"allow":["GET"]}}],"collection":[{"href":"https:\/\/alpoma.net\/tecob\/index.php?rest_route=\/wp\/v2\/posts"}],"about":[{"href":"https:\/\/alpoma.net\/tecob\/index.php?rest_route=\/wp\/v2\/types\/post"}],"author":[{"embeddable":true,"href":"https:\/\/alpoma.net\/tecob\/index.php?rest_route=\/wp\/v2\/users\/1"}],"replies":[{"embeddable":true,"href":"https:\/\/alpoma.net\/tecob\/index.php?rest_route=%2Fwp%2Fv2%2Fcomments&post=860"}],"version-history":[{"count":0,"href":"https:\/\/alpoma.net\/tecob\/index.php?rest_route=\/wp\/v2\/posts\/860\/revisions"}],"wp:featuredmedia":[{"embeddable":true,"href":"https:\/\/alpoma.net\/tecob\/index.php?rest_route=\/wp\/v2\/media\/10658"}],"wp:attachment":[{"href":"https:\/\/alpoma.net\/tecob\/index.php?rest_route=%2Fwp%2Fv2%2Fmedia&parent=860"}],"wp:term":[{"taxonomy":"category","embeddable":true,"href":"https:\/\/alpoma.net\/tecob\/index.php?rest_route=%2Fwp%2Fv2%2Fcategories&post=860"},{"taxonomy":"post_tag","embeddable":true,"href":"https:\/\/alpoma.net\/tecob\/index.php?rest_route=%2Fwp%2Fv2%2Ftags&post=860"}],"curies":[{"name":"wp","href":"https:\/\/api.w.org\/{rel}","templated":true}]}}