{"id":858,"date":"2008-03-15T01:10:21","date_gmt":"2008-03-14T23:10:21","guid":{"rendered":"http:\/\/www.alpoma.net\/tecob\/?p=858"},"modified":"2008-03-15T01:23:45","modified_gmt":"2008-03-14T23:23:45","slug":"%c2%bfalferez-provisional","status":"publish","type":"post","link":"https:\/\/alpoma.net\/tecob\/?p=858","title":{"rendered":"\u00bfAlf\u00e9rez Provisional?"},"content":{"rendered":"<p>El pasado mi\u00e9rcoles me encontraba en <img decoding=\"async\" src=\"http:\/\/farm3.static.flickr.com\/2232\/2334100830_c0765ab4ab_o.jpg\" alt=\"img\" \/> <strong><a href=\"http:\/\/maps.google.es\/maps?oi=eu_map&#038;q=Cervera+de+Pisuerga&#038;hl=es\">Cervera de Pisuerga<\/a><\/strong>. Como llevaba la c\u00e1mara a mano, tom\u00e9 la siguiente imagen porque <strong>el nombre de la calle me result\u00f3 intrigante<\/strong>, sobre todo porque recuerdo haber visto bastantes calles con el mismo nombre en otros pueblos y ciudades de Espa\u00f1a.<\/p>\n<p><img decoding=\"async\" src=\"http:\/\/farm3.static.flickr.com\/2371\/2333251735_79743bbae2_o.jpg\" alt=\"img\" class=\"otros\"\/><\/p>\n<p>No sab\u00eda con exactitud a qu\u00e9 pod\u00eda referirse, aunque <strong>me sonaba a que tendr\u00eda que ver con la Guerra Civil<\/strong>, sobre todo teniendo en cuenta que en Cervera todav\u00eda puede uno encontrarse con bastantes calles que recuerdan la contienda. He calmado la curiosidad buscando un poco y el resultado es ciertamente macabro, porque un alf\u00e9rez provisional era, ni m\u00e1s ni menos, que carne de ca\u00f1\u00f3n. En la enciclopedia de la Guerra Civil Espa\u00f1ola que tengo m\u00e1s a mano no he encontrado gran cosa<sup>1<\/sup>:<\/p>\n<blockquote><p>A partir de septiembre de 1936 se crean las primeras escuelas de alf\u00e9reces provisionales para paliar la falta de cuadros medios y oficiales t\u00e9cnicos en el Ej\u00e9rcito nacional.<\/p><\/blockquote>\n<p>Por otra parte, la Wikipedia en castellano <strong><a href=\"http:\/\/es.wikipedia.org\/wiki\/Alf%C3%A9rez\">muestra un lado siniestro del asunto<\/a><\/strong> que pone los pelos de punta:<\/p>\n<blockquote><p>Durante la Guerra Civil Espa\u00f1ola, se necesitaban urgentemente oficiales para mandar las tropas en el ej\u00e9rcito franquista. Se crearon as\u00ed los alf\u00e9reces provisionales, que tras un corto periodo de instrucci\u00f3n eran puestos como oficiales de secci\u00f3n y pod\u00edan ascender a tenientes por actos de combate. Por ello, siempre iban delante de la tropa en combates de cuerpo a cuerpo o de ocupaci\u00f3n de posiciones, siendo los primeros en morir en acci\u00f3n. Era por ello muy conocido el dicho de \u00abalf\u00e9rez de complemento, cad\u00e1ver al momento\u00bb, o \u00abalf\u00e9rez provisional cad\u00e1ver efectivo\u00bb. Lleg\u00f3 incluso a decirse, exagerando, que la media de vida de un alf\u00e9rez en el frente era de \u00ab16 minutos\u00bb. Adem\u00e1s, se dice que entonces los alf\u00e9reces dorm\u00edan de pie y en los lugares m\u00e1s oscuros en los cementerios.<\/p><\/blockquote>\n<p>______<br \/>\n<sup>1<\/sup> <em>La Guerra Espa\u00f1ola mes a mes<\/em>. Grupo Unidad Editorial, 2005. Tomo 8, pag. 131.<\/p>\n","protected":false},"excerpt":{"rendered":"<div class=\"mh-excerpt\"><p>El pasado mi\u00e9rcoles me encontraba en Cervera de Pisuerga. Como llevaba la c\u00e1mara a mano, tom\u00e9 la siguiente imagen porque el nombre de la calle me result\u00f3 intrigante, sobre todo <a class=\"mh-excerpt-more\" href=\"https:\/\/alpoma.net\/tecob\/?p=858\" title=\"\u00bfAlf\u00e9rez Provisional?\">[&#8230;]<\/a><\/p>\n<\/div>","protected":false},"author":1,"featured_media":10984,"comment_status":"open","ping_status":"open","sticky":false,"template":"","format":"standard","meta":{"jetpack_post_was_ever_published":false,"_jetpack_newsletter_access":"","_jetpack_dont_email_post_to_subs":false,"_jetpack_newsletter_tier_id":0,"_jetpack_memberships_contains_paywalled_content":false,"_jetpack_memberships_contains_paid_content":false,"footnotes":""},"categories":[3],"tags":[],"class_list":["post-858","post","type-post","status-publish","format-standard","has-post-thumbnail","hentry","category-obsolescencia"],"jetpack_featured_media_url":"https:\/\/alpoma.net\/tecob\/wp-content\/uploads\/2008\/03\/2333251735_79743bbae2_o.jpg","jetpack_shortlink":"https:\/\/wp.me\/p93Dc1-dQ","jetpack-related-posts":[{"id":1195,"url":"https:\/\/alpoma.net\/tecob\/?p=1195","url_meta":{"origin":858,"position":0},"title":"Canto Hito","author":"alpoma","date":"17 agosto 2009","format":false,"excerpt":"Mientras redactaba el art\u00edculo sobre el eremitorio rupestre de Cervera, record\u00e9 una visita que realic\u00e9 hace varias semanas a cierto lugar, tambi\u00e9n relacionado con las piedras. Se trata del Canto Hito, un menhir que se alza orgullosamente sobre la extensa planicie del P\u00e1ramo de La Lora, en el noreste palentino,\u2026","rel":"","context":"En \u00abGeo\u00bb","block_context":{"text":"Geo","link":"https:\/\/alpoma.net\/tecob\/?cat=5"},"img":{"alt_text":"Menhir de Canto Hito","src":"https:\/\/i0.wp.com\/farm3.static.flickr.com\/2536\/3735011573_1a00d34869.jpg?resize=350%2C200","width":350,"height":200},"classes":[]},{"id":8065,"url":"https:\/\/alpoma.net\/tecob\/?p=8065","url_meta":{"origin":858,"position":1},"title":"(Documental) El enigma de Julio Cervera","author":"alpoma","date":"4 abril 2013","format":false,"excerpt":"El caso de Julio Cervera Baviera es uno de esos que, por desgracia, tanto abundan en la historia de Espa\u00f1a. Genio singular, pionero de la radio de talla mundial, militar, ge\u00f3grafo, inventor y... pol\u00edtico. Desde que publiqu\u00e9 una breve semblanza de su vida hace a\u00f1os en Historia de Iberia Vieja,\u2026","rel":"","context":"En \u00abMade in Spain\u00bb","block_context":{"text":"Made in Spain","link":"https:\/\/alpoma.net\/tecob\/?cat=10"},"img":{"alt_text":"","src":"","width":0,"height":0},"classes":[]},{"id":6844,"url":"https:\/\/alpoma.net\/tecob\/?p=6844","url_meta":{"origin":858,"position":2},"title":"La torre Eiffel de Londres","author":"alpoma","date":"4 julio 2012","format":false,"excerpt":"A mucha gente no le hac\u00eda ni pizca de gracia tener aquello que consideraban como un feo monstruo de metal que superaba los 300 metros de altura haciendo sombra a orillas del Sena y, sin embargo, la torre Eiffel, pensada para la Exposici\u00f3n Universal de Par\u00eds del a\u00f1o 1889, se\u2026","rel":"","context":"En \u00abObsolescencia\u00bb","block_context":{"text":"Obsolescencia","link":"https:\/\/alpoma.net\/tecob\/?cat=3"},"img":{"alt_text":"","src":"https:\/\/i0.wp.com\/alpoma.net\/tecob\/wp-content\/uploads\/2012\/07\/7501580592_dc7cb06878_o.jpg?resize=350%2C200&ssl=1","width":350,"height":200,"srcset":"https:\/\/i0.wp.com\/alpoma.net\/tecob\/wp-content\/uploads\/2012\/07\/7501580592_dc7cb06878_o.jpg?resize=350%2C200&ssl=1 1x, https:\/\/i0.wp.com\/alpoma.net\/tecob\/wp-content\/uploads\/2012\/07\/7501580592_dc7cb06878_o.jpg?resize=525%2C300&ssl=1 1.5x"},"classes":[]},{"id":3815,"url":"https:\/\/alpoma.net\/tecob\/?p=3815","url_meta":{"origin":858,"position":3},"title":"La torre infernal","author":"alpoma","date":"11 diciembre 2010","format":false,"excerpt":"La imagen que ilustra este post nos muestra una antena, muy alta, pero un simple \"palo\" a fin de cuentas. \u00bfNada m\u00e1s? La fotograf\u00eda es anodina porque, aunque se ve muy alta, poco m\u00e1s nos va a decir esa estructura sin conocer su historia. Adem\u00e1s, los edificios que rodean la\u2026","rel":"","context":"En \u00abObsolescencia\u00bb","block_context":{"text":"Obsolescencia","link":"https:\/\/alpoma.net\/tecob\/?cat=3"},"img":{"alt_text":"BREN_Tower_nevada","src":"https:\/\/i0.wp.com\/farm6.static.flickr.com\/5007\/5251763790_a3607d24ec.jpg?resize=350%2C200","width":350,"height":200},"classes":[]},{"id":11671,"url":"https:\/\/alpoma.net\/tecob\/?p=11671","url_meta":{"origin":858,"position":4},"title":"Mat\u00edas Balsera, el brujo de la radio","author":"alpoma","date":"28 septiembre 2015","format":false,"excerpt":"Versi\u00f3n para TecOb del art\u00edculo que publiqu\u00e9 en la revista Historia de Iberia Vieja, edici\u00f3n de septiembre de 2015. El se\u00f1or Balsera ha inventado un aparato que har\u00e1 ineficaces los ataques de los submarinos. Se verificaron las pruebas con \u00e9xito excelente, habiendo sido presenciadas por numerosas personalidades cient\u00edficas y diplom\u00e1ticas.\u2026","rel":"","context":"En \u00abMade in Spain\u00bb","block_context":{"text":"Made in Spain","link":"https:\/\/alpoma.net\/tecob\/?cat=10"},"img":{"alt_text":"","src":"https:\/\/i0.wp.com\/alpoma.net\/tecob\/wp-content\/uploads\/2015\/09\/patente_balsera_maquina_impresora_telegrafica.png?resize=350%2C200&ssl=1","width":350,"height":200,"srcset":"https:\/\/i0.wp.com\/alpoma.net\/tecob\/wp-content\/uploads\/2015\/09\/patente_balsera_maquina_impresora_telegrafica.png?resize=350%2C200&ssl=1 1x, https:\/\/i0.wp.com\/alpoma.net\/tecob\/wp-content\/uploads\/2015\/09\/patente_balsera_maquina_impresora_telegrafica.png?resize=525%2C300&ssl=1 1.5x, https:\/\/i0.wp.com\/alpoma.net\/tecob\/wp-content\/uploads\/2015\/09\/patente_balsera_maquina_impresora_telegrafica.png?resize=700%2C400&ssl=1 2x, https:\/\/i0.wp.com\/alpoma.net\/tecob\/wp-content\/uploads\/2015\/09\/patente_balsera_maquina_impresora_telegrafica.png?resize=1050%2C600&ssl=1 3x, https:\/\/i0.wp.com\/alpoma.net\/tecob\/wp-content\/uploads\/2015\/09\/patente_balsera_maquina_impresora_telegrafica.png?resize=1400%2C800&ssl=1 4x"},"classes":[]},{"id":3700,"url":"https:\/\/alpoma.net\/tecob\/?p=3700","url_meta":{"origin":858,"position":5},"title":"La Venecia del Pac\u00edfico","author":"alpoma","date":"12 noviembre 2010","format":false,"excerpt":"Este lugar es sorprendente, est\u00e1 en mi lista de espacios pendientes de visitar... y seguro que seguir\u00e1 en la lista durante mucho tiempo, por no decir para siempre porque, sencillamente, se encuentra en el quinto pino. No creo exagerar porque, como se puede ver en el siguiente mapa, se trata\u2026","rel":"","context":"En \u00abGeo\u00bb","block_context":{"text":"Geo","link":"https:\/\/alpoma.net\/tecob\/?cat=5"},"img":{"alt_text":"","src":"https:\/\/i0.wp.com\/alpoma.net\/tecob\/wp-content\/uploads\/2010\/11\/5169519799_96ce094263_o.jpg?resize=350%2C200&ssl=1","width":350,"height":200,"srcset":"https:\/\/i0.wp.com\/alpoma.net\/tecob\/wp-content\/uploads\/2010\/11\/5169519799_96ce094263_o.jpg?resize=350%2C200&ssl=1 1x, https:\/\/i0.wp.com\/alpoma.net\/tecob\/wp-content\/uploads\/2010\/11\/5169519799_96ce094263_o.jpg?resize=525%2C300&ssl=1 1.5x"},"classes":[]}],"jetpack_sharing_enabled":true,"_links":{"self":[{"href":"https:\/\/alpoma.net\/tecob\/index.php?rest_route=\/wp\/v2\/posts\/858","targetHints":{"allow":["GET"]}}],"collection":[{"href":"https:\/\/alpoma.net\/tecob\/index.php?rest_route=\/wp\/v2\/posts"}],"about":[{"href":"https:\/\/alpoma.net\/tecob\/index.php?rest_route=\/wp\/v2\/types\/post"}],"author":[{"embeddable":true,"href":"https:\/\/alpoma.net\/tecob\/index.php?rest_route=\/wp\/v2\/users\/1"}],"replies":[{"embeddable":true,"href":"https:\/\/alpoma.net\/tecob\/index.php?rest_route=%2Fwp%2Fv2%2Fcomments&post=858"}],"version-history":[{"count":0,"href":"https:\/\/alpoma.net\/tecob\/index.php?rest_route=\/wp\/v2\/posts\/858\/revisions"}],"wp:featuredmedia":[{"embeddable":true,"href":"https:\/\/alpoma.net\/tecob\/index.php?rest_route=\/wp\/v2\/media\/10984"}],"wp:attachment":[{"href":"https:\/\/alpoma.net\/tecob\/index.php?rest_route=%2Fwp%2Fv2%2Fmedia&parent=858"}],"wp:term":[{"taxonomy":"category","embeddable":true,"href":"https:\/\/alpoma.net\/tecob\/index.php?rest_route=%2Fwp%2Fv2%2Fcategories&post=858"},{"taxonomy":"post_tag","embeddable":true,"href":"https:\/\/alpoma.net\/tecob\/index.php?rest_route=%2Fwp%2Fv2%2Ftags&post=858"}],"curies":[{"name":"wp","href":"https:\/\/api.w.org\/{rel}","templated":true}]}}