{"id":8511,"date":"2013-09-24T18:01:58","date_gmt":"2013-09-24T16:01:58","guid":{"rendered":"http:\/\/www.alpoma.net\/tecob\/?p=8511"},"modified":"2013-09-24T18:01:58","modified_gmt":"2013-09-24T16:01:58","slug":"ciencia-y-arte-en-los-tubos-de-vacio-de-monico-sanchez","status":"publish","type":"post","link":"https:\/\/alpoma.net\/tecob\/?p=8511","title":{"rendered":"Ciencia y arte en los tubos de vac\u00edo de M\u00f3nico S\u00e1nchez"},"content":{"rendered":"<p><img loading=\"lazy\" decoding=\"async\" src=\"http:\/\/www.alpoma.net\/tecob\/wp-content\/uploads\/2013\/09\/tubo_vacio-173x300.jpg\" alt=\"tubo_vacio\" width=\"173\" height=\"300\" class=\"dch\" \/>Cuando hace meses publiqu\u00e9 en <em>Historia de Iberia Vieja<\/em>, y m\u00e1s tarde aqu\u00ed en <em>TecOb<\/em>, <strong><a href=\"http:\/\/www.alpoma.net\/tecob\/?p=8052\">la historia de M\u00f3nico S\u00e1nchez<\/a><\/strong>, inventor de las m\u00e1quinas de rayos X port\u00e1tiles, olvid\u00e9 mencionar un bello libro fotogr\u00e1fico que ten\u00eda mucha relaci\u00f3n con el asunto. Hoy me he vuelto a cruzar con \u00e9l, as\u00ed que no quiero dejar pasar de nuevo la oportunidad. Y no quiero hacerlo, sobre todo, porque adem\u00e1s de tratarse de un libro bell\u00edsimo, resulta que se puede descargar libremente en <strong><a href=\"http:\/\/www.mineco.gob.es\/stfls\/mineco\/ministerio\/ficheros\/libreria\/off-on-EBOOK2011-micinn-muncyt1.pdf\">versi\u00f3n PDF<\/a><\/strong> desde la <strong><a href=\"http:\/\/www.mineco.gob.es\/portal\/site\/mineco\/menuitem.d27e450d6789dd5c6a5af299026041a0\/?vgnextoid=7c5dbb5369ccf310VgnVCM1000001d04140aRCRD\">web del Mineco<\/a><\/strong>, por lo que no hay excusa para perd\u00e9rselo&#8230;<\/p>\n<blockquote><p><em>La monograf\u00eda OFF\/ON contiene una colecci\u00f3n de parejas fotogr\u00e1ficas de tubos de vac\u00edo apagados y encendidos dise\u00f1ados y elaborados por el inventor y empresario espa\u00f1ol M\u00f3nico S\u00e1nchez entre 1930 y 1950 en su f\u00e1brica de Piedrabuena (Ciudad Real). La colecci\u00f3n se conserva actualmente en la sede coru\u00f1esa del Museo Nacional de Ciencia y Tecnolog\u00eda.<\/p>\n<p>La publicaci\u00f3n se basa en el desarrollo de la idea de la belleza de los instrumentos cient\u00edficos y la profundizaci\u00f3n de la relaci\u00f3n entre el arte y la ciencia. El material fotogr\u00e1fico se completa y enriquece con citas de conocidos literatos y cient\u00edficos que son evocadas al observar las formas, colores y sombras de los tubos y la transformaci\u00f3n que experimentan al ser acariciados por la corriente el\u00e9ctrica.<\/em><\/p><\/blockquote>\n","protected":false},"excerpt":{"rendered":"<div class=\"mh-excerpt\"><p>Cuando hace meses publiqu\u00e9 en Historia de Iberia Vieja, y m\u00e1s tarde aqu\u00ed en TecOb, la historia de M\u00f3nico S\u00e1nchez, inventor de las m\u00e1quinas de rayos X port\u00e1tiles, olvid\u00e9 mencionar <a class=\"mh-excerpt-more\" href=\"https:\/\/alpoma.net\/tecob\/?p=8511\" title=\"Ciencia y arte en los tubos de vac\u00edo de M\u00f3nico S\u00e1nchez\">[&#8230;]<\/a><\/p>\n<\/div>","protected":false},"author":1,"featured_media":10556,"comment_status":"open","ping_status":"open","sticky":false,"template":"","format":"standard","meta":{"jetpack_post_was_ever_published":false,"_jetpack_newsletter_access":"","_jetpack_dont_email_post_to_subs":false,"_jetpack_newsletter_tier_id":0,"_jetpack_memberships_contains_paywalled_content":false,"_jetpack_memberships_contains_paid_content":false,"footnotes":""},"categories":[3],"tags":[],"class_list":["post-8511","post","type-post","status-publish","format-standard","has-post-thumbnail","hentry","category-obsolescencia"],"jetpack_featured_media_url":"https:\/\/alpoma.net\/tecob\/wp-content\/uploads\/2013\/09\/tubo_vacio-173x3001.jpg","jetpack_shortlink":"https:\/\/wp.me\/p93Dc1-2dh","jetpack-related-posts":[{"id":8052,"url":"https:\/\/alpoma.net\/tecob\/?p=8052","url_meta":{"origin":8511,"position":0},"title":"El Laboratorio El\u00e9ctrico de M\u00f3nico S\u00e1nchez","author":"alpoma","date":"1 abril 2013","format":false,"excerpt":"Este post corresponde a una versi\u00f3n reducida del art\u00edculo que publiqu\u00e9 en la revista Historia de Iberia Vieja en su edici\u00f3n correspondiente al mes de abril de 2013. Una de las notas m\u00e1s simp\u00e1ticamente interesantes de la actual Exposici\u00f3n de Medicina e Higiene es la presencia en ella del maravilloso\u2026","rel":"","context":"En \u00abMade in Spain\u00bb","block_context":{"text":"Made in Spain","link":"https:\/\/alpoma.net\/tecob\/?cat=10"},"img":{"alt_text":"monico_sanchez_2","src":"https:\/\/i0.wp.com\/farm9.staticflickr.com\/8384\/8605906331_7db2561641_m.jpg?resize=350%2C200","width":350,"height":200},"classes":[]},{"id":9083,"url":"https:\/\/alpoma.net\/tecob\/?p=9083","url_meta":{"origin":8511,"position":1},"title":"[Libro] Inventar en el desierto","author":"alpoma","date":"9 junio 2014","format":false,"excerpt":"Miguel A. Delgado, tesliano preeminente donde los haya, acaba de alumbrar nuevo libro, muy relacionado con lo que suele tratarse en este blog. Veamos, el inventar, crear algo nuevo e incluso so\u00f1ar con mejorar el mundo, es algo que pr\u00e1cticamente todos los seres humanos han deseado llevar a cabo alguna\u2026","rel":"","context":"En \u00abMade in Spain\u00bb","block_context":{"text":"Made in Spain","link":"https:\/\/alpoma.net\/tecob\/?cat=10"},"img":{"alt_text":"inventar","src":"https:\/\/i0.wp.com\/www.alpoma.net\/tecob\/wp-content\/uploads\/2014\/06\/inventar.jpg?resize=350%2C200","width":350,"height":200},"classes":[]},{"id":10202,"url":"https:\/\/alpoma.net\/tecob\/?p=10202","url_meta":{"origin":8511,"position":2},"title":"Un adelanto de lo que ser\u00e1 mi libro \u00abMade in Spain: Cuando invent\u00e1bamos nosotros\u00bb","author":"alpoma","date":"10 noviembre 2014","format":false,"excerpt":"Si no hay contratiempos, antes de que termine este a\u00f1o 2014 ver\u00e1 la luz mi nuevo libro (adem\u00e1s de la ya presentada edici\u00f3n en papel de la novela El viaje de Argos). A lo largo de la \u00faltima d\u00e9cada he publicado en diversos medios, sobre todo en la revista Historia\u2026","rel":"","context":"En \u00abMade in Spain\u00bb","block_context":{"text":"Made in Spain","link":"https:\/\/alpoma.net\/tecob\/?cat=10"},"img":{"alt_text":"","src":"https:\/\/i0.wp.com\/alpoma.net\/tecob\/wp-content\/uploads\/2014\/11\/barreiros-300x2771.png?resize=350%2C200&ssl=1","width":350,"height":200},"classes":[]},{"id":15561,"url":"https:\/\/alpoma.net\/tecob\/?p=15561","url_meta":{"origin":8511,"position":3},"title":"[Libro] Donde pongo el ojo, \u00a1mojo! &#8211; Tu libro de aviaci\u00f3n antiincendios","author":"alpoma","date":"16 abril 2026","format":false,"excerpt":"Hoy quiero comentar que acaba de salir a la venta un libro que he tenido el honor de editar, escrito por mi compa\u00f1ero de aventuras aeron\u00e1uticas Jos\u00e9 Manuel Gil. Si sufres de aerotrastorno o, simplemente, te gustan los aviones, no deber\u00edas perd\u00e9rtelo... Donde pongo el ojo, \u00a1mojo! es el tercer\u2026","rel":"","context":"En \u00abPersonal\u00bb","block_context":{"text":"Personal","link":"https:\/\/alpoma.net\/tecob\/?cat=2"},"img":{"alt_text":"","src":"https:\/\/i0.wp.com\/alpoma.net\/tecob\/wp-content\/uploads\/2026\/04\/portada-amazon.jpg?resize=350%2C200&ssl=1","width":350,"height":200,"srcset":"https:\/\/i0.wp.com\/alpoma.net\/tecob\/wp-content\/uploads\/2026\/04\/portada-amazon.jpg?resize=350%2C200&ssl=1 1x, https:\/\/i0.wp.com\/alpoma.net\/tecob\/wp-content\/uploads\/2026\/04\/portada-amazon.jpg?resize=525%2C300&ssl=1 1.5x, https:\/\/i0.wp.com\/alpoma.net\/tecob\/wp-content\/uploads\/2026\/04\/portada-amazon.jpg?resize=700%2C400&ssl=1 2x, https:\/\/i0.wp.com\/alpoma.net\/tecob\/wp-content\/uploads\/2026\/04\/portada-amazon.jpg?resize=1050%2C600&ssl=1 3x, https:\/\/i0.wp.com\/alpoma.net\/tecob\/wp-content\/uploads\/2026\/04\/portada-amazon.jpg?resize=1400%2C800&ssl=1 4x"},"classes":[]},{"id":8464,"url":"https:\/\/alpoma.net\/tecob\/?p=8464","url_meta":{"origin":8511,"position":4},"title":"La Historia Historia L\u00f3gico-Natural de J. J. Merelo, el mundo que bien pudo ser","author":"alpoma","date":"1 septiembre 2013","format":false,"excerpt":"Acabo de terminar de leer un libro que, a falta de m\u00e1s tiempo disponible, he tenido que ir disfrutando en ratos perdidos a lo largo de la \u00faltima semana. Ha sido una pena, porque merece ser le\u00eddo de una vez, porque el efecto que genera es algo as\u00ed como sentirse\u2026","rel":"","context":"En \u00abMade in Spain\u00bb","block_context":{"text":"Made in Spain","link":"https:\/\/alpoma.net\/tecob\/?cat=10"},"img":{"alt_text":"portada_jjmerelo","src":"https:\/\/i0.wp.com\/www.alpoma.net\/tecob\/wp-content\/uploads\/2013\/09\/portada_jjmerelo-204x300.jpg?resize=350%2C200","width":350,"height":200},"classes":[]},{"id":6199,"url":"https:\/\/alpoma.net\/tecob\/?p=6199","url_meta":{"origin":8511,"position":5},"title":"Os presento mi primera novela: El viaje de Argos.","author":"alpoma","date":"8 febrero 2012","format":false,"excerpt":"Habr\u00e1 a quien le suene el t\u00edtulo, porque es el mismo que utilic\u00e9 para un proyecto de revista hace tiempo, pero no tiene nada que ver con lo que hoy os quiero comentar. S\u00ed, aunque lleva terminada desde principios de 2009, ser\u00e1 a comienzos del pr\u00f3ximo mes de marzo cuando\u2026","rel":"","context":"En \u00abPersonal\u00bb","block_context":{"text":"Personal","link":"https:\/\/alpoma.net\/tecob\/?cat=2"},"img":{"alt_text":"Portada de El viaje de Argos","src":"https:\/\/i0.wp.com\/farm8.staticflickr.com\/7024\/6842079725_f69a0c041d_m.jpg?resize=350%2C200","width":350,"height":200},"classes":[]}],"jetpack_sharing_enabled":true,"_links":{"self":[{"href":"https:\/\/alpoma.net\/tecob\/index.php?rest_route=\/wp\/v2\/posts\/8511","targetHints":{"allow":["GET"]}}],"collection":[{"href":"https:\/\/alpoma.net\/tecob\/index.php?rest_route=\/wp\/v2\/posts"}],"about":[{"href":"https:\/\/alpoma.net\/tecob\/index.php?rest_route=\/wp\/v2\/types\/post"}],"author":[{"embeddable":true,"href":"https:\/\/alpoma.net\/tecob\/index.php?rest_route=\/wp\/v2\/users\/1"}],"replies":[{"embeddable":true,"href":"https:\/\/alpoma.net\/tecob\/index.php?rest_route=%2Fwp%2Fv2%2Fcomments&post=8511"}],"version-history":[{"count":0,"href":"https:\/\/alpoma.net\/tecob\/index.php?rest_route=\/wp\/v2\/posts\/8511\/revisions"}],"wp:featuredmedia":[{"embeddable":true,"href":"https:\/\/alpoma.net\/tecob\/index.php?rest_route=\/wp\/v2\/media\/10556"}],"wp:attachment":[{"href":"https:\/\/alpoma.net\/tecob\/index.php?rest_route=%2Fwp%2Fv2%2Fmedia&parent=8511"}],"wp:term":[{"taxonomy":"category","embeddable":true,"href":"https:\/\/alpoma.net\/tecob\/index.php?rest_route=%2Fwp%2Fv2%2Fcategories&post=8511"},{"taxonomy":"post_tag","embeddable":true,"href":"https:\/\/alpoma.net\/tecob\/index.php?rest_route=%2Fwp%2Fv2%2Ftags&post=8511"}],"curies":[{"name":"wp","href":"https:\/\/api.w.org\/{rel}","templated":true}]}}