{"id":8470,"date":"2013-09-02T11:47:25","date_gmt":"2013-09-02T09:47:25","guid":{"rendered":"http:\/\/www.alpoma.net\/tecob\/?p=8470"},"modified":"2013-09-02T11:47:25","modified_gmt":"2013-09-02T09:47:25","slug":"el-doctor-cesar-comas-llaberia-heroe-de-los-rayos-x","status":"publish","type":"post","link":"https:\/\/alpoma.net\/tecob\/?p=8470","title":{"rendered":"El doctor C\u00e9sar Comas Llaber\u00eda, h\u00e9roe de los rayos X"},"content":{"rendered":"<p class=\"otros3\">Publiqu\u00e9 originalmente este art\u00edculo en la revista<strong> <a href=\"http:\/\/www.historiadeiberiavieja.com\/\">Historia de Iberia Vieja<\/a><\/strong>, n\u00famero 99, septiembre de 2013.<\/p>\n<p><img loading=\"lazy\" decoding=\"async\" class=\"dch\" alt=\"cesar_comas\" src=\"http:\/\/www.alpoma.net\/tecob\/wp-content\/uploads\/2013\/09\/cesar_comas-204x300.jpg\" width=\"204\" height=\"300\" \/><em>\u00abVivir para ver\u00bb, dice el viejo refr\u00e1n castellano. Repit\u00e1moslo hoy, en que interesa tanto a la gente la nueva del descubrimiento de una especie de Iuz que no se ve, pero cuya intensidad de radiaci\u00f3n, penetraci\u00f3n y actividad es tal, que pasa al trav\u00e9s de algunos cuerpos opacos, verdaderamente transparentes para ella, y que acciona como la luz ordinaria sobre las placas fotogr\u00e1ficas, despu\u00e9s de haberlos atravesado. <\/em><\/p>\n<p style=\"text-align: right;\">Fragmento del art\u00edculo \u201cLa luz X del Dr. R\u00f6ntgen\u201d,<br \/>\naparecido el 30 de enero de 1896<br \/>\nen <em>La Ilustraci\u00f3n Espa\u00f1ola y Americana<\/em>,<br \/>\npor Becerro de Bengoa.<\/p>\n<p><strong>Descubriendo lo invisible<\/strong><\/p>\n<p>A nadie le suena raro hoy el t\u00e9rmino \u201c<strong>rayos X<\/strong>\u201d pero, se uno se para a pensar, tal denominaci\u00f3n suena de los m\u00e1s extra\u00f1o. No es para menos, pues la \u201cX\u201d se coloc\u00f3 ah\u00ed precisamente para intentar dar nombre a una radiaci\u00f3n inc\u00f3gnita, desconocida, misteriosa, de la que apenas se conoc\u00eda nada. En algunas partes de Europa central y oriental se han llamado a los rayos X como <strong>rayos R\u00f6ntgen,<\/strong> en honor del descubridor oficial de los mismos.<\/p>\n<p>Bien, digo oficial porque en esto, como en casi cualquier otro \u00e1mbito de la ciencia y la invenci\u00f3n, el personaje recordado no suele ser realmente el primero, sino el que m\u00e1s \u00e9xito  hubiera logrado a la hora de dar a conocer o explotar una tecnolog\u00eda o invenci\u00f3n. En el caso de los rayos X ese reconocimiento como descubridor le toc\u00f3 al f\u00edsico alem\u00e1n<strong> <a href=\"http:\/\/es.wikipedia.org\/wiki\/Wilhelm_R%C3%B6ntgen\">Wilhelm Conrad R\u00f6ntgen<\/a><\/strong>, claro que ese primer puesto fue disputado por otros y la pol\u00e9mica sobre el mismo tuvo sus batallas. R\u00f6ntgen<strong> recibi\u00f3 el premio Nobel de F\u00edsica en 1901<\/strong> por su aportaci\u00f3n a la hora de descubrir los in\u00f3gnitos rayos. Curiosamente, el f\u00edsico de poblada barba nunca quiso que la radiaci\u00f3n reci\u00e9n descubierta llevara su nombre, prefiriendo sin dudarlo la curiosa denominaci\u00f3n a la que ya nos hemos acostumbrado. Es m\u00e1s, tampoco quiso patentar su procedimiento para generar rayos X, pues no lo consideraba \u00e9tico. <!--more--><\/p>\n<p>En realidad, el largo camino hacia los rayos X hab\u00eda comenzado unos a\u00f1os antes. El f\u00edsico brit\u00e1nico <strong>William Crookes<\/strong> dedic\u00f3 mucho tiempo y esfuerzo a investigar lo que sucede en el interior de tubos especiales llenos de ciertos gases a baja presi\u00f3n o en los que se hubiera hecho el vac\u00edo. Dise\u00f1\u00f3 un tipo especial de tubo con electrodos en sus extremos, al que se conoci\u00f3 como tubo de Crookes, que permit\u00eda investigar descargas el\u00e9ctricas de alto voltaje en su interior. Y ah\u00ed es donde comenz\u00f3 todo, pues experimentando con tubos de Crookes en 1887, el inefable <strong>Nikola Tesla<\/strong> se dio cuenta de algo muy extra\u00f1o. Cuando se colocaban placas fotogr\u00e1ficas en las cercan\u00edas del banco de experimentos con los tubos, \u00e9stas eran impresionadas de alguna \u201cm\u00e1gica\u201d forma y a trav\u00e9s de materiales opacos para formar im\u00e1genes muy poco definidas. Otros cient\u00edficos fueron experimentando de la misma forma con id\u00e9nticos resultados. Es curioso, pero ya entonces Tesla comenz\u00f3 a sugerir que aquella radiaci\u00f3n extra\u00f1a que parec\u00eda emanar de los tubos de Crookes pudiera tener sus peligros. El tiempo le dio la raz\u00f3n.<\/p>\n<p>Pero quien dio el salto hacia adelante en todo el asunto de los fantasmales rayos fue R\u00f6ntgen. Sucedi\u00f3 la noche del <strong>8 de noviembre de 1895. <\/strong>R\u00f6ntgen se encontraba investigando la fluorescencia producida por rayos cat\u00f3dicos empleando un tubo de Crookes perfeccionado y una <strong>bobina de Ruhmkorff<\/strong>. A pesar de cubrir el tubo de vac\u00edo con cart\u00f3n opaco, aparec\u00eda una fantasmal luminosidad proyectada en una placa exterior. \u00bfC\u00f3mo llegaba esa luminosidad hasta all\u00ed si el tubo se encontraba completamente cubierto? Al desconectar el tubo de la corriente, el fantasma desaparec\u00eda. Quedaba claro que aquello era <strong>una nueva radiaci\u00f3n, desconocida y muy penetrante<\/strong>, invisible hasta que sus efectos se pon\u00edan de manifiesto en ciertos medios. Aquello parec\u00eda atravesar todo tipo de materiales, incluso el metal. Al exponer placas fotogr\u00e1ficas a la radiaci\u00f3n, experiment\u00f3 sobre qu\u00e9 materiales eran m\u00e1s \u201cpermeables\u201d a los mismos. <strong>Hab\u00eda nacido la radiograf\u00eda. <\/strong><\/p>\n<p>All\u00ed estaban los rayos X, de los que apenas se sab\u00eda c\u00f3mo generarlos, al chocar los rayos cat\u00f3dicos con determinados materiales, pero poco m\u00e1s se pod\u00eda decir. Pero su capacidad para penetrar en la materia y mostrar lo invisible llam\u00f3 la atenci\u00f3n desde el primer momento. Desde que R\u00f6ntgen diera a conocer sus experiencias,<strong> una fiebre por los rayos X se desat\u00f3 en todo el mundo. <\/strong>Pocas veces un descubrimiento cient\u00edfico ha sido tan r\u00e1pidamente divulgado y replicado como fue el caso de los rayos X. Tanto es as\u00ed que, ya a principios de 1896, varios experimentadores en Espa\u00f1a estaban a punto de dar los primeros pasos en tan novedoso campo de estudio.<\/p>\n<p><strong>Los rayos X llegan a Espa\u00f1a<\/strong><\/p>\n<p>Hoy conocemos con detalle c\u00f3mo se general y qu\u00e9 son los misteriosos rayos que merecieron la \u201cX\u201d para ser nombrados como muestra de lo extra\u00f1o que resultaron en su tiempo. Se trata de <strong>radiaciones electromagn\u00e9ticas<\/strong> muy especiales que han llegado a tener cientos de usos diversos, no ya s\u00f3lo en la medicina sino en la industria y la investigaci\u00f3n cient\u00edfica. <\/p>\n<p>El descubrimiento de R\u00f6ntgen fue <strong>acogido con entusiasmo por varios cient\u00edficos en Espa\u00f1a<\/strong>, aunque tambi\u00e9n es cierto se\u00f1alar que muchos otros fueron muy esc\u00e9pticos al respecto. En Barcelona,<strong> el catedr\u00e1tico de f\u00edsica Eduardo Lozano y Ponce de Le\u00f3n fue el primero en experimentar con rayos X sobre placas fotogr\u00e1ficas en tierras espa\u00f1olas<\/strong> a trav\u00e9s de algunas pruebas con objetos inanimados. Sin embargo, si hubiera que buscar a un pionero singular en el campo m\u00e9dico relacionado con los rayos X en Espa\u00f1a, no hay duda de que habr\u00e1 que nombrar a <strong>C\u00e9sar Comas Llaver\u00eda.<\/strong> Es m\u00e1s, no s\u00f3lo fue pionero en los experimentos con rayos X y su aplicaci\u00f3n m\u00e9dica en Espa\u00f1a, tambi\u00e9n dedic\u00f3 grandes esfuerzos a lo largo de muchos a\u00f1os para implantar las m\u00e1s modernas t\u00e9cnicas radiol\u00f3gicas que iban surgiendo, a costa incluso de su propia salud.<\/p>\n<p>C\u00e9sar Comas <strong>obtuvo sus primeras radiograf\u00edas en la Facultad de Medicina de Barcelona en febrero de 1896<\/strong>, apenas unos meses despu\u00e9s de que R\u00f6ntgen realizara sus experiencias en Alemania. Al poco, se public\u00f3 en Madrid, por parte de don Antonio Espina y Cap\u00f3, el primer escrito m\u00e9dico acerca de los rayos X en Espa\u00f1a y pocos meses m\u00e1s tarde se abri\u00f3 el primer centro radiol\u00f3gico m\u00e9dico de nuestro pa\u00eds, en Barcelona, a cargo de J. Pujol i Camps quien, por desgracia, tambi\u00e9n se convirti\u00f3 en la primera v\u00edctima espa\u00f1ola, que se conozca, del uso sin protecci\u00f3n adecuada de los rayos X.<\/p>\n<p>Pero, volvamos la vista a C\u00e9sar Comas. En aquellos primeros d\u00edas del a\u00f1o 1896 era un chaval con poco m\u00e1s de 21 a\u00f1os de edad que cursaba las \u00faltimas asignaturas de su carrera de medicina en Barcelona. Pero, adem\u00e1s, era fot\u00f3grafo, y de los buenos todo hay que decirlo. La pasi\u00f3n m\u00e9dica y la fotogr\u00e1fica se reun\u00edan en el mundo \u201cm\u00e1gico\u201d de los rayos X. El nuevo descubrimiento le atrap\u00f3 para siempre, dedicando el resto de su larga vida a explorar las posibilidades m\u00e9dicas de la nueva radiaci\u00f3n reci\u00e9n descubierta. En ese tiempo el estudiante estaba encargado del <strong>gabiente fotogr\u00e1fico de la Facultad de Medicina de Barcelona. <\/strong>No contaba con muchos medios, pero su empe\u00f1o en replicar lo que hab\u00eda logrado R\u00f6ntgen hac\u00eda apenas unos meses, hizo que pidiera ayuda al catedr\u00e1tico de f\u00edsica y qu\u00edmica don Tom\u00e1s Eschiche para poder acceder a un tubo de Crookes propiedad del gabinete de f\u00edsica. Ayudado por el categr\u00e1tico de an\u00e1lisis qu\u00edmico don Jos\u00e9 Casares Gil, pudo por fin el bueno de C\u00e9sar conectar adecuadamente el tubo con un carrete de inducci\u00f3n del laboratorio de la Facultad de Farmacia. Piezas diversas de origen dispar que, unidas, formaban la primera m\u00e1quina de rayos X de Espa\u00f1a.<strong> Fue, precisamente en el laboratorio de la Facultad de Farmacia, donde el 2 de febrero de 1896 realiz\u00f3 C\u00e9sar Comas sus primeras radiograf\u00edas.<\/strong> Los resultados no fueron muy buenos, apenas unas manchas difusas en los negativos. Quedaba mucho por recorrer, ajustando la dispocisi\u00f3n del tubo, los tiempos de exposici\u00f3n, que eran muy largos por aquel entonces y otros muchos detalles. <\/p>\n<p>Sin embargo, aquella fue la primera radiograf\u00eda, como tal, realizada en Espa\u00f1a. Si bien, en el gabinete de F\u00edsica citado ya se hab\u00edan realizado experiencias son los nov\u00edsimos rayos, cabe el honor de haber logrado esa primera impresi\u00f3n fotogr\u00e1fica al estudiante empe\u00f1ado en lograr tal objetivo. Y a fe cierta que lo logr\u00f3, y lo mejor\u00f3 en muy poco tiempo. <strong>La Facultad de Medicina de Barcelona le alent\u00f3 y apoy\u00f3 en sus nuevos experimentos.<\/strong> C\u00e9sar Comas cont\u00f3 entonces con todo el equipamiento necesario para hacer m\u00e1s pruebas en el laboratorio fotogr\u00e1fico que pr\u00e1cticamente era su hogar por aquel tiempo. No hab\u00eda terminado aquel mes de febrero cuando C\u00e9sar ya hab\u00eda logrado mejorar su t\u00e9cnica hasta el punto de conseguir n\u00edtidas radiograf\u00edas de todo tipo de objetos. Era el momento de pasar a la acci\u00f3n para descubrir el potencial m\u00e9dico de aquella tecnolog\u00eda.<\/p>\n<p>La Facultad, a trav\u00e9s de una comisi\u00f3n nombrada al efecto, dio por buenos los experimentos del estudiante que, en breve, ya ser\u00eda m\u00e9dico. Aquellas experiencias fueron anunciadas el <strong>24 de febrero de 1896,<\/strong> a trav\u00e9s de una curiosa prueba de radiograf\u00eda p\u00fablica. El experimento dur\u00f3 poco m\u00e1s de 35 minutos, tiempo en el que la placa fotogr\u00e1fica fue expuesta a los rayos X, mientras diversos expertos iban comentando detalles acerca de lo que all\u00ed se estaba viviendo. Al finalizar el proceso, el zumbido de la m\u00e1quina se apag\u00f3. Al poco, procesado el negativo, apareci\u00f3 n\u00edtidamente una inscripci\u00f3n a modo de fotograf\u00eda, en la que pod\u00eda leerse con claridad el texto perfilado en una placa de metal que, al ser atravesada por los rayos X hab\u00eda dejado marcada la frase: \u201cFacultad de Medicina de Barcelona\u201d, junto con la fecha en la que se realiz\u00f3 la demostraci\u00f3n. \u00bfAcaso hab\u00eda mejor forma de anunciar d\u00eda tan se\u00f1alado?<\/p>\n<p><strong>C\u00e9sar Comas, el radi\u00f3logo<\/strong><\/p>\n<p>Aquella no fue sino la primera piedra en un edificio impresionante, a saber, una carrera que dur\u00f3 d\u00e9cadas al servicio de la radiolog\u00eda m\u00e9dica. C\u00e9sar Comas Llaber\u00eda, quien <strong>lleg\u00f3 al mundo en Barcelona en 1874, abandonando la vida en la misma ciudad en 1956<\/strong>, fue todo un ejemplo de dedicaci\u00f3n y sacrificio. Es triste que hoy apenas sea recordado, cuando dio, literalmente, su brazo por la ciencia. Y digo bien, literalmente, porque termin\u00f3 perdi\u00e9ndolo, como mostrar\u00e9 a continuaci\u00f3n.<\/p>\n<p>Volvamos por un momento a 1896. Fue el 22 de junio de ese a\u00f1o cuando C\u00e9sar Comas obtuvo su t\u00edtulo de Licenciado en Medicina. A partir de ese momento no descans\u00f3 ni un momento en su carrera como m\u00e9dico y cient\u00edfico. En 1897 obtuvo el grado de Doctor, apenas un a\u00f1o despu\u00e9s de completar su licenciatura. La fotograf\u00eda segu\u00eda siendo su pasi\u00f3n, algo que ya era mucho m\u00e1s que una afici\u00f3n desde que fuera nombrado fot\u00f3grafo de la Facultad de Medicina de Barcelona en 1892, con apenas dieciocho a\u00f1os. <\/p>\n<p>Uniendo la pasi\u00f3n m\u00e9dica y la fotogr\u00e1fica, C\u00e9sar Comas se asoci\u00f3 a un familiar tambi\u00e9n m\u00e9dico, el doctor <strong>Agust\u00edn Pri\u00f3 Llaber\u00eda<\/strong>, para crear un gabinete radiol\u00f3gico. Aquella aventura comenz\u00f3 en Barcelona hacia 1898. La pareja de investigadores no descansaba a la hora de experimentar con todo tipo de nuevas t\u00e9cnicas, poniendo a la vez sus instalaciones al servicio de los hospitales cercanos. A partir de ah\u00ed se inici\u00f3 una relaci\u00f3n muy fruct\u00edfera, que dur\u00f3 d\u00e9cadas, con diversos centros m\u00e9dicos, para llevar a cabo todo tipo de pruebas diagn\u00f3sticas. Miles de pacientes encontraron alivio, un buen diagn\u00f3stico y tratamiento en las manos de los Llaber\u00eda, pero \u00e9stos tuvieron que pagar un precio por ser pioneros.<\/p>\n<p>Tanto C\u00e9sar como Agust\u00edn <strong>sab\u00edan que la exposici\u00f3n prolongada a los rayos X podr\u00eda ser peligrosa, <\/strong>pero se desconoc\u00eda hasta qu\u00e9 punto podr\u00eda afectarles. Por eso, llegaron a un pacto. A la hora de manipular las m\u00e1quinas de rayos X s\u00f3lo emplear\u00edan una de sus manos. Era la mejor forma de descubrir c\u00f3mo crear protecciones adecuadas, <strong>\u00a1exponiendo su propio cuerpo a la radiaci\u00f3n! <\/strong>Y, as\u00ed, Agust\u00edn Pri\u00f3 expuso su mano derecha, mientras que C\u00e9sar Comas lo hizo con la izquierda. Pasados varios a\u00f1os sucedi\u00f3 lo que tem\u00edan. Agust\u00edn enferm\u00f3 de cierto tipo de c\u00e1ncer en su brazo derecho. A pesar de que fue amputado, era demasiado tarde para \u00e9l, la enfermedad se hab\u00eda extendido, terminando con su vida. M\u00e1s suerte tuvo C\u00e9sar quien, a pesar de sufrir tambi\u00e9n de c\u00e1ncer y de perder su mano izquierda, logr\u00f3 sobrevivir hasta ser octogenario. <strong>Una larga vida dedicada a la mejora de la tecnolog\u00eda radiol\u00f3gica que comenz\u00f3 un d\u00eda de febrero de 1896, con la primera radiograf\u00eda realizada en Espa\u00f1a.<\/strong><\/p>\n","protected":false},"excerpt":{"rendered":"<div class=\"mh-excerpt\"><p>Publiqu\u00e9 originalmente este art\u00edculo en la revista Historia de Iberia Vieja, n\u00famero 99, septiembre de 2013. \u00abVivir para ver\u00bb, dice el viejo refr\u00e1n castellano. Repit\u00e1moslo hoy, en que interesa tanto <a class=\"mh-excerpt-more\" href=\"https:\/\/alpoma.net\/tecob\/?p=8470\" title=\"El doctor C\u00e9sar Comas Llaber\u00eda, h\u00e9roe de los rayos X\">[&#8230;]<\/a><\/p>\n<\/div>","protected":false},"author":1,"featured_media":10951,"comment_status":"open","ping_status":"open","sticky":false,"template":"","format":"standard","meta":{"jetpack_post_was_ever_published":false,"_jetpack_newsletter_access":"","_jetpack_dont_email_post_to_subs":false,"_jetpack_newsletter_tier_id":0,"_jetpack_memberships_contains_paywalled_content":false,"_jetpack_memberships_contains_paid_content":false,"footnotes":""},"categories":[10],"tags":[],"class_list":["post-8470","post","type-post","status-publish","format-standard","has-post-thumbnail","hentry","category-made_in_spain"],"jetpack_featured_media_url":"https:\/\/alpoma.net\/tecob\/wp-content\/uploads\/2013\/09\/cesar_comas-204x3001.jpg","jetpack_shortlink":"https:\/\/wp.me\/p93Dc1-2cC","jetpack-related-posts":[{"id":10184,"url":"https:\/\/alpoma.net\/tecob\/?p=10184","url_meta":{"origin":8470,"position":0},"title":"El Frankenstein de Zehnder","author":"alpoma","date":"25 octubre 2014","format":false,"excerpt":"Hoy nos visita una fotograf\u00eda muy especial, una imagen que tiene reservado un espacio singular en la historia de la ciencia y la tecnolog\u00eda. He aqu\u00ed al Frankenstein de Zehnder... Lo de Frankenstein es una licencia que me he tomado porque, a fin de cuentas, la imagen fue realizada con\u2026","rel":"","context":"En \u00abGeneral\u00bb","block_context":{"text":"General","link":"https:\/\/alpoma.net\/tecob\/?cat=1"},"img":{"alt_text":"","src":"https:\/\/i0.wp.com\/alpoma.net\/tecob\/wp-content\/uploads\/2014\/10\/Zehnder_rayos_X.jpg?resize=350%2C200&ssl=1","width":350,"height":200},"classes":[]},{"id":975,"url":"https:\/\/alpoma.net\/tecob\/?p=975","url_meta":{"origin":8470,"position":1},"title":"Fotografiando con rayos X","author":"alpoma","date":"26 agosto 2008","format":false,"excerpt":"Este es uno de los t\u00edpicos casos, cuando uno se refiere a cuestiones visuales y de arte, en que una imagen lo dice todo. Cont\u00e9mplese con calma la siguiente maravilla. Se trata s\u00f3lo de un ejemplo de montaje con fotograf\u00edas de objetos realizadas, no con luz, sino con rayos X.\u2026","rel":"","context":"En \u00abInnovaci\u00f3n\u00bb","block_context":{"text":"Innovaci\u00f3n","link":"https:\/\/alpoma.net\/tecob\/?cat=4"},"img":{"alt_text":"","src":"https:\/\/i0.wp.com\/alpoma.net\/tecob\/wp-content\/uploads\/2008\/08\/2800353117_09d4e3b9b5_o.jpg?resize=350%2C200&ssl=1","width":350,"height":200,"srcset":"https:\/\/i0.wp.com\/alpoma.net\/tecob\/wp-content\/uploads\/2008\/08\/2800353117_09d4e3b9b5_o.jpg?resize=350%2C200&ssl=1 1x, https:\/\/i0.wp.com\/alpoma.net\/tecob\/wp-content\/uploads\/2008\/08\/2800353117_09d4e3b9b5_o.jpg?resize=525%2C300&ssl=1 1.5x"},"classes":[]},{"id":8052,"url":"https:\/\/alpoma.net\/tecob\/?p=8052","url_meta":{"origin":8470,"position":2},"title":"El Laboratorio El\u00e9ctrico de M\u00f3nico S\u00e1nchez","author":"alpoma","date":"1 abril 2013","format":false,"excerpt":"Este post corresponde a una versi\u00f3n reducida del art\u00edculo que publiqu\u00e9 en la revista Historia de Iberia Vieja en su edici\u00f3n correspondiente al mes de abril de 2013. Una de las notas m\u00e1s simp\u00e1ticamente interesantes de la actual Exposici\u00f3n de Medicina e Higiene es la presencia en ella del maravilloso\u2026","rel":"","context":"En \u00abMade in Spain\u00bb","block_context":{"text":"Made in Spain","link":"https:\/\/alpoma.net\/tecob\/?cat=10"},"img":{"alt_text":"monico_sanchez_2","src":"https:\/\/i0.wp.com\/farm9.staticflickr.com\/8384\/8605906331_7db2561641_m.jpg?resize=350%2C200","width":350,"height":200},"classes":[]},{"id":5660,"url":"https:\/\/alpoma.net\/tecob\/?p=5660","url_meta":{"origin":8470,"position":3},"title":"Buscando c\u00e1maras secretas en las pir\u00e1mides de Egipto con rayos c\u00f3smicos","author":"alpoma","date":"3 noviembre 2017","format":false,"excerpt":"ACTUALIZACI\u00d3N 3\/11\/2017: Este art\u00edculo fue originalmente publicado el 18 de noviembre de 2011. El tema ha entrado ahora de lleno en las noticias de actualidad por el posible descubrimiento de un espacio desconocido en el interior de la Gran Pir\u00e1mide. Sea como fuere, porque hay pol\u00e9mica al respecto, conviene recordar\u2026","rel":"","context":"En \u00abGeo\u00bb","block_context":{"text":"Geo","link":"https:\/\/alpoma.net\/tecob\/?cat=5"},"img":{"alt_text":"imagen_1","src":"https:\/\/i0.wp.com\/farm7.static.flickr.com\/6228\/6359195149_e638cac8bc_o.jpg?resize=350%2C200","width":350,"height":200,"srcset":"https:\/\/i0.wp.com\/farm7.static.flickr.com\/6228\/6359195149_e638cac8bc_o.jpg?resize=350%2C200 1x, https:\/\/i0.wp.com\/farm7.static.flickr.com\/6228\/6359195149_e638cac8bc_o.jpg?resize=525%2C300 1.5x"},"classes":[]},{"id":5905,"url":"https:\/\/alpoma.net\/tecob\/?p=5905","url_meta":{"origin":8470,"position":4},"title":"Arturo Duperier en la orilla del mar radiante","author":"alpoma","date":"1 enero 2012","format":false,"excerpt":"Versi\u00f3n reducida del art\u00edculo que publiqu\u00e9 en la revista Historia de Iberia Vieja, n\u00famero 79, enero de 2012. ...se ha celebrado el entierro del catedr\u00e1tico de la Facultad de Ciencias de la Universidad de Madrid don Arturo Duperier, fallecido repentinamente en su domicilio al llegar de la Facultad. El profesor\u2026","rel":"","context":"En \u00abMade in Spain\u00bb","block_context":{"text":"Made in Spain","link":"https:\/\/alpoma.net\/tecob\/?cat=10"},"img":{"alt_text":"","src":"https:\/\/i0.wp.com\/alpoma.net\/tecob\/wp-content\/uploads\/2012\/01\/6609159281_ee917df530_z.jpg?resize=350%2C200&ssl=1","width":350,"height":200,"srcset":"https:\/\/i0.wp.com\/alpoma.net\/tecob\/wp-content\/uploads\/2012\/01\/6609159281_ee917df530_z.jpg?resize=350%2C200&ssl=1 1x, https:\/\/i0.wp.com\/alpoma.net\/tecob\/wp-content\/uploads\/2012\/01\/6609159281_ee917df530_z.jpg?resize=525%2C300&ssl=1 1.5x"},"classes":[]},{"id":8322,"url":"https:\/\/alpoma.net\/tecob\/?p=8322","url_meta":{"origin":8470,"position":5},"title":"La er\u00f3tica del cors\u00e9 tras los rayos X","author":"alpoma","date":"19 junio 2013","format":false,"excerpt":"Los cors\u00e9s, que no son s\u00f3lo cosa femenina pues a lo largo de la historia los cors\u00e9s masculinos tambi\u00e9n han dado mucho juego, tuvieron \u00e9pocas de gloria en la moda de varios siglos. El cors\u00e9 vive ahora cierto renacimiento y he de reconocer que tiene su encanto y atractivo, pero\u2026","rel":"","context":"En \u00abObsolescencia\u00bb","block_context":{"text":"Obsolescencia","link":"https:\/\/alpoma.net\/tecob\/?cat=3"},"img":{"alt_text":"","src":"https:\/\/i0.wp.com\/alpoma.net\/tecob\/wp-content\/uploads\/2013\/06\/461px-Padiographie_du_corsetLigne28dos29.jpg?resize=350%2C200&ssl=1","width":350,"height":200},"classes":[]}],"jetpack_sharing_enabled":true,"_links":{"self":[{"href":"https:\/\/alpoma.net\/tecob\/index.php?rest_route=\/wp\/v2\/posts\/8470","targetHints":{"allow":["GET"]}}],"collection":[{"href":"https:\/\/alpoma.net\/tecob\/index.php?rest_route=\/wp\/v2\/posts"}],"about":[{"href":"https:\/\/alpoma.net\/tecob\/index.php?rest_route=\/wp\/v2\/types\/post"}],"author":[{"embeddable":true,"href":"https:\/\/alpoma.net\/tecob\/index.php?rest_route=\/wp\/v2\/users\/1"}],"replies":[{"embeddable":true,"href":"https:\/\/alpoma.net\/tecob\/index.php?rest_route=%2Fwp%2Fv2%2Fcomments&post=8470"}],"version-history":[{"count":0,"href":"https:\/\/alpoma.net\/tecob\/index.php?rest_route=\/wp\/v2\/posts\/8470\/revisions"}],"wp:featuredmedia":[{"embeddable":true,"href":"https:\/\/alpoma.net\/tecob\/index.php?rest_route=\/wp\/v2\/media\/10951"}],"wp:attachment":[{"href":"https:\/\/alpoma.net\/tecob\/index.php?rest_route=%2Fwp%2Fv2%2Fmedia&parent=8470"}],"wp:term":[{"taxonomy":"category","embeddable":true,"href":"https:\/\/alpoma.net\/tecob\/index.php?rest_route=%2Fwp%2Fv2%2Fcategories&post=8470"},{"taxonomy":"post_tag","embeddable":true,"href":"https:\/\/alpoma.net\/tecob\/index.php?rest_route=%2Fwp%2Fv2%2Ftags&post=8470"}],"curies":[{"name":"wp","href":"https:\/\/api.w.org\/{rel}","templated":true}]}}