{"id":845,"date":"2008-03-01T21:07:24","date_gmt":"2008-03-01T19:07:24","guid":{"rendered":"http:\/\/www.alpoma.net\/tecob\/?p=845"},"modified":"2008-03-01T21:07:40","modified_gmt":"2008-03-01T19:07:40","slug":"auroras-negras","status":"publish","type":"post","link":"https:\/\/alpoma.net\/tecob\/?p=845","title":{"rendered":"Auroras negras"},"content":{"rendered":"<p>Las <strong>auroras polares<\/strong>, com\u00fanmente referidas como <strong>auroras boreales<\/strong> por ser en \u00e1reas \u00e1rticas donde se acumula mayor n\u00famero de observaciones, constituyen uno de los espect\u00e1culos naturales m\u00e1s impresionantes. Algunas veces, al discurrir las cortinas luminosas por los cielos, aparecen <strong>regiones oscuras<\/strong>, fantasmales, conocidas como negativos, antiauroras o, m\u00e1s comunmente, <strong>auroras negras<\/strong>. A trav\u00e9s de \u00e9stas rasgaduras negras circulan corrientes de electrones ionosf\u00e9ricos hacia el espacio. Pueden verse en muchas formas, desde finos hilos ondulantes, hasta agujeros negros entre de la luminosidad de las auroras. Se trata de un fen\u00f3meno intrigante que no ha merecido gran atenci\u00f3n hasta hace poco, pues se consideraba una simple rareza morfol\u00f3gica dentro del complejo mundo de las auroras.<\/p>\n<p>Actualmente, <strong><a href=\"http:\/\/sci.esa.int\/science-e\/www\/object\/index.cfm?fobjectid=29100\">gracias a las observaciones de sat\u00e9lite<\/a><\/strong>, se ha descubierto que las auroras negras guardan relaci\u00f3n con los mecanismos existentes detr\u00e1s de todo el fen\u00f3meno de las auroras, constituyendo regiones en las que los flujos de electrones ionosf\u00e9ricos ascendentes crean una especie de vac\u00edo que contrasta con su \u00abnegativo\u00bb, las luminosas auroras formadas por corrientes descendentes de electrones. Como siempre, en casos as\u00ed, lo mejor es contemplarlo en vivo o, si no se puede viajar a latitudes altas, conf\u00f3rmese uno observando fotograf\u00edas&#8230;<\/p>\n<p><img decoding=\"async\" src=\"http:\/\/farm3.static.flickr.com\/2359\/2302059167_60313e3f44_o.jpg\" alt=\"img\" \/><br \/>\n<sub>Im\u00e1genes de <a href=\"http:\/\/climate.gi.alaska.edu\/Curtis\/aurora\/aurora_00.html\">Jan Curtis<\/a>, 2000.<\/sub><\/p>\n<p><strong>M\u00e1s informaci\u00f3n<\/strong>:<br \/>\n<strong><a href=\"http:\/\/www.phys.ucalgary.ca\/~trondsen\/pai\/BlackAurora\/blackfeatures.html\" class=\"enlaces\">Black Aurora Vs. Normal Aurora<\/a><\/strong>. Por Trond S. Trondsen.<br \/>\n<strong><a href=\"http:\/\/www.investigacionyciencia.es\/03034017000478\/Auroras_negras.htm\" class=\"enlaces\">Auroras negras<\/a><\/strong>. Marklund, G\u00f6ran. Investigaci\u00f3n y Ciencia, N\u00famero 322, Julio de 2003.<br \/>\n<strong><a href=\"http:\/\/www.ann-geophys.net\/23\/1611\/2005\/angeo-23-1611-2005-print.html\" class=\"enlaces\">Relative drift between black aurora and the ionospheric plasma<\/a><\/strong>. E. M. Blixt, M. J. Kosch, J. Semeter. Ann. Geophys., 23, 1611-1621, 2005.<\/p>\n","protected":false},"excerpt":{"rendered":"<div class=\"mh-excerpt\"><p>Las auroras polares, com\u00fanmente referidas como auroras boreales por ser en \u00e1reas \u00e1rticas donde se acumula mayor n\u00famero de observaciones, constituyen uno de los espect\u00e1culos naturales m\u00e1s impresionantes. Algunas veces, <a class=\"mh-excerpt-more\" href=\"https:\/\/alpoma.net\/tecob\/?p=845\" title=\"Auroras negras\">[&#8230;]<\/a><\/p>\n<\/div>","protected":false},"author":1,"featured_media":11071,"comment_status":"open","ping_status":"open","sticky":false,"template":"","format":"standard","meta":{"jetpack_post_was_ever_published":false,"_jetpack_newsletter_access":"","_jetpack_dont_email_post_to_subs":false,"_jetpack_newsletter_tier_id":0,"_jetpack_memberships_contains_paywalled_content":false,"_jetpack_memberships_contains_paid_content":false,"footnotes":""},"categories":[5],"tags":[],"class_list":["post-845","post","type-post","status-publish","format-standard","has-post-thumbnail","hentry","category-geo"],"jetpack_featured_media_url":"https:\/\/alpoma.net\/tecob\/wp-content\/uploads\/2008\/03\/2302059167_60313e3f44_o.jpg","jetpack_shortlink":"https:\/\/wp.me\/p93Dc1-dD","jetpack-related-posts":[{"id":814,"url":"https:\/\/alpoma.net\/tecob\/?p=814","url_meta":{"origin":845,"position":0},"title":"El Experimento Terrella","author":"alpoma","date":"3 enero 2008","format":false,"excerpt":"El personaje que aparece en este billete de 200 coronas noruegas es Kristian Birkeland, uno de los cient\u00edficos m\u00e1s insignes de ese pa\u00eds1. Claro que, un poco m\u00e1s al sur, no es muy conocido. El inquieto Birkeland era un apasionado de la f\u00edsica y, sobre todo, de la investigaci\u00f3n de\u2026","rel":"","context":"En \u00abGeo\u00bb","block_context":{"text":"Geo","link":"https:\/\/alpoma.net\/tecob\/?cat=5"},"img":{"alt_text":"","src":"https:\/\/i0.wp.com\/alpoma.net\/tecob\/wp-content\/uploads\/2008\/01\/2163065719_3625b8d68c.jpg?resize=350%2C200&ssl=1","width":350,"height":200},"classes":[]},{"id":1054,"url":"https:\/\/alpoma.net\/tecob\/?p=1054","url_meta":{"origin":845,"position":1},"title":"La Gran Aurora","author":"alpoma","date":"3 enero 2009","format":false,"excerpt":"Primer d\u00eda de septiembre, un jueves cualquiera perdido en el calendario del a\u00f1o 1859, los rayos del sol atraviesan las lentes de un telescopio para proyectarse sobre una delgada placa. Reflejado en la l\u00edmpida superficie no parece gran cosa, el gran horno de fusi\u00f3n que es nuestra estrella se presenta\u2026","rel":"","context":"En \u00abGeo\u00bb","block_context":{"text":"Geo","link":"https:\/\/alpoma.net\/tecob\/?cat=5"},"img":{"alt_text":"","src":"https:\/\/i0.wp.com\/alpoma.net\/tecob\/wp-content\/uploads\/2009\/01\/3163608797_dbeae4d084_m.jpg?resize=350%2C200&ssl=1","width":350,"height":200},"classes":[]},{"id":9073,"url":"https:\/\/alpoma.net\/tecob\/?p=9073","url_meta":{"origin":845,"position":2},"title":"La aurora boreal que visit\u00f3 Valencia en 1764","author":"alpoma","date":"4 junio 2014","format":false,"excerpt":"Cr\u00f3nicas sobre fen\u00f3menos atmosf\u00e9ricos curiosos se recogen muchas a lo largo de los siglos y son documentos de gran inter\u00e9s a la hora de realizar estudios paleoclim\u00e1ticos o astron\u00f3micos. He aqu\u00ed un ejemplo muy interesante, se trata de un documento que lleva un t\u00edtulo muy descriptivo: Aurora boreal observada en\u2026","rel":"","context":"En \u00abMade in Spain\u00bb","block_context":{"text":"Made in Spain","link":"https:\/\/alpoma.net\/tecob\/?cat=10"},"img":{"alt_text":"","src":"https:\/\/i0.wp.com\/alpoma.net\/tecob\/wp-content\/uploads\/2014\/06\/aurora_sobre_valencia.jpg?resize=350%2C200&ssl=1","width":350,"height":200,"srcset":"https:\/\/i0.wp.com\/alpoma.net\/tecob\/wp-content\/uploads\/2014\/06\/aurora_sobre_valencia.jpg?resize=350%2C200&ssl=1 1x, https:\/\/i0.wp.com\/alpoma.net\/tecob\/wp-content\/uploads\/2014\/06\/aurora_sobre_valencia.jpg?resize=525%2C300&ssl=1 1.5x"},"classes":[]},{"id":460,"url":"https:\/\/alpoma.net\/tecob\/?p=460","url_meta":{"origin":845,"position":3},"title":"Perdiendo el norte","author":"alpoma","date":"8 mayo 2006","format":false,"excerpt":"El norte, con el paso de los siglos, se ha ido convirtiendo en algo m\u00e1s que una referencia geogr\u00e1fica. Se ha colocado en la posici\u00f3n de s\u00edmbolo inalterable del buen camino y del razonamiento correcto, se dice, por ejemplo, cuando alguien se est\u00e1 equivocando, o volvi\u00e9ndose loco, que \"est\u00e1 perdiendo\u2026","rel":"","context":"En \u00abGeo\u00bb","block_context":{"text":"Geo","link":"https:\/\/alpoma.net\/tecob\/?cat=5"},"img":{"alt_text":"","src":"","width":0,"height":0},"classes":[]},{"id":12801,"url":"https:\/\/alpoma.net\/tecob\/?p=12801","url_meta":{"origin":845,"position":4},"title":"Los habitantes de la Luna (lectura de verano)","author":"alpoma","date":"11 agosto 2017","format":false,"excerpt":"George Clyde Fisher, quien fuera responsable del American Museum of Natural History y m\u00e1s tarde director del Planetario Hayden, public\u00f3 en 1943 un libro titulado The True Story of the Moon, en el que recog\u00eda en tono divulgativo el conocimiento de la \u00e9poca sobre nuestro sat\u00e9lite natural, adem\u00e1s de sus\u2026","rel":"","context":"En \u00abObsolescencia\u00bb","block_context":{"text":"Obsolescencia","link":"https:\/\/alpoma.net\/tecob\/?cat=3"},"img":{"alt_text":"","src":"https:\/\/i0.wp.com\/alpoma.net\/tecob\/wp-content\/uploads\/2017\/08\/luna.jpg?resize=350%2C200&ssl=1","width":350,"height":200,"srcset":"https:\/\/i0.wp.com\/alpoma.net\/tecob\/wp-content\/uploads\/2017\/08\/luna.jpg?resize=350%2C200&ssl=1 1x, https:\/\/i0.wp.com\/alpoma.net\/tecob\/wp-content\/uploads\/2017\/08\/luna.jpg?resize=525%2C300&ssl=1 1.5x"},"classes":[]},{"id":13519,"url":"https:\/\/alpoma.net\/tecob\/?p=13519","url_meta":{"origin":845,"position":5},"title":"Un ca\u00f1\u00f3n magn\u00e9tico de 1902","author":"alpoma","date":"9 agosto 2018","format":false,"excerpt":"El uso de ca\u00f1ones electromagn\u00e9ticos ha sido contemplado en las \u00faltimas d\u00e9cadas tanto para usos militares como para el lanzamiento de veh\u00edculos espaciales desde la Tierra, la Luna o incluso Marte. Pero la idea no es nueva y, hoy, quiero comentar uno de los primeros casos de estudio acerca de\u2026","rel":"","context":"En \u00abObsolescencia\u00bb","block_context":{"text":"Obsolescencia","link":"https:\/\/alpoma.net\/tecob\/?cat=3"},"img":{"alt_text":"Kristian Birkeland","src":"https:\/\/i0.wp.com\/alpoma.net\/tecob\/wp-content\/uploads\/2018\/08\/Kristian_Birkeland.png?resize=350%2C200&ssl=1","width":350,"height":200},"classes":[]}],"jetpack_sharing_enabled":true,"_links":{"self":[{"href":"https:\/\/alpoma.net\/tecob\/index.php?rest_route=\/wp\/v2\/posts\/845","targetHints":{"allow":["GET"]}}],"collection":[{"href":"https:\/\/alpoma.net\/tecob\/index.php?rest_route=\/wp\/v2\/posts"}],"about":[{"href":"https:\/\/alpoma.net\/tecob\/index.php?rest_route=\/wp\/v2\/types\/post"}],"author":[{"embeddable":true,"href":"https:\/\/alpoma.net\/tecob\/index.php?rest_route=\/wp\/v2\/users\/1"}],"replies":[{"embeddable":true,"href":"https:\/\/alpoma.net\/tecob\/index.php?rest_route=%2Fwp%2Fv2%2Fcomments&post=845"}],"version-history":[{"count":0,"href":"https:\/\/alpoma.net\/tecob\/index.php?rest_route=\/wp\/v2\/posts\/845\/revisions"}],"wp:featuredmedia":[{"embeddable":true,"href":"https:\/\/alpoma.net\/tecob\/index.php?rest_route=\/wp\/v2\/media\/11071"}],"wp:attachment":[{"href":"https:\/\/alpoma.net\/tecob\/index.php?rest_route=%2Fwp%2Fv2%2Fmedia&parent=845"}],"wp:term":[{"taxonomy":"category","embeddable":true,"href":"https:\/\/alpoma.net\/tecob\/index.php?rest_route=%2Fwp%2Fv2%2Fcategories&post=845"},{"taxonomy":"post_tag","embeddable":true,"href":"https:\/\/alpoma.net\/tecob\/index.php?rest_route=%2Fwp%2Fv2%2Ftags&post=845"}],"curies":[{"name":"wp","href":"https:\/\/api.w.org\/{rel}","templated":true}]}}