{"id":8404,"date":"2013-07-31T21:04:18","date_gmt":"2013-07-31T19:04:18","guid":{"rendered":"http:\/\/www.alpoma.net\/tecob\/?p=8404"},"modified":"2013-07-31T21:04:18","modified_gmt":"2013-07-31T19:04:18","slug":"rodrigo-sanchez-arjona-y-la-primera-linea-telefonica-de-espana","status":"publish","type":"post","link":"https:\/\/alpoma.net\/tecob\/?p=8404","title":{"rendered":"Rodrigo S\u00e1nchez-Arjona y la \u201cprimera\u201d l\u00ednea telef\u00f3nica de Espa\u00f1a"},"content":{"rendered":"<p class=\"otros3\">Versi\u00f3n reducida del art\u00edculo que publiqu\u00e9 en la revista <strong><a href=\"http:\/\/www.historiadeiberiavieja.com\/\">Historia de Iberia Vieja<\/a><\/strong>, (secci\u00f3n <em>Made in Spain<\/em>) edici\u00f3n correspondiente al mes de agosto de 2013.<\/p>\n<p><a title=\"sanchez_arjona, en Flickr\" href=\"http:\/\/www.flickr.com\/photos\/alpoma\/9411171784\/\"><img loading=\"lazy\" decoding=\"async\" class=\"dch\" alt=\"sanchez_arjona\" src=\"http:\/\/farm6.staticflickr.com\/5335\/9411171784_755141a3a0_m.jpg\" width=\"179\" height=\"240\" \/><\/a><\/p>\n<blockquote><p><em>Don Rodrigo S\u00e1nchez-Arjona, hombre de esp\u00edritu vehemente, sol\u00eda hacer viajes al extranjero con el exclusivo objeto de estudiar los adelantos cient\u00edficos para saborear luego en el retiro de su pueblo, Fregenal de la Sierra, el placer de sus observaciones y sentir el noble af\u00e1n de implantar en su patria las ventajas de los progresos. A la vuelta de uno de estos viajes [posiblemente a la Exposici\u00f3n Mundial de Par\u00eds de 1878] durante el cual hab\u00eda visto aparatos telef\u00f3nicos experimentales, trajo la convicci\u00f3n \u00edntima de que el mundo se dispon\u00eda a entrar en una era revolucionaria de los sistemas de relaci\u00f3n humana.<\/em><\/p><\/blockquote>\n<p style=\"text-align: right;\">Fragmento de un art\u00edculo de Jos\u00e9 Andr\u00e9s Vazquez<br \/>\npublicado en la revista <em>Algo<\/em> el 25 de mayo de 1935.<\/p>\n<p><strong>Los inventores del tel\u00e9fono<\/strong><\/p>\n<p>Es c\u00f3modo, y muy sencillo, asignar a cada invento o tecnolog\u00eda el nombre de una sola persona como precursor \u00fanico. Pero, como todo en la vida, las cosas no son tan simples, por eso es universalmente conocido <strong>Edison<\/strong>, pero en realidad no \u201cinvent\u00f3\u201d la bombilla, sino que fue el m\u00e1s exitoso de una serie de pioneros entre los que convendr\u00eda destacar al casi olvidado <strong>Joseph Wilson Swan<\/strong>. Lo mismo cabe decir del gran l\u00edo acerca de los inventores de la radio, con <strong>Marconi<\/strong> como referente universal que, finalmente, no puede ser considerado en solitario como el inventor de tan maravillosa tecnolog\u00eda. En ese caso nunca debe olvidarse mencionar a<strong> Nikola Tesla<\/strong>. Pero, claro est\u00e1, el tener una idea genial y llevar a cabo una serie de experimentos con \u00e9xito no garantiza la fama ni la fortuna. Lo que hace que alguien entre en los libros de historia es, generalmente, la suerte y la fortuna en los negocios. As\u00ed, curiosamente, Edison fue todo un depredador de ideas de terceros, pero fue un<strong> genio de la aplicaci\u00f3n y la comercializaci\u00f3n<\/strong>, llegando donde muchos otros antes no pudieron.<\/p>\n<p>Y todo esto viene a cuento de otro invento genial, <strong>el tel\u00e9fono<\/strong>. Hoy d\u00eda, cuando en occidente incluso los ni\u00f1os cuentan con tel\u00e9fonos m\u00f3viles, suena muy lejano el tiempo en que la idea del tel\u00e9fono se contemplaba como cosa de brujas. Es m\u00e1s, el tel\u00e9fono ha llegado a ser algo universal y ubicuo, una revoluci\u00f3n en la forma de comunicarnos que dif\u00edcilmente puede encontrar rival, si acaso en la escritura. Y, para algo tan imponente, la simplificaci\u00f3n hist\u00f3rica ha encontrado al padre ideal que se encuentra en la memoria de todos: <strong>Alexander Graham Bell<\/strong>. \u00bfQui\u00e9n invent\u00f3 el tel\u00e9fono? Pues muy sencillo: Bell. \u00bfO no fue as\u00ed? <\/p>\n<p>No viene al caso aqu\u00ed entrar en ese terreno, pero s\u00ed creo que merece la pena mencionar que la historia real, de nuevo, es m\u00e1s complicada de lo que parece. Bell fue un inventor genial, no hay duda de ello, y tuvo buen visi\u00f3n comercial, adem\u00e1s de contar con la fortuna de encontrarse en el lugar y el momento precisos para llevar a cabo toda una revoluci\u00f3n en las comunicaciones. Pero, si de anticipaci\u00f3n se trata, conviene recordar a un ilustre predecesor. Bell patent\u00f3 su c\u00e9lebre tel\u00e9fono en 1876, y esa fecha debemos tenerla en cuenta porque tiene importancia por lo que se refiere a quien ser\u00e1 protagonista de la segunda parte de este art\u00edculo. Pero, mucho antes, en 1854, un inventor italiano que atend\u00eda al nombre de <strong>Antonio Meucci<\/strong>, ya hab\u00eda desarrollado y probado un tel\u00e9fono. El pobre Meucci, adem\u00e1s de genial inventor, era alguien rodeado por la mala suerte. Su vida se vio llena de desgracias que impidieron que pudiera continuar desarrollando su idea sobre el tel\u00e9fono y, aunque Bell y otros precursores de la telefon\u00eda conoc\u00edan su existencia, nada hicieron para que fuera compensado. Es m\u00e1s, no s\u00f3lo decidieron ignorarlo, sino que hicieron lo posible por hundirlo definitivamente.<\/p>\n<p><strong>El tel\u00e9fono llega a Espa\u00f1a<\/strong><\/p>\n<p>Con Bell como rey del tel\u00e9fono, se desata la fiebre en todo el planeta por contar con las primeras unidades de tan incre\u00edble m\u00e1quina. Y es aqu\u00ed donde entra en escena el protagonista este mes en <em>Made in Spain<\/em>, Don <strong>Rodrigo S\u00e1nchez-Arjona<\/strong>, que no s\u00f3lo fue un so\u00f1ador pertinaz, sino que tambi\u00e9n se convirti\u00f3 en un apasionado defensor de la libertad de telecomunicaciones, y eso cuando todav\u00eda ni se pensaba en tal cosa. Con la burocracia se estrell\u00f3, como veremos a continuaci\u00f3n.<\/p>\n<p><strong>Se suele afirmar que Rodrigo fue quien tendi\u00f3 la primera l\u00ednea telef\u00f3nica de Espa\u00f1a, una de las primeras de Europa y la de mayor longitud de su \u00e9poca en todo el mundo.<\/strong> Bien, no andan muy equivocados quienes as\u00ed lo afirmen, pero tales aseveraciones merecen de bastantes puntualizaciones. Ciertamente, S\u00e1nchez-Arjona fue un pionero y logr\u00f3 tender la primera l\u00ednea telef\u00f3nica autorizada de Espa\u00f1a. He ah\u00ed el matiz, \u201cautorizada\u201d, porque experiencias anteriores las hubo, yu no fueron menores. Veamos, pues, alguno de esos primeros ejemplos de la telefon\u00eda en Espa\u00f1a antes de pasar de lleno a contemplar la figura de S\u00e1nchez-Arjona.<\/p>\n<p>Atendiendo a los exquisitos datos que nos ofrece mi amigo y confidente \u201ccolgado de las telecomunicaciones\u201d, <strong><a href=\"http:\/\/colgadotel.blogspot.com.es\/\">Emilio Borque<\/a><\/strong>, cabe afirmar que la primera experiencia telef\u00f3nica en territorio espa\u00f1ol tuvo lugar en La Habana en el a\u00f1o 1877. Recordemos que por entonces Cuba pertenec\u00eda a Espa\u00f1a. El experimento uni\u00f3 la central de Bomberos de la mencionada ciudad con la casa del industrial Muset. Ese mismo a\u00f1o se llevaron a cabo los primeros experimentos telef\u00f3nicos peninsulares en la Escuela Industrial de Barcelona. Por entonces, se logra enviar una se\u00f1al telef\u00f3nica entre Barcelona y Gerona aprovechando la l\u00ednea telegr\u00e1fica existente. <\/p>\n<p>La idea de emplear el hilo telegr\u00e1fico era l\u00f3gica, pues se evitaba el tener que volver a tender cable, al menos para las primeras experiencias de la nueva tecnolog\u00eda. El tel\u00e9grafo el\u00e9ctrico llevaba prestando servicio p\u00fablico en Espa\u00f1a desde 1855, apenas cinco a\u00f1os despu\u00e9s de las primeras pruebas en nuestro territorio. Mucho tiempo hac\u00eda ya que los tel\u00e9grafos \u00f3pticos hab\u00edan llegado, tal y como ya mencion\u00e9 en un art\u00edculo en esta misma secci\u00f3n hace varios a\u00f1os. El caso es que la telegraf\u00eda \u00f3ptica no resisti\u00f3 mucho al empuje del tel\u00e9grafo el\u00e9ctrico y, nuevamente, parec\u00eda llegar un competidor que, ciertamente, acabar\u00eda con el reinado telegr\u00e1fico. Los hilos por los que circulaban los puntos y rayas del c\u00f3digo Morse sirvieron para dar la bienvenida a la voz telef\u00f3nica. El <strong>Cuerpo de Tel\u00e9grafos<\/strong> fue el encargado de controlar cualquier aspecto de las comunicaciones de este tipo en Espa\u00f1a desde su creaci\u00f3n, hacia 1856, y eso s\u00f3lo fue un primer paso para que el Estado se hiciera con el monopolio de las telecomunicaciones. El 11 de marzo de 1884 se cerr\u00f3 definitivamente el paso a la iniciativa privada en este aspecto con el establecimiento del monopolio estatal del servicio telef\u00f3nico. Por ello, la aventura de los pioneros por cuenta propia apenas dur\u00f3 unos a\u00f1os.<\/p>\n<p>El<strong> 30 de diciembre de 1877<\/strong> el industrial catal\u00e1n Font uni\u00f3 la Ciudadela con Montjuic a trav\u00e9s de una l\u00ednea de tel\u00e9fono de cuatro kil\u00f3metros de longitud. Reci\u00e9n nacido el a\u00f1o 1878 se pudo contemplar algo mucho m\u00e1s asombroso, comunicaci\u00f3n telef\u00f3nica entre Barcelona y Tarragona, con algo m\u00e1s de cien kil\u00f3metros de distancia entre ambos puntos. Mientras tanto, el Cuerpo de Tel\u00e9grafos realizaba diversos experimentos en Madrid, llegando a establecerse comunicaci\u00f3n hasta And\u00fajar, en Ja\u00e9n, a la pasmosa distancia de<strong> 400 kil\u00f3metros<\/strong>. <\/p>\n<p>Como curiosidad, cabe recordar que el 4 de enero de 1878 se hicieron pruebas telef\u00f3nicas entre Madrid y Aranjuez, a lo largo de 42 kil\u00f3metros, emple\u00e1ndose dos hilos paralelos de hierro. El d\u00eda 18 se instal\u00f3 un tel\u00e9fono en el Palacio Real de Madrid y otro en su equivalente de Aranjuez, para que la infanta Do\u00f1a Mar\u00eda de las Mercedes pudiera hablar con su futuro marido, el rey Alfonso XII.<\/p>\n<p><strong>S\u00e1nchez-Arjona y su tel\u00e9fono privado<\/strong><\/p>\n<p>Como puede entenderse, el tel\u00e9fono era algo novedoso, pero ni mucho menos nuevo, en Espa\u00f1a. De hecho,<strong> todo el mundo hablaba del invento de Bell<\/strong> en Europa, Am\u00e9rica y, en general, en todo el mundo. Las propuestas para llenar de cables telef\u00f3nicos la superfie terrestre no tardaron en llegar. <\/p>\n<p>Y ah\u00ed es donde entra en juego el inquieto Rodrigo S\u00e1nchez-Arjona. A principios de 1881 los peri\u00f3dicos nacionales se hiceron eco de algo sorprendente que hab\u00eda ocurrido en los d\u00edas finales del a\u00f1o reci\u00e9n concluido. Rodrigo, por iniciativa propia y poniendo dinero de su bolsillo, hab\u00eda logrado comunicar su pueblo,<strong> Fregenal de la Sierra<\/strong>, en Badajoz, con Sevilla. Nada menos que 150 kil\u00f3metros a trav\u00e9s del hilo telegr\u00e1fico ya existente. Esto, por alguna raz\u00f3n que desconozco, fue considerado como el experimento telef\u00f3nico m\u00e1s exitos y de mayor distancia de la \u00e9poca en todo el mundo. Como hemos podido ver, no fue as\u00ed, pues experiencias anteriores superan esa distancia con creces. Pero, la verdad, poco importa, porque lo que logr\u00f3 S\u00e1nchez-Arjona fue meritorio, sobre todo por partir de la iniciativa privada de un solo hombre, por muy acaudalado que fuera.<\/p>\n<p>La cosa le ven\u00eda a Rodrigo de muy lejos. En <strong>1880<\/strong> hab\u00eda logrado la licencia para construir la que fue<strong> primera l\u00ednea de telefon\u00eda fija autorizada en Espa\u00f1a<\/strong>. Su idea consist\u00eda en unir con cable telef\u00f3nico, cuya instalaci\u00f3n pag\u00f3 de su bolsillo, su propia casa en Fregenal, situada en la calle Santa Clara, con sun finca de \u201cLas Mimbres\u201d, a 8 kil\u00f3metros de distancia. Y bien pudo haber logrado tal gesta mucho antes si no hubiera sido porque tuvo que luchar sin descanso contra la burocracia. <\/p>\n<p>S\u00e1nchez-Arjona, nacido en Fregenal de la Sierra en 1841, no s\u00f3lo era empresario, terrateniente y doctor en derecho, sino que hab\u00eda algo en su persona que le diferenciaba del t\u00edpico hombre de buena posici\u00f3n de su \u00e9poca en Espa\u00f1a: estaba apasionado por la ciencia y la tecnolog\u00eda. Viaj\u00f3 por media Europa sin descanso para visitar laboratorios y exposiciones en las que poder aprender lo que pudiera acerca de las nuevas tecnolog\u00edas de su tiempo. Y, como se menciona en el texto que he seleccionado para abrir este art\u00edculo, <strong>se enamor\u00f3 de los tel\u00e9fonos y decidi\u00f3 instalar ese nov\u00edsimo artilugio en su pueblo<\/strong>. Tambi\u00e9n pens\u00f3 en extenderlo por doquier, pero ah\u00ed la burocracia le fren\u00f3 por completo. <\/p>\n<p>Las experiencias telef\u00f3nicas de S\u00e1nchez-Arjona utilizaban como terminales dos <strong>tel\u00e9fonos modelo Gower-Bell<\/strong>, atendiendo al encargo que el propio Rodrigo realiz\u00f3, para comprar por su cuenta y riesgo, tales aparatos en Par\u00eds. El receptor de la petici\u00f3n y del encargo de compra fue <strong>Th\u00e9odore Achille Louis du Moncel<\/strong>, a la saz\u00f3n uno de los pr\u00f3ceres de la telegraf\u00eda francesa. <\/p>\n<p>Los Gower-Bell funcionaban muy bien y, adem\u00e1s, no s\u00f3lo le sirvieron al bueno de Rodrigo para llevar sus asuntos a distancia o para compartir comentarios de actualidad m\u00e1s o menos intrascendentes. Nada de eso, porque adem\u00e1s fue <strong>pionero de la telemedicina<\/strong>. Bien, es una exageraci\u00f3n, claro est\u00e1, pero no deja de tener su encanto que en la noche del 28 de diciembre de 1880 se empleara la l\u00ednea telef\u00f3nica abierta entre Fregenal y Sevilla para poner en comunicaci\u00f3n a dos m\u00e9dicos. El asunto a tratar era una dolencia que padec\u00eda la mujer de S\u00e1nchez-Arjona. As\u00ed, aquella consulta m\u00e9dica telef\u00f3nica, posiblemente la primera de su tipo en la historia, puso en comunicaci\u00f3n al doctor Antonio Rivera, de la Escuela de Medicina de Sevilla, con el m\u00e9dico de Fregenal, don Enrique de la Rosa. Cabe imaginar hasta d\u00f3nde hubiera podido llegar don Rodrigo a la hora de extender el tel\u00e9fono, y sus aplicaciones. Sin duda, hubiera llegado muy lejos, de no haber cortado sus aspiraciones la llegada del monopolio telef\u00f3nico estatal.<\/p>\n","protected":false},"excerpt":{"rendered":"<div class=\"mh-excerpt\"><p>Versi\u00f3n reducida del art\u00edculo que publiqu\u00e9 en la revista Historia de Iberia Vieja, (secci\u00f3n Made in Spain) edici\u00f3n correspondiente al mes de agosto de 2013. Don Rodrigo S\u00e1nchez-Arjona, hombre de <a class=\"mh-excerpt-more\" href=\"https:\/\/alpoma.net\/tecob\/?p=8404\" title=\"Rodrigo S\u00e1nchez-Arjona y la \u201cprimera\u201d l\u00ednea telef\u00f3nica de Espa\u00f1a\">[&#8230;]<\/a><\/p>\n<\/div>","protected":false},"author":1,"featured_media":10884,"comment_status":"open","ping_status":"open","sticky":false,"template":"","format":"standard","meta":{"jetpack_post_was_ever_published":false,"_jetpack_newsletter_access":"","_jetpack_dont_email_post_to_subs":false,"_jetpack_newsletter_tier_id":0,"_jetpack_memberships_contains_paywalled_content":false,"_jetpack_memberships_contains_paid_content":false,"footnotes":""},"categories":[10],"tags":[],"class_list":["post-8404","post","type-post","status-publish","format-standard","has-post-thumbnail","hentry","category-made_in_spain"],"jetpack_featured_media_url":"https:\/\/alpoma.net\/tecob\/wp-content\/uploads\/2013\/07\/9411171784_755141a3a0_m.jpg","jetpack_shortlink":"https:\/\/wp.me\/p93Dc1-2by","jetpack-related-posts":[{"id":10202,"url":"https:\/\/alpoma.net\/tecob\/?p=10202","url_meta":{"origin":8404,"position":0},"title":"Un adelanto de lo que ser\u00e1 mi libro \u00abMade in Spain: Cuando invent\u00e1bamos nosotros\u00bb","author":"alpoma","date":"10 noviembre 2014","format":false,"excerpt":"Si no hay contratiempos, antes de que termine este a\u00f1o 2014 ver\u00e1 la luz mi nuevo libro (adem\u00e1s de la ya presentada edici\u00f3n en papel de la novela El viaje de Argos). A lo largo de la \u00faltima d\u00e9cada he publicado en diversos medios, sobre todo en la revista Historia\u2026","rel":"","context":"En \u00abMade in Spain\u00bb","block_context":{"text":"Made in Spain","link":"https:\/\/alpoma.net\/tecob\/?cat=10"},"img":{"alt_text":"","src":"https:\/\/i0.wp.com\/alpoma.net\/tecob\/wp-content\/uploads\/2014\/11\/barreiros-300x2771.png?resize=350%2C200&ssl=1","width":350,"height":200},"classes":[]},{"id":1167,"url":"https:\/\/alpoma.net\/tecob\/?p=1167","url_meta":{"origin":8404,"position":1},"title":"Los fascinantes mapas de palo micronesios","author":"alpoma","date":"7 julio 2009","format":false,"excerpt":"Las gentes oriundas de la Micronesia, m\u00e1s concretamente de las Islas Marshall, emplearon hasta el siglo XX un sistema cartogr\u00e1fico de orientaci\u00f3n para la navegaci\u00f3n de lo m\u00e1s singular. Para los habitantes de tan remotas islas del Oc\u00e9ano Pac\u00edfico, navegar entre islas, la mayor parte de las cuales no guardan\u2026","rel":"","context":"En \u00abObsolescencia\u00bb","block_context":{"text":"Obsolescencia","link":"https:\/\/alpoma.net\/tecob\/?cat=3"},"img":{"alt_text":"","src":"https:\/\/i0.wp.com\/alpoma.net\/tecob\/wp-content\/uploads\/2009\/07\/3695975358_4d268cd609_m.jpg?resize=350%2C200&ssl=1","width":350,"height":200},"classes":[]},{"id":55,"url":"https:\/\/alpoma.net\/tecob\/?p=55","url_meta":{"origin":8404,"position":2},"title":"El Anacron\u00f3pete","author":"alpoma","date":"11 octubre 2005","format":false,"excerpt":"Versi\u00f3n actualizada de este art\u00edculo. Existe un casi olvidado pero delicioso libro sobre viajes en el tiempo que, adem\u00e1s de ser un pionero y haberse adelantado a H.G. Wells, fue gestado por dos espa\u00f1oles. El Anacron\u00f3pete, tal es el t\u00edtulo de esta obra, vio la luz en 1887, una genial\u2026","rel":"","context":"En \u00abMade in Spain\u00bb","block_context":{"text":"Made in Spain","link":"https:\/\/alpoma.net\/tecob\/?cat=10"},"img":{"alt_text":"","src":"https:\/\/i0.wp.com\/alpoma.net\/tecob\/wp-content\/uploads\/2005\/10\/bh64w5-256x300.jpg?resize=350%2C200&ssl=1","width":350,"height":200},"classes":[]},{"id":1089,"url":"https:\/\/alpoma.net\/tecob\/?p=1089","url_meta":{"origin":8404,"position":3},"title":"Enrique Gaspar y la primera m\u00e1quina del tiempo","author":"alpoma","date":"10 marzo 2009","format":false,"excerpt":"Sigo en modo \"pausa\", pero voy a aprovechar un instante para incorporar al blog mi \u00faltimo texto publicado en papel. Aunque el tema ya lo trat\u00e9 en TecOb hace a\u00f1os, lo hice de forma muy esquem\u00e1tica. :-) AVISO: Este art\u00edculo lo publiqu\u00e9 originalmente en el n\u00famero 45, febrero 2009, de\u2026","rel":"","context":"En \u00abMade in Spain\u00bb","block_context":{"text":"Made in Spain","link":"https:\/\/alpoma.net\/tecob\/?cat=10"},"img":{"alt_text":"","src":"","width":0,"height":0},"classes":[]},{"id":8818,"url":"https:\/\/alpoma.net\/tecob\/?p=8818","url_meta":{"origin":8404,"position":4},"title":"El buitre y el dirigible","author":"alpoma","date":"12 febrero 2014","format":false,"excerpt":"En todas las \u00e9pocas, en todos los tiempos, adem\u00e1s de la burocracia hay algo que ni ha cambiado ni parece que vaya a cambiar. Se trata de los bulos. Y es que, noticias falsas aparecen por todas partes y no hay d\u00eda que no salten por ac\u00e1 o por all\u00e1.\u2026","rel":"","context":"En \u00abMade in Spain\u00bb","block_context":{"text":"Made in Spain","link":"https:\/\/alpoma.net\/tecob\/?cat=10"},"img":{"alt_text":"Graf_zeppelin","src":"https:\/\/i0.wp.com\/www.alpoma.net\/tecob\/wp-content\/uploads\/2014\/02\/Graf_zeppelin-300x193.jpg?resize=350%2C200","width":350,"height":200},"classes":[]},{"id":13730,"url":"https:\/\/alpoma.net\/tecob\/?p=13730","url_meta":{"origin":8404,"position":5},"title":"Las aventuras del Coronel Ignotus","author":"alpoma","date":"2 octubre 2018","format":false,"excerpt":"Versi\u00f3n para TecOb del art\u00edculo que publiqu\u00e9 en la revista Historia de Iberia Vieja, edici\u00f3n de septiembre de 2018. La lectura del Coronel Ignotus nos deleita con la amenidad de Echegaray, con la trama y humorismo de Conan Doyle (\u2026) y nos hace admirar descripciones grandiosas, como la primera subida\u2026","rel":"","context":"En \u00abMade in Spain\u00bb","block_context":{"text":"Made in Spain","link":"https:\/\/alpoma.net\/tecob\/?cat=10"},"img":{"alt_text":"","src":"https:\/\/i0.wp.com\/alpoma.net\/tecob\/wp-content\/uploads\/2018\/10\/7.jpg?resize=350%2C200&ssl=1","width":350,"height":200,"srcset":"https:\/\/i0.wp.com\/alpoma.net\/tecob\/wp-content\/uploads\/2018\/10\/7.jpg?resize=350%2C200&ssl=1 1x, https:\/\/i0.wp.com\/alpoma.net\/tecob\/wp-content\/uploads\/2018\/10\/7.jpg?resize=525%2C300&ssl=1 1.5x, https:\/\/i0.wp.com\/alpoma.net\/tecob\/wp-content\/uploads\/2018\/10\/7.jpg?resize=700%2C400&ssl=1 2x, https:\/\/i0.wp.com\/alpoma.net\/tecob\/wp-content\/uploads\/2018\/10\/7.jpg?resize=1050%2C600&ssl=1 3x, https:\/\/i0.wp.com\/alpoma.net\/tecob\/wp-content\/uploads\/2018\/10\/7.jpg?resize=1400%2C800&ssl=1 4x"},"classes":[]}],"jetpack_sharing_enabled":true,"_links":{"self":[{"href":"https:\/\/alpoma.net\/tecob\/index.php?rest_route=\/wp\/v2\/posts\/8404","targetHints":{"allow":["GET"]}}],"collection":[{"href":"https:\/\/alpoma.net\/tecob\/index.php?rest_route=\/wp\/v2\/posts"}],"about":[{"href":"https:\/\/alpoma.net\/tecob\/index.php?rest_route=\/wp\/v2\/types\/post"}],"author":[{"embeddable":true,"href":"https:\/\/alpoma.net\/tecob\/index.php?rest_route=\/wp\/v2\/users\/1"}],"replies":[{"embeddable":true,"href":"https:\/\/alpoma.net\/tecob\/index.php?rest_route=%2Fwp%2Fv2%2Fcomments&post=8404"}],"version-history":[{"count":0,"href":"https:\/\/alpoma.net\/tecob\/index.php?rest_route=\/wp\/v2\/posts\/8404\/revisions"}],"wp:featuredmedia":[{"embeddable":true,"href":"https:\/\/alpoma.net\/tecob\/index.php?rest_route=\/wp\/v2\/media\/10884"}],"wp:attachment":[{"href":"https:\/\/alpoma.net\/tecob\/index.php?rest_route=%2Fwp%2Fv2%2Fmedia&parent=8404"}],"wp:term":[{"taxonomy":"category","embeddable":true,"href":"https:\/\/alpoma.net\/tecob\/index.php?rest_route=%2Fwp%2Fv2%2Fcategories&post=8404"},{"taxonomy":"post_tag","embeddable":true,"href":"https:\/\/alpoma.net\/tecob\/index.php?rest_route=%2Fwp%2Fv2%2Ftags&post=8404"}],"curies":[{"name":"wp","href":"https:\/\/api.w.org\/{rel}","templated":true}]}}