{"id":8395,"date":"2013-07-17T15:53:00","date_gmt":"2013-07-17T13:53:00","guid":{"rendered":"http:\/\/www.alpoma.net\/tecob\/?p=8395"},"modified":"2013-07-17T15:53:00","modified_gmt":"2013-07-17T13:53:00","slug":"el-hombre-que-documentaba-cada-dia-de-su-vida","status":"publish","type":"post","link":"https:\/\/alpoma.net\/tecob\/?p=8395","title":{"rendered":"El hombre que documentaba cada d\u00eda de su vida"},"content":{"rendered":"<p>Va a hacer cinco a\u00f1os que <strong><a href=\"http:\/\/www.alpoma.net\/tecob\/?p=963\">publiqu\u00e9<\/a><\/strong> aqu\u00ed, en <em>TecOb<\/em>, una breve semblanza del genial <strong>Richard Buckminster Fuller<\/strong>. Si no te suena el nombre, ya est\u00e1s tardando en buscar informaci\u00f3n, porque su vida y su obra son apasionantes. El caso es que, de vez en cuando, me llegan nuevos datos sobre este ingeniero, visionario, escritor, profesor, arquitecto&#8230; S\u00ed, se dedic\u00f3 a todo eso y m\u00e1s. El gran \u00abBucky\u00bb Vivi\u00f3 entre 1895 y 1983. Estoy seguro de que, de haber vivido hoy d\u00eda, se hubiera convertido en una de esas personas que documentan todo lo que hacen a diario en forma de escritos, tweets, fotograf\u00edas y v\u00eddeos. Comento eso porque me enter\u00e9 hace poco que Fuller hac\u00eda lo mismo, solo que sin las armas digitales con las que contamos hoy.<\/p>\n<p><a href=\"http:\/\/www.flickr.com\/photos\/alpoma\/9308439716\/\" title=\"chronofile, en Flickr\"><img decoding=\"async\" src=\"http:\/\/farm4.staticflickr.com\/3704\/9308439716_a9a7ebbb6c_z.jpg\" width=\"620\" alt=\"chronofile\" class=\"otros\"\/><\/a><br \/>\n<em>Vista del Dymaxion Chronofile.<\/em><\/p>\n<p>De hecho, <strong>existe todo un impresionante archivo que recoge la producci\u00f3n fruto de esa obsesi\u00f3n por documentarse a s\u00ed mismo<\/strong>. Se trata del <strong><a href=\"http:\/\/www.oac.cdlib.org\/findaid\/ark:\/13030\/tf109n9832\/\">Dymaxion Chronofile<\/a><\/strong>, el archivo en el que se recoge la vida de Fuller, de quien se ha dicho que es <em>la persona de la que m\u00e1s documentaci\u00f3n existe de toda la Historia<\/em>. Documentaci\u00f3n personal, claro est\u00e1, porque muchos otros han dado como para producir verdaderos r\u00edos de tinta por parte de terceros. El Dymaxion Chronofile se localiza en la californiana Universidad de Stanford y contiene m\u00e1s de 140.000 documentos, 1.700 horas de v\u00eddeo, miles de planos, dibujos, proyectos y objetos. Y no, en este caso no estamos ante el trabajo minucioso de historiadores o fan\u00e1ticos de una figura c\u00e9lebre, nada de eso. Quien recogi\u00f3 todo fue el propio Fuller quien, <strong>entre 1917 y 1983<\/strong> dedic\u00f3 parte de cada jornada a clasificar y almacenar lo que le iba sucediendo o lo que se encontraba haciendo. Y, as\u00ed, cada d\u00eda, su archivo personal se iba alimentando con ideas plasmadas en cuadernillos, billetes de tren, facturas, fotograf\u00edas y pr\u00e1cticamente cualquier cosa que pudiera archivarse. <\/p>\n<p><strong>M\u00e1s informaci\u00f3n<\/strong>: <a href=\"http:\/\/www.atlasobscura.com\/articles\/buckys-world-buckminster-fuller\">Bucky&#8217;s World. Explore a Better Designed Future with Buckminster Fuller.<\/a><\/p>\n<p>| V\u00eda <a href=\"http:\/\/www.atlasobscura.com\/places\/dymaxion-chronofile\">Atlas Obscura<\/a> | Imagen: <a href=\"http:\/\/www.bavc.org\/sam-green-talks-buckminster-fuller\">Sam Green<\/a> |<\/p>\n","protected":false},"excerpt":{"rendered":"<div class=\"mh-excerpt\"><p>Va a hacer cinco a\u00f1os que publiqu\u00e9 aqu\u00ed, en TecOb, una breve semblanza del genial Richard Buckminster Fuller. Si no te suena el nombre, ya est\u00e1s tardando en buscar informaci\u00f3n, <a class=\"mh-excerpt-more\" href=\"https:\/\/alpoma.net\/tecob\/?p=8395\" title=\"El hombre que documentaba cada d\u00eda de su vida\">[&#8230;]<\/a><\/p>\n<\/div>","protected":false},"author":1,"featured_media":11138,"comment_status":"open","ping_status":"open","sticky":false,"template":"","format":"standard","meta":{"jetpack_post_was_ever_published":false,"_jetpack_newsletter_access":"","_jetpack_dont_email_post_to_subs":false,"_jetpack_newsletter_tier_id":0,"_jetpack_memberships_contains_paywalled_content":false,"_jetpack_memberships_contains_paid_content":false,"footnotes":""},"categories":[3],"tags":[],"class_list":["post-8395","post","type-post","status-publish","format-standard","has-post-thumbnail","hentry","category-obsolescencia"],"jetpack_featured_media_url":"https:\/\/alpoma.net\/tecob\/wp-content\/uploads\/2013\/07\/9308439716_a9a7ebbb6c_z.jpg","jetpack_shortlink":"https:\/\/wp.me\/p93Dc1-2bp","jetpack-related-posts":[{"id":12975,"url":"https:\/\/alpoma.net\/tecob\/?p=12975","url_meta":{"origin":8395,"position":0},"title":"El coche de von Ardenne (1961): Seguro, panor\u00e1mico y \u00a1raro de narices!","author":"alpoma","date":"18 noviembre 2017","format":false,"excerpt":"Antes de entrar en la miga del asunto, c\u00f3mo no, convendr\u00e1 recordar muy brevemente qui\u00e9n fue Manfred von Ardenne, el inventor del extra\u00f1o bicho sobre ruedas que nos visita hoy (pr\u00f3ximamente publicar\u00e9 una rese\u00f1a biogr\u00e1fica sobre su figura, pero vayan por adelantado estas letras para ir descubriendo al personaje). Manfred\u2026","rel":"","context":"En \u00abObsolescencia\u00bb","block_context":{"text":"Obsolescencia","link":"https:\/\/alpoma.net\/tecob\/?cat=3"},"img":{"alt_text":"","src":"https:\/\/i0.wp.com\/alpoma.net\/tecob\/wp-content\/uploads\/2017\/11\/von-ardenne-car-1961.jpg?resize=350%2C200&ssl=1","width":350,"height":200,"srcset":"https:\/\/i0.wp.com\/alpoma.net\/tecob\/wp-content\/uploads\/2017\/11\/von-ardenne-car-1961.jpg?resize=350%2C200&ssl=1 1x, https:\/\/i0.wp.com\/alpoma.net\/tecob\/wp-content\/uploads\/2017\/11\/von-ardenne-car-1961.jpg?resize=525%2C300&ssl=1 1.5x, https:\/\/i0.wp.com\/alpoma.net\/tecob\/wp-content\/uploads\/2017\/11\/von-ardenne-car-1961.jpg?resize=700%2C400&ssl=1 2x, https:\/\/i0.wp.com\/alpoma.net\/tecob\/wp-content\/uploads\/2017\/11\/von-ardenne-car-1961.jpg?resize=1050%2C600&ssl=1 3x, https:\/\/i0.wp.com\/alpoma.net\/tecob\/wp-content\/uploads\/2017\/11\/von-ardenne-car-1961.jpg?resize=1400%2C800&ssl=1 4x"},"classes":[]},{"id":963,"url":"https:\/\/alpoma.net\/tecob\/?p=963","url_meta":{"origin":8395,"position":1},"title":"El ingenuo","author":"alpoma","date":"19 agosto 2008","format":false,"excerpt":"Hoy cumplo 33 a\u00f1os, con lo que, adem\u00e1s de no gustarme nada este tipo de celebraciones, uno mira al pasado para ver si camina hacia delante o marcha como el cangrejo. En mi caso, me parece que no he evolucionado nada en m\u00e1s de una d\u00e9cada, vamos que sigo haciendo\u2026","rel":"","context":"En \u00abInnovaci\u00f3n\u00bb","block_context":{"text":"Innovaci\u00f3n","link":"https:\/\/alpoma.net\/tecob\/?cat=4"},"img":{"alt_text":"","src":"https:\/\/i0.wp.com\/alpoma.net\/tecob\/wp-content\/uploads\/2008\/08\/2777574787_b28ec35c54_o.png?resize=350%2C200&ssl=1","width":350,"height":200},"classes":[]},{"id":10350,"url":"https:\/\/alpoma.net\/tecob\/?p=10350","url_meta":{"origin":8395,"position":2},"title":"TecOb cumple diez a\u00f1os","author":"alpoma","date":"24 febrero 2015","format":false,"excerpt":"Una d\u00e9cada, cuatro libros y un mont\u00f3n de art\u00edculos despu\u00e9s, aqu\u00ed sigo, y eso que esto naci\u00f3 como un simple divertimento sin pretensi\u00f3n alguna. Unas cuantas visitas y algunos dolores de cabeza m\u00e1s tarde, esta aventura que naci\u00f3 el 24 de febrero de 2005 en bitacoras.com (al cabo de unos\u2026","rel":"","context":"En \u00abPersonal\u00bb","block_context":{"text":"Personal","link":"https:\/\/alpoma.net\/tecob\/?cat=2"},"img":{"alt_text":"","src":"https:\/\/i0.wp.com\/alpoma.net\/tecob\/wp-content\/uploads\/2015\/12\/Alejandro_Polanco_Masa__Cover_.jpg?resize=350%2C200&ssl=1","width":350,"height":200,"srcset":"https:\/\/i0.wp.com\/alpoma.net\/tecob\/wp-content\/uploads\/2015\/12\/Alejandro_Polanco_Masa__Cover_.jpg?resize=350%2C200&ssl=1 1x, https:\/\/i0.wp.com\/alpoma.net\/tecob\/wp-content\/uploads\/2015\/12\/Alejandro_Polanco_Masa__Cover_.jpg?resize=525%2C300&ssl=1 1.5x, https:\/\/i0.wp.com\/alpoma.net\/tecob\/wp-content\/uploads\/2015\/12\/Alejandro_Polanco_Masa__Cover_.jpg?resize=700%2C400&ssl=1 2x"},"classes":[]},{"id":5975,"url":"https:\/\/alpoma.net\/tecob\/?p=5975","url_meta":{"origin":8395,"position":3},"title":"Las piedras-moneda de Yap","author":"alpoma","date":"8 enero 2012","format":false,"excerpt":"No s\u00f3lo los Picapiedra empleaban moneda de piedra, en el mundo real diversas culturas a lo largo de la historia han utilizado elementos de piedra a modo de moneda de cambio pero, sin duda, uno de los casos m\u00e1s singulares es el de la isla de Yap o, mejor dicho,\u2026","rel":"","context":"En \u00abGeo\u00bb","block_context":{"text":"Geo","link":"https:\/\/alpoma.net\/tecob\/?cat=5"},"img":{"alt_text":"","src":"https:\/\/i0.wp.com\/alpoma.net\/tecob\/wp-content\/uploads\/2012\/01\/6659930581_cac9026562_o.jpg?resize=350%2C200&ssl=1","width":350,"height":200,"srcset":"https:\/\/i0.wp.com\/alpoma.net\/tecob\/wp-content\/uploads\/2012\/01\/6659930581_cac9026562_o.jpg?resize=350%2C200&ssl=1 1x, https:\/\/i0.wp.com\/alpoma.net\/tecob\/wp-content\/uploads\/2012\/01\/6659930581_cac9026562_o.jpg?resize=525%2C300&ssl=1 1.5x"},"classes":[]},{"id":2219,"url":"https:\/\/alpoma.net\/tecob\/?p=2219","url_meta":{"origin":8395,"position":4},"title":"Cardano en el taller","author":"alpoma","date":"24 febrero 2010","format":false,"excerpt":"Desconozco si lograr\u00e9 entretener a alg\u00fan lector con este experimento, s\u00f3lo he de consignar aqu\u00ed que me he divertido ideando esta ficci\u00f3n, destinada para la Cuarta Edici\u00f3n del Carnaval de F\u00edsica. Por supuesto, el objetivo bajo todo este largo escrito es mostrar lo que siempre he deseado en TecOb, a\u2026","rel":"","context":"En \u00abPersonal\u00bb","block_context":{"text":"Personal","link":"https:\/\/alpoma.net\/tecob\/?cat=2"},"img":{"alt_text":"","src":"","width":0,"height":0},"classes":[]},{"id":15296,"url":"https:\/\/alpoma.net\/tecob\/?p=15296","url_meta":{"origin":8395,"position":5},"title":"Hoy, hace 20 a\u00f1os, el cielo se abri\u00f3 con estruendo sobre la Monta\u00f1a Palentina (meteorito de Villalbeto)","author":"alpoma","date":"4 enero 2024","format":false,"excerpt":"Hoy es jueves, 4 de enero de 2024. Hace exactamente dos d\u00e9cadas yo ten\u00eda 28 a\u00f1os, era domingo, 4 de enero de 2004 cuando, a las 16:46 horas UTC de la tarde sucedi\u00f3 lo m\u00e1s asombroso que he contemplado en toda mi vida. Y eso que he visto cosas raras\u2026","rel":"","context":"En \u00abGeo\u00bb","block_context":{"text":"Geo","link":"https:\/\/alpoma.net\/tecob\/?cat=5"},"img":{"alt_text":"","src":"https:\/\/i0.wp.com\/alpoma.net\/tecob\/wp-content\/uploads\/2024\/01\/3082060963_674dd97b05_o.jpg?resize=350%2C200&ssl=1","width":350,"height":200,"srcset":"https:\/\/i0.wp.com\/alpoma.net\/tecob\/wp-content\/uploads\/2024\/01\/3082060963_674dd97b05_o.jpg?resize=350%2C200&ssl=1 1x, https:\/\/i0.wp.com\/alpoma.net\/tecob\/wp-content\/uploads\/2024\/01\/3082060963_674dd97b05_o.jpg?resize=525%2C300&ssl=1 1.5x"},"classes":[]}],"jetpack_sharing_enabled":true,"_links":{"self":[{"href":"https:\/\/alpoma.net\/tecob\/index.php?rest_route=\/wp\/v2\/posts\/8395","targetHints":{"allow":["GET"]}}],"collection":[{"href":"https:\/\/alpoma.net\/tecob\/index.php?rest_route=\/wp\/v2\/posts"}],"about":[{"href":"https:\/\/alpoma.net\/tecob\/index.php?rest_route=\/wp\/v2\/types\/post"}],"author":[{"embeddable":true,"href":"https:\/\/alpoma.net\/tecob\/index.php?rest_route=\/wp\/v2\/users\/1"}],"replies":[{"embeddable":true,"href":"https:\/\/alpoma.net\/tecob\/index.php?rest_route=%2Fwp%2Fv2%2Fcomments&post=8395"}],"version-history":[{"count":0,"href":"https:\/\/alpoma.net\/tecob\/index.php?rest_route=\/wp\/v2\/posts\/8395\/revisions"}],"wp:featuredmedia":[{"embeddable":true,"href":"https:\/\/alpoma.net\/tecob\/index.php?rest_route=\/wp\/v2\/media\/11138"}],"wp:attachment":[{"href":"https:\/\/alpoma.net\/tecob\/index.php?rest_route=%2Fwp%2Fv2%2Fmedia&parent=8395"}],"wp:term":[{"taxonomy":"category","embeddable":true,"href":"https:\/\/alpoma.net\/tecob\/index.php?rest_route=%2Fwp%2Fv2%2Fcategories&post=8395"},{"taxonomy":"post_tag","embeddable":true,"href":"https:\/\/alpoma.net\/tecob\/index.php?rest_route=%2Fwp%2Fv2%2Ftags&post=8395"}],"curies":[{"name":"wp","href":"https:\/\/api.w.org\/{rel}","templated":true}]}}