{"id":8385,"date":"2013-07-15T18:34:57","date_gmt":"2013-07-15T16:34:57","guid":{"rendered":"http:\/\/www.alpoma.net\/tecob\/?p=8385"},"modified":"2013-07-15T18:34:57","modified_gmt":"2013-07-15T16:34:57","slug":"la-torre-einstein","status":"publish","type":"post","link":"https:\/\/alpoma.net\/tecob\/?p=8385","title":{"rendered":"La Torre Einstein"},"content":{"rendered":"<p>Desconoc\u00eda la existencia de este edificio hasta ayer, cuando lo pude ver en una anotaci\u00f3n de <em><a href=\"http:\/\/www.archdaily.com\/402033\/ad-classics-the-einstein-tower-erich-mendelsohn\/\">ArchDaily<\/a><\/em>. <strong>Ha sido amor a primera vista, me encanta<\/strong>. Se trata de la <strong><a href=\"http:\/\/www.aip.de\/en\/press\/images\/premises\/telegrafenberg\">Torre Einstein<\/a><\/strong>, un edificio que culmina en altura con un observatorio solar que forma parte de las instalaciones del <em><a href=\"http:\/\/www.aip.de\/en\/press\/images\/premises\/telegrafenberg\">Instituto de Astrof\u00edsica de Potsdam<\/a><\/em> (Alemania). Lo que me ha enamorado es su silueta, como si fuera un monolito org\u00e1nico a punto de tomar vida (se dice que esa palabra, \u00aborg\u00e1nico\u00bb, es la que us\u00f3 Einstein cuando visit\u00f3 el edificio, y hay que reconocer que no queda nada mal para describirlo). <\/p>\n<p><img decoding=\"async\" src=\"http:\/\/www.alpoma.com\/images_tecob\/torre_einstein_a.jpg\" class=\"otros\"\/><\/p>\n<p>Es obra del arquitecto expresionista <strong><a href=\"http:\/\/es.wikipedia.org\/wiki\/Erich_Mendelsohn\">Erich Mendelsohn<\/a><\/strong> en colaboraci\u00f3n con <strong><a href=\"http:\/\/es.wikipedia.org\/wiki\/Richard_Neutra\">Richard Neutra<\/a><\/strong>. La idea original, de 1917, part\u00eda de la necesidad del astr\u00f3nomo <strong><a href=\"http:\/\/es.wikipedia.org\/wiki\/Erwin_Finlay-Freundlich\">Erwin Finlay-Freundlich<\/a><\/strong>, colaborador de Einstein, de contar con un observatorio solar en el que poder realizar experimentos encaminados a confirmar la Teor\u00eda de la Relatividad. Finalmente, el edificio fue levantado entre 1920 y 1921. Hoy sigue ah\u00ed, cumpliendo su funci\u00f3n original, altivo y elegante.<em> \u00bfAcaso no he dicho que me he enamorado de su figura?<\/em><\/p>\n<p><img decoding=\"async\" src=\"http:\/\/www.alpoma.com\/images_tecob\/torre_einstein_b.jpg\" class=\"otros\"\/><\/p>\n<p>| V\u00eda: <a href=\"http:\/\/www.archdaily.com\/402033\/ad-classics-the-einstein-tower-erich-mendelsohn\/\">ArchDaily<\/a> | Im\u00e1genes: <a href=\"http:\/\/www.aip.de\/en\/press\/images\/premises\/telegrafenberg\">Leibniz Institute for Astrophysics Potsdam<\/a> (AIP) |<\/p>\n","protected":false},"excerpt":{"rendered":"<div class=\"mh-excerpt\"><p>Desconoc\u00eda la existencia de este edificio hasta ayer, cuando lo pude ver en una anotaci\u00f3n de ArchDaily. Ha sido amor a primera vista, me encanta. Se trata de la Torre <a class=\"mh-excerpt-more\" href=\"https:\/\/alpoma.net\/tecob\/?p=8385\" title=\"La Torre Einstein\">[&#8230;]<\/a><\/p>\n<\/div>","protected":false},"author":1,"featured_media":10797,"comment_status":"open","ping_status":"open","sticky":false,"template":"","format":"standard","meta":{"jetpack_post_was_ever_published":false,"_jetpack_newsletter_access":"","_jetpack_dont_email_post_to_subs":false,"_jetpack_newsletter_tier_id":0,"_jetpack_memberships_contains_paywalled_content":false,"_jetpack_memberships_contains_paid_content":false,"footnotes":""},"categories":[5,3],"tags":[],"class_list":["post-8385","post","type-post","status-publish","format-standard","has-post-thumbnail","hentry","category-geo","category-obsolescencia"],"jetpack_featured_media_url":"https:\/\/alpoma.net\/tecob\/wp-content\/uploads\/2013\/07\/torre_einstein_a.jpg","jetpack_shortlink":"https:\/\/wp.me\/p93Dc1-2bf","jetpack-related-posts":[{"id":929,"url":"https:\/\/alpoma.net\/tecob\/?p=929","url_meta":{"origin":8385,"position":0},"title":"Einstein en Espa\u00f1a","author":"alpoma","date":"10 julio 2008","format":false,"excerpt":"Versi\u00f3n web del art\u00edculo que publiqu\u00e9 en Historia de Iberia Vieja, edici\u00f3n de Abril 2008. Einstein, el sabio alem\u00e1n universalmente admirado, se halla entre nosotros. Reciba el insigne hombre de ciencia que nos honra con su visita nuestro m\u00e1s cordial y respetuoso homenaje, al que seguramente se asocia Espa\u00f1a entera.\u2026","rel":"","context":"En \u00abMade in Spain\u00bb","block_context":{"text":"Made in Spain","link":"https:\/\/alpoma.net\/tecob\/?cat=10"},"img":{"alt_text":"","src":"","width":0,"height":0},"classes":[]},{"id":120,"url":"https:\/\/alpoma.net\/tecob\/?p=120","url_meta":{"origin":8385,"position":1},"title":"Homenaje a Einstein","author":"alpoma","date":"12 abril 2005","format":false,"excerpt":"Estamos en el a\u00f1o del Quijote, eso seguro que lo sabe casi todo el mundo por estos parajes, pero poca gente sabe que, tambi\u00e9n, es el a\u00f1o de la f\u00edsica porque hace un siglo un chaval con la cabeza muy bien amueblada inici\u00f3 una revoluci\u00f3n en nuestro mundo que todav\u00eda\u2026","rel":"","context":"En \u00abGeneral\u00bb","block_context":{"text":"General","link":"https:\/\/alpoma.net\/tecob\/?cat=1"},"img":{"alt_text":"","src":"https:\/\/i0.wp.com\/alpoma.net\/tecob\/wp-content\/uploads\/2005\/04\/Albert_Einstein.jpg?resize=350%2C200&ssl=1","width":350,"height":200,"srcset":"https:\/\/i0.wp.com\/alpoma.net\/tecob\/wp-content\/uploads\/2005\/04\/Albert_Einstein.jpg?resize=350%2C200&ssl=1 1x, https:\/\/i0.wp.com\/alpoma.net\/tecob\/wp-content\/uploads\/2005\/04\/Albert_Einstein.jpg?resize=525%2C300&ssl=1 1.5x, https:\/\/i0.wp.com\/alpoma.net\/tecob\/wp-content\/uploads\/2005\/04\/Albert_Einstein.jpg?resize=700%2C400&ssl=1 2x, https:\/\/i0.wp.com\/alpoma.net\/tecob\/wp-content\/uploads\/2005\/04\/Albert_Einstein.jpg?resize=1050%2C600&ssl=1 3x, https:\/\/i0.wp.com\/alpoma.net\/tecob\/wp-content\/uploads\/2005\/04\/Albert_Einstein.jpg?resize=1400%2C800&ssl=1 4x"},"classes":[]},{"id":12584,"url":"https:\/\/alpoma.net\/tecob\/?p=12584","url_meta":{"origin":8385,"position":2},"title":"Horacio Bentabol, el azote de Einstein","author":"alpoma","date":"30 marzo 2017","format":false,"excerpt":"Versi\u00f3n para TecOb del art\u00edculo que publiqu\u00e9 en la revista Historia de Iberia Vieja, edici\u00f3n de marzo de 2017. En 1931 apareci\u00f3 publicado en Leipzig, Alemania, un libro titulado Cien autores contra Einstein. Esta obra estaba orientada a desacreditar al sabio que hab\u00eda dado a luz la teor\u00eda de la\u2026","rel":"","context":"En \u00abMade in Spain\u00bb","block_context":{"text":"Made in Spain","link":"https:\/\/alpoma.net\/tecob\/?cat=10"},"img":{"alt_text":"","src":"https:\/\/i0.wp.com\/alpoma.net\/tecob\/wp-content\/uploads\/2017\/03\/bentabol_1925.jpg?resize=350%2C200&ssl=1","width":350,"height":200,"srcset":"https:\/\/i0.wp.com\/alpoma.net\/tecob\/wp-content\/uploads\/2017\/03\/bentabol_1925.jpg?resize=350%2C200&ssl=1 1x, https:\/\/i0.wp.com\/alpoma.net\/tecob\/wp-content\/uploads\/2017\/03\/bentabol_1925.jpg?resize=525%2C300&ssl=1 1.5x"},"classes":[]},{"id":1075,"url":"https:\/\/alpoma.net\/tecob\/?p=1075","url_meta":{"origin":8385,"position":3},"title":"La descendencia de Einstein","author":"alpoma","date":"6 febrero 2009","format":false,"excerpt":"Desconozco el motivo, pero cada poco tiempo me env\u00edan correos electr\u00f3nicos solicitando informaci\u00f3n sobre la vida de Einstein. No se interesan por sus teor\u00edas o su labor cient\u00edfica, lo que realmente quieren es algo as\u00ed como un relato de su vida familiar, sus hijos y parientes, sus actividades diarias. No\u2026","rel":"","context":"En \u00abObsolescencia\u00bb","block_context":{"text":"Obsolescencia","link":"https:\/\/alpoma.net\/tecob\/?cat=3"},"img":{"alt_text":"","src":"","width":0,"height":0},"classes":[]},{"id":1172,"url":"https:\/\/alpoma.net\/tecob\/?p=1172","url_meta":{"origin":8385,"position":4},"title":"La Torre C\u00e1psula en peligro","author":"alpoma","date":"12 julio 2009","format":false,"excerpt":"Llamaba la atenci\u00f3n hace poco sobre este asunto el New York Times. La pregunta es: \u00bfqu\u00e9 debe poseer un edificio para que sea considerado como bien cultural y, as\u00ed, ser salvado de la demolici\u00f3n? La cuesti\u00f3n es especialmente grave cuando nos enfrentamos a edificios de la segunda mitad del siglo\u2026","rel":"","context":"En \u00abObsolescencia\u00bb","block_context":{"text":"Obsolescencia","link":"https:\/\/alpoma.net\/tecob\/?cat=3"},"img":{"alt_text":"","src":"https:\/\/i0.wp.com\/alpoma.net\/tecob\/wp-content\/uploads\/2009\/07\/3712457297_1a5b7171ae_o.jpg?resize=350%2C200&ssl=1","width":350,"height":200,"srcset":"https:\/\/i0.wp.com\/alpoma.net\/tecob\/wp-content\/uploads\/2009\/07\/3712457297_1a5b7171ae_o.jpg?resize=350%2C200&ssl=1 1x, https:\/\/i0.wp.com\/alpoma.net\/tecob\/wp-content\/uploads\/2009\/07\/3712457297_1a5b7171ae_o.jpg?resize=525%2C300&ssl=1 1.5x"},"classes":[]},{"id":584,"url":"https:\/\/alpoma.net\/tecob\/?p=584","url_meta":{"origin":8385,"position":5},"title":"Einstein, Szilard y el taller de refrigeradores","author":"alpoma","date":"3 septiembre 2006","format":false,"excerpt":"Albert Einstein, que no necesita presentaci\u00f3n, no s\u00f3lo se dedic\u00f3 a revolucionar la f\u00edsica te\u00f3rica o a pasar un tiempo trabajando en una oficina de patentes. Como no pod\u00eda ser de otro modo, tambi\u00e9n dedic\u00f3 un tiempo a la tecnolog\u00eda pr\u00e1ctica y, claro est\u00e1, logr\u00f3 algunas patentes interesantes. En esta\u2026","rel":"","context":"En \u00abInnovaci\u00f3n\u00bb","block_context":{"text":"Innovaci\u00f3n","link":"https:\/\/alpoma.net\/tecob\/?cat=4"},"img":{"alt_text":"","src":"https:\/\/i0.wp.com\/alpoma.net\/tecob\/wp-content\/uploads\/2006\/09\/refrigerador_einstein.gif?resize=350%2C200&ssl=1","width":350,"height":200},"classes":[]}],"jetpack_sharing_enabled":true,"_links":{"self":[{"href":"https:\/\/alpoma.net\/tecob\/index.php?rest_route=\/wp\/v2\/posts\/8385","targetHints":{"allow":["GET"]}}],"collection":[{"href":"https:\/\/alpoma.net\/tecob\/index.php?rest_route=\/wp\/v2\/posts"}],"about":[{"href":"https:\/\/alpoma.net\/tecob\/index.php?rest_route=\/wp\/v2\/types\/post"}],"author":[{"embeddable":true,"href":"https:\/\/alpoma.net\/tecob\/index.php?rest_route=\/wp\/v2\/users\/1"}],"replies":[{"embeddable":true,"href":"https:\/\/alpoma.net\/tecob\/index.php?rest_route=%2Fwp%2Fv2%2Fcomments&post=8385"}],"version-history":[{"count":0,"href":"https:\/\/alpoma.net\/tecob\/index.php?rest_route=\/wp\/v2\/posts\/8385\/revisions"}],"wp:featuredmedia":[{"embeddable":true,"href":"https:\/\/alpoma.net\/tecob\/index.php?rest_route=\/wp\/v2\/media\/10797"}],"wp:attachment":[{"href":"https:\/\/alpoma.net\/tecob\/index.php?rest_route=%2Fwp%2Fv2%2Fmedia&parent=8385"}],"wp:term":[{"taxonomy":"category","embeddable":true,"href":"https:\/\/alpoma.net\/tecob\/index.php?rest_route=%2Fwp%2Fv2%2Fcategories&post=8385"},{"taxonomy":"post_tag","embeddable":true,"href":"https:\/\/alpoma.net\/tecob\/index.php?rest_route=%2Fwp%2Fv2%2Ftags&post=8385"}],"curies":[{"name":"wp","href":"https:\/\/api.w.org\/{rel}","templated":true}]}}