{"id":837,"date":"2008-02-16T01:16:51","date_gmt":"2008-02-15T23:16:51","guid":{"rendered":"http:\/\/www.alpoma.net\/tecob\/?p=837"},"modified":"2008-02-16T01:36:29","modified_gmt":"2008-02-15T23:36:29","slug":"elisa-garnerin-pionera-del-paracaidismo","status":"publish","type":"post","link":"https:\/\/alpoma.net\/tecob\/?p=837","title":{"rendered":"Elisa Garnerin, pionera del paracaidismo"},"content":{"rendered":"<p><img decoding=\"async\" src=\"http:\/\/farm3.static.flickr.com\/2286\/2268000140_14c93753b1_o.jpg\" alt=\"img\" class=\"dch\"\/>Esta tarde, maquetando el primer n\u00famero de <strong><a href=\"http:\/\/www.elviajedeargos.com\/\">El Viaje de Argos<\/a><\/strong>, <em>ezine<\/em> del que comentar\u00e9 m\u00e1s detalles en breve, me he reencontrado con una pionera del aire. Mientras repasaba un art\u00edculo de <strong><a href=\"http:\/\/www.carloscanales.com\">Carlos Canales<\/a><\/strong> dedicado a varios pioneros de la aerostaci\u00f3n, apareci\u00f3 una breve referencia a <strong>Elisa Garnerin<\/strong>:<\/p>\n<blockquote><p>Esta audaz aeronauta, sobrina de Andr\u00e9 Jacques Garnerin, salt\u00f3 sobre el Parque del Retiro desde un globo el 26 de abril de 1810, en el primer salto paracaidista de la historia de Espa\u00f1a.<\/p><\/blockquote>\n<p>Toda una aventura que, en realidad, no era nada novedoso para la francesa porque hab\u00eda realizado anteriormente saltos exitosos en varias ciudades europeas. Curiosamente, dependiendo de la fuente que se consulte, la tal Elisa era sobrina, hija, hija adoptiva o esposa de Andr\u00e9. No es que el dato importe mucho, pero me ha chocado ver tal grado de confusi\u00f3n sobre el parentesco entre ambos personajes. <\/p>\n<p><strong><a href=\"http:\/\/www.spartacus.schoolnet.co.uk\/AVgarnerin.htm\">Andr\u00e9 Jacques Garnerin<\/a><\/strong> es recordado por haber retomado los esfuerzos te\u00f3ricos de <strong>Leonardo da Vinci<\/strong>, para lograr convertirse en el primer paracaidista de la historia, saltando con su propio modelo de paraca\u00eddas desde un globo de hidr\u00f3geno, situado a m\u00e1s de trescientos metros de altura sobre Par\u00eds, el 22 de octubre de 1797. Desde aquel d\u00eda, Andr\u00e9 se dedic\u00f3 a recorrer Europa haciendo exhibiciones de salto. Su modelo original era bastante inestable, porque el conjunto de la superficie del paraca\u00eddas no ten\u00eda abertura alguna por la que el aire pudiera circular de manera adecuada. El problema fue solucionado por el astr\u00f3nomo <strong><a href=\"http:\/\/es.wikipedia.org\/wiki\/Joseph_Lalande\">Joseph Jer\u00f4me Lalande<\/a><\/strong>, que sugiri\u00f3 la instalaci\u00f3n de una abertura o v\u00e1lvula superior, con lo que el paraca\u00eddas de Andr\u00e9 gan\u00f3 mucho en estabilidad.<\/p>\n<p>Se cuenta que, en 1798, <strong>Jeanne Genevi\u00e8ve Labrosse<\/strong>, la esposa de Garnerin seg\u00fan las cr\u00f3nicas y no Elisa, como err\u00f3neamente aparece en ciertas fuentes, se convirti\u00f3 en la primera mujer en saltar en paraca\u00eddas. Un hecho hist\u00f3rico, cierto, pero si hay que mencionar alguna pionera de este deporte a\u00e9reo, sin duda habr\u00eda que referirse a <strong>Elisa Garnerin<\/strong>, que realiz\u00f3 m\u00e1s de cuarenta saltos por todo el continente entre 1815 y 1836. <\/p>\n<p>Como, en estos casos, siempre es fascinante acudir a <strong>documentos de la \u00e9poca<\/strong>, veamos qu\u00e9 nos narraba, por ejemplo, el <strong>Semanario Pintoresco Espa\u00f1ol <\/strong>del 24 de julio de 1836 sobre las aventuras de Elisa en Madrid, donde al parecer no logr\u00f3 realizar el salto que la convertir\u00eda en la primera mujer en saltar en paraca\u00eddas en Espa\u00f1a, tal y como suele citarse (he mantenido las peculiaridades ortogr\u00e1ficas del original):<\/p>\n<blockquote><p>En octubre de 1797 Garnerin se elev\u00f3 en Paris para bajar en paracaidas. Llegado \u00e0 la altura de 300 toesas dej\u00f3 el globo, y aunque la caida fue en estremo oscilatoria no le impidi\u00f3 llegar felizmente \u00e1 tierra.<\/p>\n<p>El mismo aeronauta y su hija la se\u00f1orita Elisa repitieron felizmente esta esperiencia en los a\u00f1os sucesivos, mas aunque por los de 1816 \u00f3 17 intentaron hacerlo en esta capital llamando al Retiro \u00e0 toda la poblacion, fueron in\u00fatiles sus esfuerzos para henchir el globo, quedando el p\u00fablico matritense privado de tan deseado espect\u00e1culo.<\/p><\/blockquote>\n<p>Como puede verse, la costumbre que tengo por acudir a fuentes a\u00f1ejas para comprobar datos o citas llega a ser, a veces, una man\u00eda.<\/p>\n<p><img decoding=\"async\" src=\"http:\/\/farm3.static.flickr.com\/2240\/2267212567_11e47a2b69_o.jpg\" alt=\"img\" \/><\/p>\n","protected":false},"excerpt":{"rendered":"<div class=\"mh-excerpt\"><p>Esta tarde, maquetando el primer n\u00famero de El Viaje de Argos, ezine del que comentar\u00e9 m\u00e1s detalles en breve, me he reencontrado con una pionera del aire. Mientras repasaba un <a class=\"mh-excerpt-more\" href=\"https:\/\/alpoma.net\/tecob\/?p=837\" title=\"Elisa Garnerin, pionera del paracaidismo\">[&#8230;]<\/a><\/p>\n<\/div>","protected":false},"author":1,"featured_media":10766,"comment_status":"open","ping_status":"open","sticky":false,"template":"","format":"standard","meta":{"jetpack_post_was_ever_published":false,"_jetpack_newsletter_access":"","_jetpack_dont_email_post_to_subs":false,"_jetpack_newsletter_tier_id":0,"_jetpack_memberships_contains_paywalled_content":false,"_jetpack_memberships_contains_paid_content":false,"footnotes":""},"categories":[3],"tags":[],"class_list":["post-837","post","type-post","status-publish","format-standard","has-post-thumbnail","hentry","category-obsolescencia"],"jetpack_featured_media_url":"https:\/\/alpoma.net\/tecob\/wp-content\/uploads\/2008\/02\/2268000140_14c93753b1_o.jpg","jetpack_shortlink":"https:\/\/wp.me\/p93Dc1-dv","jetpack-related-posts":[{"id":1041,"url":"https:\/\/alpoma.net\/tecob\/?p=1041","url_meta":{"origin":837,"position":0},"title":"Reinas del cielo","author":"alpoma","date":"4 diciembre 2008","format":false,"excerpt":"Desde los primeros tiempos de la aerostaci\u00f3n, a finales del siglo XVIII, cuando los primeros globos tripulados comenzaron a surcar los cielos, apareci\u00f3 toda una modalidad de espect\u00e1culo, muy rentable a decir de las cr\u00f3nicas, que consist\u00eda en unir peligrosos veh\u00edculos a\u00e9reos y mujeres. Hay que pensar en la \u00e9poca,\u2026","rel":"","context":"En \u00abObsolescencia\u00bb","block_context":{"text":"Obsolescencia","link":"https:\/\/alpoma.net\/tecob\/?cat=3"},"img":{"alt_text":"","src":"","width":0,"height":0},"classes":[]},{"id":8516,"url":"https:\/\/alpoma.net\/tecob\/?p=8516","url_meta":{"origin":837,"position":1},"title":"La loca y mortal idea de Robert Cocking","author":"alpoma","date":"26 septiembre 2013","format":false,"excerpt":"La historia de las primeras experiencias con paraca\u00eddas est\u00e1 llena de testarazos y, por supuesto, se trat\u00f3 de aventuras que sol\u00edan acabar muy mal. Uno de los mayores problemas de esos primeros paraca\u00eddas estaba en la falta de control del vuelo. Al caer, y a falta de v\u00e1lvula superior que\u2026","rel":"","context":"En \u00abObsolescencia\u00bb","block_context":{"text":"Obsolescencia","link":"https:\/\/alpoma.net\/tecob\/?cat=3"},"img":{"alt_text":"","src":"https:\/\/i0.wp.com\/alpoma.net\/tecob\/wp-content\/uploads\/2013\/09\/globo.jpg?resize=350%2C200&ssl=1","width":350,"height":200},"classes":[]},{"id":14313,"url":"https:\/\/alpoma.net\/tecob\/?p=14313","url_meta":{"origin":837,"position":2},"title":"Las pioneras de la aviaci\u00f3n espa\u00f1ola","author":"alpoma","date":"2 febrero 2019","format":false,"excerpt":"Versi\u00f3n para TecOb del art\u00edculo que publiqu\u00e9 en la revista Historia de Iberia Vieja, edici\u00f3n de enero de 2019. Quiero agradecer a Jos\u00e9 Manuel Gil, coautor conmigo del libro Aviones bizarros, por haberme sugerido tratar este tema y haber servido de fuente primaria. (Las im\u00e1genes de este art\u00edculo han sido\u2026","rel":"","context":"En \u00abMade in Spain\u00bb","block_context":{"text":"Made in Spain","link":"https:\/\/alpoma.net\/tecob\/?cat=10"},"img":{"alt_text":"","src":"https:\/\/i0.wp.com\/alpoma.net\/tecob\/wp-content\/uploads\/2019\/02\/Pilar-San-Miguel-Mart%C3%ADnez-Campos.png?resize=350%2C200&ssl=1","width":350,"height":200,"srcset":"https:\/\/i0.wp.com\/alpoma.net\/tecob\/wp-content\/uploads\/2019\/02\/Pilar-San-Miguel-Mart%C3%ADnez-Campos.png?resize=350%2C200&ssl=1 1x, https:\/\/i0.wp.com\/alpoma.net\/tecob\/wp-content\/uploads\/2019\/02\/Pilar-San-Miguel-Mart%C3%ADnez-Campos.png?resize=525%2C300&ssl=1 1.5x, https:\/\/i0.wp.com\/alpoma.net\/tecob\/wp-content\/uploads\/2019\/02\/Pilar-San-Miguel-Mart%C3%ADnez-Campos.png?resize=700%2C400&ssl=1 2x"},"classes":[]},{"id":966,"url":"https:\/\/alpoma.net\/tecob\/?p=966","url_meta":{"origin":837,"position":3},"title":"Un logo para Gaussianos","author":"alpoma","date":"21 agosto 2008","format":false,"excerpt":"Gaussianos es uno de mis blogs favoritos as\u00ed que, cuando propusieron un concurso para elegir un logo para el nuevo theme que presentar\u00e1n en breve, pens\u00e9 en contribuir con algo. Hoy, han presentado el nuevo logo y, para alegr\u00eda personal, ha sido elegida mi propuesta. Voy a recorrer brevemente el\u2026","rel":"","context":"En \u00abPersonal\u00bb","block_context":{"text":"Personal","link":"https:\/\/alpoma.net\/tecob\/?cat=2"},"img":{"alt_text":"","src":"https:\/\/i0.wp.com\/alpoma.net\/tecob\/wp-content\/uploads\/2008\/08\/2784255784_56dab7dd3b_o.jpg?resize=350%2C200&ssl=1","width":350,"height":200,"srcset":"https:\/\/i0.wp.com\/alpoma.net\/tecob\/wp-content\/uploads\/2008\/08\/2784255784_56dab7dd3b_o.jpg?resize=350%2C200&ssl=1 1x, https:\/\/i0.wp.com\/alpoma.net\/tecob\/wp-content\/uploads\/2008\/08\/2784255784_56dab7dd3b_o.jpg?resize=525%2C300&ssl=1 1.5x"},"classes":[]},{"id":6024,"url":"https:\/\/alpoma.net\/tecob\/?p=6024","url_meta":{"origin":837,"position":4},"title":"El canal de Tehuantepec","author":"alpoma","date":"11 enero 2012","format":false,"excerpt":"La historia del canal de Panam\u00e1 est\u00e1 llena de fiascos, conspiraciones, ideas locas, otras geniales y mucho, pero que mucho tiempo y dinero desde que la idea surgi\u00f3 hasta que el primer barco salt\u00f3 entre oc\u00e9anos el 15 de agosto de 1914. Pero, \u00bfqu\u00e9 hubiera sucedido si en vez de\u2026","rel":"","context":"En \u00abObsolescencia\u00bb","block_context":{"text":"Obsolescencia","link":"https:\/\/alpoma.net\/tecob\/?cat=3"},"img":{"alt_text":"","src":"https:\/\/i0.wp.com\/alpoma.net\/tecob\/wp-content\/uploads\/2012\/01\/6675716677_731138d228_o.jpg?resize=350%2C200&ssl=1","width":350,"height":200},"classes":[]},{"id":8792,"url":"https:\/\/alpoma.net\/tecob\/?p=8792","url_meta":{"origin":837,"position":5},"title":"Federico Cantero Villamil, el genial ingeniero de caminos que so\u00f1aba con helic\u00f3pteros","author":"alpoma","date":"12 diciembre 2019","format":false,"excerpt":"Publiqu\u00e9 originalmente este art\u00edculo en febrero de 2014. La versi\u00f3n actual, de diciembre de 2019, viene a corregir y ampliar ese primer texto. Esta tarea de reforma del art\u00edculo inicial ha sido llevada a cabo gracias a la inestimable labor de Isabel D\u00edaz de Aguilar Cantero, nieta del Ingeniero Federico\u2026","rel":"","context":"En \u00abMade in Spain\u00bb","block_context":{"text":"Made in Spain","link":"https:\/\/alpoma.net\/tecob\/?cat=10"},"img":{"alt_text":"","src":"https:\/\/i0.wp.com\/alpoma.net\/tecob\/wp-content\/uploads\/2014\/02\/libelula.jpg?resize=350%2C200&ssl=1","width":350,"height":200},"classes":[]}],"jetpack_sharing_enabled":true,"_links":{"self":[{"href":"https:\/\/alpoma.net\/tecob\/index.php?rest_route=\/wp\/v2\/posts\/837","targetHints":{"allow":["GET"]}}],"collection":[{"href":"https:\/\/alpoma.net\/tecob\/index.php?rest_route=\/wp\/v2\/posts"}],"about":[{"href":"https:\/\/alpoma.net\/tecob\/index.php?rest_route=\/wp\/v2\/types\/post"}],"author":[{"embeddable":true,"href":"https:\/\/alpoma.net\/tecob\/index.php?rest_route=\/wp\/v2\/users\/1"}],"replies":[{"embeddable":true,"href":"https:\/\/alpoma.net\/tecob\/index.php?rest_route=%2Fwp%2Fv2%2Fcomments&post=837"}],"version-history":[{"count":0,"href":"https:\/\/alpoma.net\/tecob\/index.php?rest_route=\/wp\/v2\/posts\/837\/revisions"}],"wp:featuredmedia":[{"embeddable":true,"href":"https:\/\/alpoma.net\/tecob\/index.php?rest_route=\/wp\/v2\/media\/10766"}],"wp:attachment":[{"href":"https:\/\/alpoma.net\/tecob\/index.php?rest_route=%2Fwp%2Fv2%2Fmedia&parent=837"}],"wp:term":[{"taxonomy":"category","embeddable":true,"href":"https:\/\/alpoma.net\/tecob\/index.php?rest_route=%2Fwp%2Fv2%2Fcategories&post=837"},{"taxonomy":"post_tag","embeddable":true,"href":"https:\/\/alpoma.net\/tecob\/index.php?rest_route=%2Fwp%2Fv2%2Ftags&post=837"}],"curies":[{"name":"wp","href":"https:\/\/api.w.org\/{rel}","templated":true}]}}