{"id":831,"date":"2008-02-05T22:59:27","date_gmt":"2008-02-05T20:59:27","guid":{"rendered":"http:\/\/www.alpoma.net\/tecob\/?p=831"},"modified":"2008-02-05T23:00:42","modified_gmt":"2008-02-05T21:00:42","slug":"maximo-gorki-monstruo-del-aire","status":"publish","type":"post","link":"https:\/\/alpoma.net\/tecob\/?p=831","title":{"rendered":"M\u00e1ximo Gorki, monstruo del aire"},"content":{"rendered":"<p>Aleksei Maksimovich Peshkov, conocido como <strong><a href=\"http:\/\/es.wikipedia.org\/wiki\/M%C3%A1ximo_Gorki\">M\u00e1ximo Gorki<\/a><\/strong>, fue un escritor sovi\u00e9tico de principios del siglo XX que tuvo gran predicamento entre los gerifaltes de la Revoluci\u00f3n. Pero aqu\u00ed, en <em>TecOb<\/em>, lo que interesa es prestar atenci\u00f3n a<em> otro<\/em> M\u00e1ximo Gorki, una m\u00e1quina asombrosa. El  <strong>Tupolev ANT-20 M\u00e1ximo Gorki<\/strong>, bautizado de ese modo en honor al literato citado, puede considerarse como la m\u00e1quina voladora \u00abpublicitaria\u00bb m\u00e1s imponente de la historia. Conocida es la querencia de los tiranos sovi\u00e9ticos por todo lo que oliera a <strong>propaganda<\/strong>, as\u00ed que puede suponerse que para resaltar la relevancia y \u00absuperioridad\u00bb de la tecnolog\u00eda, organizaci\u00f3n e industria sovi\u00e9ticas, lo mejor era hacer volar al avi\u00f3n m\u00e1s grande que fuera posible. Dicho y hecho, todo fuera por engrandecer al Estado y mostrar al mundo las bondades del comunismo. <\/p>\n<p><img decoding=\"async\" src=\"http:\/\/farm3.static.flickr.com\/2051\/2244365699_e260cc96b4_o.jpg\" alt=\"img\" class=\"otros\"\/><\/p>\n<p>El rugido de sus <strong>ocho motores <\/strong>rompiendo el cielo seguro que anim\u00f3 enormemente a Stalin. Dise\u00f1ado por <strong><a href=\"http:\/\/en.wikipedia.org\/wiki\/Andrei_Tupolev\">Andrei Tupolev<\/a><\/strong>, el ANT-20 fue completado en abril de 1934, convirti\u00e9ndose en una <strong>monstruosa m\u00e1quina publicitaria<\/strong> que portaba un potente sistema de radio capaz de emitir mensajes aleccionadores desde el cielo, adem\u00e1s de imprenta para proclamas, cine, laboratorio fotogr\u00e1fico, biblioteca&#8230; En fin, cualquier invento aplicable a la propaganda habitaba en las entra\u00f1as de la bestia. Desde el punto de vista tecnol\u00f3gico este avi\u00f3n contaba con adelantos dignos de menci\u00f3n, fue el primero en utilizar para su sistema el\u00e9ctrico corriente alterna de 120 voltios, era un aparato desmontable que pod\u00eda transportarse por ferrocarril y su interior era tan espacioso que se divid\u00eda en varios niveles conectados por escaleras. <\/p>\n<p><strong>El 18 de mayo de 1935<\/strong> el M\u00e1ximo Gorki, escoltado por otros aviones m\u00e1s peque\u00f1os, cruz\u00f3 sobre Mosc\u00fa en vuelo propagand\u00edstico. Lamentablemente, fue la \u00faltima vez que levant\u00f3 el vuelo, porque a ra\u00edz de una maniobra mal realizada por los aviones de escolta, se produjo un choque fatal en el aire que hizo caer al gran p\u00e1jaro sobre un barrio residencial, lo que caus\u00f3 numerosas v\u00edctimas mortales. Sin duda, una carrera muy corta para un aparato que se dise\u00f1\u00f3 con el prop\u00f3sito de extender la propaganda sovi\u00e9tica por el mundo. Con sus m\u00e1s de treinta metros de longitud, m\u00e1s de sesenta de distancia alar y una altura de casi trece metros, la visi\u00f3n del M\u00e1ximo Gorki con sus treinta toneladas de peso en vac\u00edo surcando los cielos a 220 kil\u00f3metros por hora <strong>emitiendo mensajes pol\u00edticos desde el cielo<\/strong> tuvo que ser algo realmente sobrecogedor.<\/p>\n<p><object width=\"620\" height=\"500\"><param name=\"movie\" value=\"http:\/\/www.youtube.com\/v\/kbT5EV2meEo&#038;rel=1\"><\/param><param name=\"wmode\" value=\"transparent\"><\/param><\/object><\/p>\n","protected":false},"excerpt":{"rendered":"<div class=\"mh-excerpt\"><p>Aleksei Maksimovich Peshkov, conocido como M\u00e1ximo Gorki, fue un escritor sovi\u00e9tico de principios del siglo XX que tuvo gran predicamento entre los gerifaltes de la Revoluci\u00f3n. Pero aqu\u00ed, en TecOb, <a class=\"mh-excerpt-more\" href=\"https:\/\/alpoma.net\/tecob\/?p=831\" title=\"M\u00e1ximo Gorki, monstruo del aire\">[&#8230;]<\/a><\/p>\n<\/div>","protected":false},"author":1,"featured_media":0,"comment_status":"open","ping_status":"open","sticky":false,"template":"","format":"standard","meta":{"jetpack_post_was_ever_published":false,"_jetpack_newsletter_access":"","_jetpack_dont_email_post_to_subs":false,"_jetpack_newsletter_tier_id":0,"_jetpack_memberships_contains_paywalled_content":false,"_jetpack_memberships_contains_paid_content":false,"footnotes":""},"categories":[3],"tags":[],"class_list":["post-831","post","type-post","status-publish","format-standard","hentry","category-obsolescencia"],"jetpack_featured_media_url":"","jetpack_shortlink":"https:\/\/wp.me\/p93Dc1-dp","jetpack-related-posts":[{"id":8123,"url":"https:\/\/alpoma.net\/tecob\/?p=8123","url_meta":{"origin":831,"position":0},"title":"El fotoelectr\u00f3grafo de Thomas, un \u00abesc\u00e1ner OCR\u00bb para ciegos en 1930","author":"alpoma","date":"18 abril 2013","format":false,"excerpt":"Por el nombre de tiflotecnolog\u00eda se conoce a las t\u00e9cnicas que permiten a los ciegos o a las personas con problemas severos de visi\u00f3n el acercamiento, por ejemplo, a ordenadores, por medio de m\u00e1quinas convenientemente adaptadas. No es algo nuevo porque ya a principios del siglo XX se comercializaban m\u00e1quinas\u2026","rel":"","context":"En \u00abObsolescencia\u00bb","block_context":{"text":"Obsolescencia","link":"https:\/\/alpoma.net\/tecob\/?cat=3"},"img":{"alt_text":"","src":"https:\/\/i0.wp.com\/alpoma.net\/tecob\/wp-content\/uploads\/2013\/04\/thomas_1.jpg?resize=350%2C200&ssl=1","width":350,"height":200,"srcset":"https:\/\/i0.wp.com\/alpoma.net\/tecob\/wp-content\/uploads\/2013\/04\/thomas_1.jpg?resize=350%2C200&ssl=1 1x, https:\/\/i0.wp.com\/alpoma.net\/tecob\/wp-content\/uploads\/2013\/04\/thomas_1.jpg?resize=525%2C300&ssl=1 1.5x"},"classes":[]},{"id":1089,"url":"https:\/\/alpoma.net\/tecob\/?p=1089","url_meta":{"origin":831,"position":1},"title":"Enrique Gaspar y la primera m\u00e1quina del tiempo","author":"alpoma","date":"10 marzo 2009","format":false,"excerpt":"Sigo en modo \"pausa\", pero voy a aprovechar un instante para incorporar al blog mi \u00faltimo texto publicado en papel. Aunque el tema ya lo trat\u00e9 en TecOb hace a\u00f1os, lo hice de forma muy esquem\u00e1tica. :-) AVISO: Este art\u00edculo lo publiqu\u00e9 originalmente en el n\u00famero 45, febrero 2009, de\u2026","rel":"","context":"En \u00abMade in Spain\u00bb","block_context":{"text":"Made in Spain","link":"https:\/\/alpoma.net\/tecob\/?cat=10"},"img":{"alt_text":"","src":"","width":0,"height":0},"classes":[]},{"id":14463,"url":"https:\/\/alpoma.net\/tecob\/?p=14463","url_meta":{"origin":831,"position":2},"title":"El Padre Himalaya, pionero de la energ\u00eda solar","author":"alpoma","date":"30 mayo 2019","format":false,"excerpt":"Versi\u00f3n para TecOb del art\u00edculo que publiqu\u00e9 en la revista Historia de Espa\u00f1a y el Mundo, edici\u00f3n de mayo de 2019. Los diversos tipos de energ\u00eda alternativa a los combustibles f\u00f3siles van ganando terreno con rapidez en estas primeras d\u00e9cadas del siglo XXI para alimentar a una humanidad hambrienta de\u2026","rel":"","context":"En \u00abObsolescencia\u00bb","block_context":{"text":"Obsolescencia","link":"https:\/\/alpoma.net\/tecob\/?cat=3"},"img":{"alt_text":"","src":"https:\/\/i0.wp.com\/alpoma.net\/tecob\/wp-content\/uploads\/2019\/05\/3.jpg?resize=350%2C200&ssl=1","width":350,"height":200,"srcset":"https:\/\/i0.wp.com\/alpoma.net\/tecob\/wp-content\/uploads\/2019\/05\/3.jpg?resize=350%2C200&ssl=1 1x, https:\/\/i0.wp.com\/alpoma.net\/tecob\/wp-content\/uploads\/2019\/05\/3.jpg?resize=525%2C300&ssl=1 1.5x, https:\/\/i0.wp.com\/alpoma.net\/tecob\/wp-content\/uploads\/2019\/05\/3.jpg?resize=700%2C400&ssl=1 2x, https:\/\/i0.wp.com\/alpoma.net\/tecob\/wp-content\/uploads\/2019\/05\/3.jpg?resize=1050%2C600&ssl=1 3x, https:\/\/i0.wp.com\/alpoma.net\/tecob\/wp-content\/uploads\/2019\/05\/3.jpg?resize=1400%2C800&ssl=1 4x"},"classes":[]},{"id":7576,"url":"https:\/\/alpoma.net\/tecob\/?p=7576","url_meta":{"origin":831,"position":3},"title":"El ingenio de Zubiaurre","author":"alpoma","date":"1 diciembre 2012","format":false,"excerpt":"Versi\u00f3n reducida para web del art\u00edculo que publiqu\u00e9 en la revista Historia de Iberia Vieja, edici\u00f3n del mes de diciembre de 2012. No hace mucho que visit\u00f3 este mismo espacio uno de los ingenieros m\u00e1s excelsos de toda nuestra historia. Se trataba de Agust\u00edn de Betancourt quien, sin m\u00e1s ayuda\u2026","rel":"","context":"En \u00abMade in Spain\u00bb","block_context":{"text":"Made in Spain","link":"https:\/\/alpoma.net\/tecob\/?cat=10"},"img":{"alt_text":"","src":"https:\/\/i0.wp.com\/alpoma.net\/tecob\/wp-content\/uploads\/2012\/12\/7eae6b1a389f11e28e5d22000a1f979a_7.jpg?resize=350%2C200&ssl=1","width":350,"height":200,"srcset":"https:\/\/i0.wp.com\/alpoma.net\/tecob\/wp-content\/uploads\/2012\/12\/7eae6b1a389f11e28e5d22000a1f979a_7.jpg?resize=350%2C200&ssl=1 1x, https:\/\/i0.wp.com\/alpoma.net\/tecob\/wp-content\/uploads\/2012\/12\/7eae6b1a389f11e28e5d22000a1f979a_7.jpg?resize=525%2C300&ssl=1 1.5x"},"classes":[]},{"id":4005,"url":"https:\/\/alpoma.net\/tecob\/?p=4005","url_meta":{"origin":831,"position":4},"title":"El enigma de Clemente Figuera y la m\u00e1quina de la energ\u00eda infinita","author":"alpoma","date":"10 enero 2011","format":false,"excerpt":"English version ACTUALIZACI\u00d3N (Mayo de 2013): Se adjuntan al pie de este art\u00edculo varios documentos en PDF que ampl\u00edan su contenido. ACTUALIZACI\u00d3N (2018-2019: He publicado un libro en el que re\u00fano toda la documentaci\u00f3n sobre esta investigaci\u00f3n. Adem\u00e1s, he localizado una nueva patente de un inventor murciano que es virtualmente\u2026","rel":"","context":"En \u00abMade in Spain\u00bb","block_context":{"text":"Made in Spain","link":"https:\/\/alpoma.net\/tecob\/?cat=10"},"img":{"alt_text":"Figuera","src":"https:\/\/i0.wp.com\/farm6.static.flickr.com\/5003\/5342603361_46aba3f0fe_m.jpg?resize=350%2C200","width":350,"height":200},"classes":[]},{"id":11508,"url":"https:\/\/alpoma.net\/tecob\/?p=11508","url_meta":{"origin":831,"position":5},"title":"Esteban Mart\u00ednez D\u00edaz, el aeronauta circense","author":"alpoma","date":"30 julio 2015","format":false,"excerpt":"Versi\u00f3n reducida del art\u00edculo que publiqu\u00e9 en la revista Historia de Iberia Vieja, n\u00famero de julio de 2015. Aeronauta perdido, ni noticias ni esperanzas. El remolcador n\u00famero 1 de la Junta de Obras del Puerto de Valencia y el \u201cManuel Mar\u00eda\u201d, han regresado a la ca\u00edda de la tarde, sin\u2026","rel":"","context":"En \u00abMade in Spain\u00bb","block_context":{"text":"Made in Spain","link":"https:\/\/alpoma.net\/tecob\/?cat=10"},"img":{"alt_text":"","src":"https:\/\/i0.wp.com\/alpoma.net\/tecob\/wp-content\/uploads\/2015\/07\/39.jpg?resize=350%2C200&ssl=1","width":350,"height":200,"srcset":"https:\/\/i0.wp.com\/alpoma.net\/tecob\/wp-content\/uploads\/2015\/07\/39.jpg?resize=350%2C200&ssl=1 1x, https:\/\/i0.wp.com\/alpoma.net\/tecob\/wp-content\/uploads\/2015\/07\/39.jpg?resize=525%2C300&ssl=1 1.5x, https:\/\/i0.wp.com\/alpoma.net\/tecob\/wp-content\/uploads\/2015\/07\/39.jpg?resize=700%2C400&ssl=1 2x"},"classes":[]}],"jetpack_sharing_enabled":true,"_links":{"self":[{"href":"https:\/\/alpoma.net\/tecob\/index.php?rest_route=\/wp\/v2\/posts\/831","targetHints":{"allow":["GET"]}}],"collection":[{"href":"https:\/\/alpoma.net\/tecob\/index.php?rest_route=\/wp\/v2\/posts"}],"about":[{"href":"https:\/\/alpoma.net\/tecob\/index.php?rest_route=\/wp\/v2\/types\/post"}],"author":[{"embeddable":true,"href":"https:\/\/alpoma.net\/tecob\/index.php?rest_route=\/wp\/v2\/users\/1"}],"replies":[{"embeddable":true,"href":"https:\/\/alpoma.net\/tecob\/index.php?rest_route=%2Fwp%2Fv2%2Fcomments&post=831"}],"version-history":[{"count":0,"href":"https:\/\/alpoma.net\/tecob\/index.php?rest_route=\/wp\/v2\/posts\/831\/revisions"}],"wp:attachment":[{"href":"https:\/\/alpoma.net\/tecob\/index.php?rest_route=%2Fwp%2Fv2%2Fmedia&parent=831"}],"wp:term":[{"taxonomy":"category","embeddable":true,"href":"https:\/\/alpoma.net\/tecob\/index.php?rest_route=%2Fwp%2Fv2%2Fcategories&post=831"},{"taxonomy":"post_tag","embeddable":true,"href":"https:\/\/alpoma.net\/tecob\/index.php?rest_route=%2Fwp%2Fv2%2Ftags&post=831"}],"curies":[{"name":"wp","href":"https:\/\/api.w.org\/{rel}","templated":true}]}}