{"id":823,"date":"2008-01-19T01:45:43","date_gmt":"2008-01-18T23:45:43","guid":{"rendered":"http:\/\/www.alpoma.net\/tecob\/?p=823"},"modified":"2009-12-12T12:26:05","modified_gmt":"2009-12-12T10:26:05","slug":"y-la-musica-se-transfiguro","status":"publish","type":"post","link":"https:\/\/alpoma.net\/tecob\/?p=823","title":{"rendered":"Y la m\u00fasica se transfigur\u00f3&#8230;"},"content":{"rendered":"<p>Creo haber comentado en otras ocasiones que en mi iPod conviven m\u00fasicas de lo m\u00e1s diverso. As\u00ed, como uno es tan raro, gusta de escuchar a Alban Berg tras haber disfrutado de Jean Michel Jarre o pasa, sin sentido de contradicci\u00f3n alguno, de Goldfrapp a Palestrina, sin miramientos. En uno de esos saltos me encontraba hace un rato, cuando <strong>se han encadenado varias m\u00fasicas de forma curiosa<\/strong>, gracias a la funci\u00f3n de reproducci\u00f3n aleatoria, que en realidad no parece estar sujeta al simple azar sino que, en muchas ocasiones, es bastante previsible. En primer lugar, son\u00f3 la m\u00fasica del compositor franc\u00e9s <strong><a href=\"http:\/\/www.musimem.com\/magnard.htm\">Alb\u00e9ric Magnard<\/a><\/strong> a trav\u00e9s de un movimiento de su <em>Tercera Sinfon\u00eda<\/em>. A continuaci\u00f3n, lleg\u00f3 <strong><a href=\"http:\/\/www.antonwebern.com\/\">Anton Webern <\/a><\/strong>y su gloriosa <em>Das Augenlicht<\/em>, para terminar con <em>Noche Transfigurada<\/em> de <strong><a href=\"http:\/\/es.wikipedia.org\/wiki\/Arnold_Sch%C3%B6nberg\">Sch\u00f6nberg<\/a><\/strong>. Como bien sabemos los enamorados de la <strong><a href=\"http:\/\/es.wikipedia.org\/wiki\/Segunda_Escuela_de_Viena\">Segunda Escuela de Viena<\/a><\/strong>, Alb\u00e9ric no guarda ninguna relaci\u00f3n con sus compa\u00f1eros de sesi\u00f3n nocturna&#8230; \u00bfo si?<\/p>\n<p><strong>Mientras sonaba ya la obra de Sch\u00f6nberg me percat\u00e9 de una coincidencia tr\u00e1gica<\/strong>. Tanto Alb\u00e9ric como Webern murieron en medio de extra\u00f1as situaciones propiciadas por la guerra. En el caso del franc\u00e9s, al comienzo de la Primera Guerra Mundial, habiendo enviado a su familia a un lugar seguro, el compositor decidi\u00f3 quedarse en su propiedad para impedir que los alemanes la destruyeran. No s\u00e9 qu\u00e9 rondar\u00eda por su cabeza, porque no me imagino a un hombre solo enfrentarse a patrullas de soldados bien pertrechados. Por desgracia, los alemanes no se limitaron a pasar de largo y el 3 de septiembre de 1914, Alb\u00e9ric Magnard muri\u00f3, a los cuarenta y nueve a\u00f1os de edad, combatiendo contra un grupo de invasores. Logr\u00f3 abatir a uno de ellos, pero poco m\u00e1s, porque feneci\u00f3 en el intento, su casa fue incendiada y en la cat\u00e1strofe se perdieron manuscritos de algunas obras in\u00e9ditas.<br \/>\n<strong><br \/>\nCasualmente, despu\u00e9s de la m\u00fasica de Alb\u00e9ric, lleg\u00f3 la de Webern, el genio austr\u00edaco que falleci\u00f3 tambi\u00e9n prematuramente a causa de un est\u00fapido incidente<\/strong>. Sucedi\u00f3 el 15 de septiembre de 1945<sup>1<\/sup>, cuando Europa comenzaba a despertar de la pesadilla causada por la Segunda Guerra Mundial. Anton von Webern, despu\u00e9s de tantos a\u00f1os de haber sobrevivido a los nazis, que prohibieron su m\u00fasica por \u00abdegenerada\u00bb, seguramente pens\u00f3 que lo peor hab\u00eda pasado. Lamentablemente, en esa fecha, sucedi\u00f3 algo terrible. Estaba anocheciendo y Anton, que hab\u00eda viajado de Viena a Mittersill, en Salzburgo, lugar supuestamente tranquilo y alejado de los problemas que la ocupaci\u00f3n estaba causando en la capital de Austria tras la guerra, sali\u00f3 de casa de su hija tras un d\u00eda muy duro, en el que hab\u00edan arrestado a su yerno acusado de contrabando.<strong> \u00bfQu\u00e9 hizo el compositor?<\/strong> Lo normal en una situaci\u00f3n as\u00ed, dej\u00f3 a sus nietos dormidos en la casa y, para no molestar, <strong>sali\u00f3 al jard\u00edn a fumar un rato<\/strong>, pensando seguramente en el futuro pr\u00f3ximo y en la reconstrucci\u00f3n. Al otro lado de la calle rondaba un soldado estadounidense, dicen que se encontraba algo borracho, lo que puede, hasta cierto punto, explicar lo que sucedi\u00f3 a continuaci\u00f3n. Anton prendi\u00f3 su encendedor y, ese leve fulgor en medio de la noche hizo que el soldado pensara que, a lo lejos, alguien estaba disparando. Sin pensarlo dos veces, respondi\u00f3 al fuego \u00abenemigo\u00bb, acabando con la vida de Anton Webern, de sesenta y un a\u00f1os de edad. <strong>Cuentan las cr\u00f3nicas que el soldado, Raymond Norwood Bell, vivi\u00f3 el resto de sus d\u00edas atormentado por el error cometido aquella noche<\/strong>, hasta que muri\u00f3 completamente alcoholizado en 1955. Al parecer, el nefasto Raymond, cocinero del ej\u00e9rcito, estaba involucrado, como el yerno de Webern, en las oscuras tramas del mercado negro, que florec\u00eda tras la contienda<sup>2<\/sup>. Seguramente pens\u00f3 que era espiado o que iban a detenerlo, incluso pudo imaginar a un nazi renegado disparando en la lejan\u00eda. Sea como fuere, un genio dej\u00f3 de existir por culpa de un est\u00fapido incidente, tan irracional como la cabezoner\u00eda de Alb\u00e9ric ante los alemanes o como la guerra en s\u00ed misma.<\/p>\n<p>Finalmente, mi iPod, como si quisiera pasar p\u00e1gina de tan terribles sucesos, invit\u00f3 a sonar al mism\u00edsimo Arnold Sch\u00f6nberg y su <em>Noche Transfigurada<\/em>, que convierte en m\u00fasica de manera magistral un poema de <strong><a href=\"http:\/\/www.richard-dehmel.de\/\">Richard Dehmel<\/a><\/strong><sup>3<\/sup>. Como no puedo hacer sonar la m\u00fasica a trav\u00e9s de las letras de este art\u00edculo, lo mejor ser\u00e1 transfigurar el horror de los oscuros d\u00edas de la guerra en Europa con una traducci\u00f3n de este poema, al que algunos calificar\u00e1n de sensiblero, pero que, para m\u00ed, contiene una substancia maravillosa<sup>4<\/sup>&#8230;<\/p>\n<blockquote><p>Dos personas caminan por la pelada, fr\u00eda arboleda;<br \/>\nla Luna los acompa\u00f1a, ellos la contemplan.<br \/>\nLa Luna viaja sobre los altos robles;<br \/>\nni una nube obscurece la luz del cielo,<br \/>\nhacia la que suben las negras copas de los \u00e1rboles.<br \/>\nUna voz de mujer dice:<\/p>\n<p>Llevo en mi seno un ni\u00f1o y no es tuyo;<br \/>\nen pecado camino junto a ti.<br \/>\nProfundamente he delinquido contra m\u00ed.<br \/>\nYa no cre\u00eda en la felicidad<br \/>\ny ten\u00eda un gran anhelo<br \/>\npor una vida fruct\u00edfera, por la felicidad<br \/>\ny la responsabilidad de ser madre; as\u00ed que me atrev\u00ed<br \/>\ny, tr\u00e9mula, dej\u00e9 que mi cuerpo<br \/>\nabrazase un extra\u00f1o<br \/>\ny qued\u00e9 encinta de \u00e9l.<br \/>\nAhora la vida se ha vengado,<br \/>\nahora que te he encontrado.<\/p>\n<p>Ella avanza con torpe paso.<br \/>\nMira hacia arriba: la Luna los acompa\u00f1a.<br \/>\nSu obscura mirada se inunda de luz.<br \/>\nUna voz de hombre dice:<\/p>\n<p>Que la criatura que has concebido<br \/>\nno sea una carga para tu alma.<br \/>\n\u00a1Oh, mira, con qu\u00e9 fulgor brilla el universo!<br \/>\nEn todo hay un resplandor;<br \/>\nest\u00e1s conmigo a la deriva en un fr\u00edo oc\u00e9ano,<br \/>\nmas una especial tibieza flamea<br \/>\nde ti hacia m\u00ed, de m\u00ed hacia ti.<br \/>\nEsto transfigurar\u00e1 al hijo del otro;<br \/>\npor mi lo llevar\u00e1s, desde m\u00ed;<br \/>\nme has tra\u00eddo el fulgor,<br \/>\nde m\u00ed mismo has hecho un ni\u00f1o.<\/p>\n<p>\u00c9l abraza las robustas caderas de ella.<br \/>\nSus h\u00e1litos se mezclan en la brisa.<br \/>\nDos personas caminan por la elevada, clara noche<\/p><\/blockquote>\n<p>\u2013\u2013\u2013\u2013\u2013\u2013\u2013\u2013<br \/>\n<sup>1<\/sup>Algunas fuentes fijan la fecha en el 13 de septiembre.<br \/>\n<sup>2<\/sup>V\u00e9ase <a href=\"http:\/\/es.wikipedia.org\/wiki\/El_tercer_hombre\">El Tercer Hombre<\/a>.<br \/>\n<sup>3<\/sup><em>Verkl\u00e4rte Nacht<\/em>, poema de la serie <em>Mujer y Mundo<\/em>, <em>Weib und Welt<\/em>, de Richard Dehmel, 1896.<br \/>\n<sup>4<\/sup>Traducci\u00f3n al castellano v\u00eda <a href=\"http:\/\/singer1961.blogspot.com\/2006\/02\/arnold-schnberg-queridos-amigos-hoy-me.html\">El Mundo seg\u00fan Singer<\/a><\/p>\n","protected":false},"excerpt":{"rendered":"<div class=\"mh-excerpt\"><p>Creo haber comentado en otras ocasiones que en mi iPod conviven m\u00fasicas de lo m\u00e1s diverso. As\u00ed, como uno es tan raro, gusta de escuchar a Alban Berg tras haber <a class=\"mh-excerpt-more\" href=\"https:\/\/alpoma.net\/tecob\/?p=823\" title=\"Y la m\u00fasica se transfigur\u00f3&#8230;\">[&#8230;]<\/a><\/p>\n<\/div>","protected":false},"author":1,"featured_media":0,"comment_status":"open","ping_status":"open","sticky":false,"template":"","format":"standard","meta":{"jetpack_post_was_ever_published":false,"_jetpack_newsletter_access":"","_jetpack_dont_email_post_to_subs":false,"_jetpack_newsletter_tier_id":0,"_jetpack_memberships_contains_paywalled_content":false,"_jetpack_memberships_contains_paid_content":false,"footnotes":""},"categories":[42,2],"tags":[],"class_list":["post-823","post","type-post","status-publish","format-standard","hentry","category-musica","category-personal"],"jetpack_featured_media_url":"","jetpack_shortlink":"https:\/\/wp.me\/p93Dc1-dh","jetpack-related-posts":[{"id":785,"url":"https:\/\/alpoma.net\/tecob\/?p=785","url_meta":{"origin":823,"position":0},"title":"Los raros","author":"alpoma","date":"29 septiembre 2007","format":false,"excerpt":"Sirva el t\u00edtulo de este peque\u00f1o art\u00edculo como humilde homenaje a la obra de Rub\u00e9n Dar\u00edo del mismo nombre y a un \"derivado\" suyo, cierto programa de Radio Cl\u00e1sica que se emit\u00eda los fines de semana con la intenci\u00f3n de descubrir obras de compositores casi olvidados y, por lo general,\u2026","rel":"","context":"En \u00abM\u00fasica\u00bb","block_context":{"text":"M\u00fasica","link":"https:\/\/alpoma.net\/tecob\/?cat=42"},"img":{"alt_text":"","src":"","width":0,"height":0},"classes":[]},{"id":2658,"url":"https:\/\/alpoma.net\/tecob\/?p=2658","url_meta":{"origin":823,"position":1},"title":"Reconstruyendo la m\u00fasica de la antigua Roma","author":"alpoma","date":"6 mayo 2010","format":false,"excerpt":"Quienes nos hemos sumergido en las aguas de la historia de la m\u00fasica, aunque sea someramente, somos conscientes de que hay barreras que parecen imposibles de superar. Por ejemplo, en el estudio de las formas arquitect\u00f3nicas, los modos de escritura y muchas \u00e1reas de la arqueolog\u00eda, al menos el objeto\u2026","rel":"","context":"En \u00abM\u00fasica\u00bb","block_context":{"text":"M\u00fasica","link":"https:\/\/alpoma.net\/tecob\/?cat=42"},"img":{"alt_text":"","src":"https:\/\/i0.wp.com\/alpoma.net\/tecob\/wp-content\/uploads\/2010\/05\/4583943042_39b0e60cb9_m.jpg?resize=350%2C200&ssl=1","width":350,"height":200},"classes":[]},{"id":239,"url":"https:\/\/alpoma.net\/tecob\/?p=239","url_meta":{"origin":823,"position":2},"title":"Ondes Martenot","author":"alpoma","date":"18 noviembre 2005","format":false,"excerpt":"Acabo de escuchar, como en tantas ocasiones ya, la Sinfon\u00eda Turangalila de Olivier Messiaen. A muchos ni les sonar\u00e1 el nombre de este compositor, uno de los m\u00e1s grandes maestros de la m\u00fasica del siglo XX, aunque eso de \"Turanga Leela\" les sonar\u00e1 a los seguidores de Futurama. No en\u2026","rel":"","context":"En \u00abM\u00fasica\u00bb","block_context":{"text":"M\u00fasica","link":"https:\/\/alpoma.net\/tecob\/?cat=42"},"img":{"alt_text":"","src":"","width":0,"height":0},"classes":[]},{"id":9066,"url":"https:\/\/alpoma.net\/tecob\/?p=9066","url_meta":{"origin":823,"position":3},"title":"Conciertos extra\u00f1os","author":"alpoma","date":"1 junio 2014","format":false,"excerpt":"Al hilo del art\u00edculo de ayer sobre Juan Garc\u00eda Castillejo y su electrocompositor de los a\u00f1os cuarenta, y mientras estaba escuchando de fondo una sinfon\u00eda de Alfred Schnittke (me encanta, sus texturas ca\u00f3ticas son deliciosas), me he puesto a divagar sobre conciertos extra\u00f1os. Por alguna raz\u00f3n vino a mi cabeza\u2026","rel":"","context":"En \u00abM\u00fasica\u00bb","block_context":{"text":"M\u00fasica","link":"https:\/\/alpoma.net\/tecob\/?cat=42"},"img":{"alt_text":"","src":"","width":0,"height":0},"classes":[]},{"id":843,"url":"https:\/\/alpoma.net\/tecob\/?p=843","url_meta":{"origin":823,"position":4},"title":"Momentos musicales","author":"alpoma","date":"29 febrero 2008","format":false,"excerpt":"Revisando la diaria acumulaci\u00f3n de feeds, una referencia musical ha logrado encadenar en mi cabeza varios recuerdos aparentemente inconexos que comparten el mismo esp\u00edritu, la b\u00fasqueda de la musicalidad en \u00e1mbitos impensables o, por lo menos, extra\u00f1os. Todo comenz\u00f3 con el n\u00famero pi, en concreto con un experimento que convierte\u2026","rel":"","context":"En \u00abM\u00fasica\u00bb","block_context":{"text":"M\u00fasica","link":"https:\/\/alpoma.net\/tecob\/?cat=42"},"img":{"alt_text":"","src":"https:\/\/i0.wp.com\/alpoma.net\/tecob\/wp-content\/uploads\/2008\/02\/2299598901_b8d527967e.jpg?resize=350%2C200&ssl=1","width":350,"height":200},"classes":[]},{"id":9062,"url":"https:\/\/alpoma.net\/tecob\/?p=9062","url_meta":{"origin":823,"position":5},"title":"Juan Garc\u00eda Castillejo, un m\u00fasico electr\u00f3nico de los a\u00f1os cuarenta","author":"alpoma","date":"1 junio 2014","format":false,"excerpt":"Versi\u00f3n reducida del art\u00edculo que publiqu\u00e9 en la revista Historia de Iberia Vieja, edici\u00f3n de junio de 2014. En cuanto a la prehistoria de la computer-music, despu\u00e9s de recordar sistemas como el Arca Musar\u00edtmica de Athanasius Kircher en el siglo XVII o los manuales del XVIII para componer por medio\u2026","rel":"","context":"En \u00abMade in Spain\u00bb","block_context":{"text":"Made in Spain","link":"https:\/\/alpoma.net\/tecob\/?cat=10"},"img":{"alt_text":"","src":"https:\/\/i0.wp.com\/alpoma.net\/tecob\/wp-content\/uploads\/2014\/06\/Electrocompositor-647x10241.jpg?resize=350%2C200&ssl=1","width":350,"height":200,"srcset":"https:\/\/i0.wp.com\/alpoma.net\/tecob\/wp-content\/uploads\/2014\/06\/Electrocompositor-647x10241.jpg?resize=350%2C200&ssl=1 1x, https:\/\/i0.wp.com\/alpoma.net\/tecob\/wp-content\/uploads\/2014\/06\/Electrocompositor-647x10241.jpg?resize=525%2C300&ssl=1 1.5x"},"classes":[]}],"jetpack_sharing_enabled":true,"_links":{"self":[{"href":"https:\/\/alpoma.net\/tecob\/index.php?rest_route=\/wp\/v2\/posts\/823","targetHints":{"allow":["GET"]}}],"collection":[{"href":"https:\/\/alpoma.net\/tecob\/index.php?rest_route=\/wp\/v2\/posts"}],"about":[{"href":"https:\/\/alpoma.net\/tecob\/index.php?rest_route=\/wp\/v2\/types\/post"}],"author":[{"embeddable":true,"href":"https:\/\/alpoma.net\/tecob\/index.php?rest_route=\/wp\/v2\/users\/1"}],"replies":[{"embeddable":true,"href":"https:\/\/alpoma.net\/tecob\/index.php?rest_route=%2Fwp%2Fv2%2Fcomments&post=823"}],"version-history":[{"count":0,"href":"https:\/\/alpoma.net\/tecob\/index.php?rest_route=\/wp\/v2\/posts\/823\/revisions"}],"wp:attachment":[{"href":"https:\/\/alpoma.net\/tecob\/index.php?rest_route=%2Fwp%2Fv2%2Fmedia&parent=823"}],"wp:term":[{"taxonomy":"category","embeddable":true,"href":"https:\/\/alpoma.net\/tecob\/index.php?rest_route=%2Fwp%2Fv2%2Fcategories&post=823"},{"taxonomy":"post_tag","embeddable":true,"href":"https:\/\/alpoma.net\/tecob\/index.php?rest_route=%2Fwp%2Fv2%2Ftags&post=823"}],"curies":[{"name":"wp","href":"https:\/\/api.w.org\/{rel}","templated":true}]}}