{"id":816,"date":"2008-01-07T21:16:14","date_gmt":"2008-01-07T19:16:14","guid":{"rendered":"http:\/\/www.alpoma.net\/tecob\/?p=816"},"modified":"2008-02-05T00:54:17","modified_gmt":"2008-02-04T22:54:17","slug":"espectros-de-brocken","status":"publish","type":"post","link":"https:\/\/alpoma.net\/tecob\/?p=816","title":{"rendered":"Espectros de Brocken"},"content":{"rendered":"<p>Una figura se mueve a lo lejos, evanescente, huidiza en medio de la neblina. \u00a1Espera! A su alrededor se ha formado un <strong>fulgor multicolor y fantasmal<\/strong>. \u00bfSer\u00e1 el Se\u00f1or Burns <strong><a href=\"http:\/\/www.simpsoncrazy.com\/episodeguide\/3G01.jpg\">saliendo del bosque<\/a><\/strong> como en <strong><a href=\"http:\/\/www.snpp.com\/episodes\/3G01.html\">cierta historia<\/a><\/strong> radiactiva de <em>Los Simpson<\/em>? Pues no, se trata de un ser humano com\u00fan y, adem\u00e1s, el halo que rodea su cuerpo no tiene nada que ver con la santidad. Estamos ante un <strong>espectro de Brocken<\/strong>, tambien conocido como <em>gloria<\/em> o <em>espectro de la niebla<\/em>.<\/p>\n<p>En ciertas ocasiones, los monta\u00f1eros durante una ascensi\u00f3n pueden observar que sus sombras se proyectan por el sol sobre la niebla y forman figuras alargadas rodeadas de una aureola de varios colores. Como esta ilusi\u00f3n \u00f3ptica es bastante com\u00fan en las monta\u00f1as de Harz, en <strong><a href=\"http:\/\/es.wikipedia.org\/wiki\/Brocken\">Brocken<\/a><\/strong>, Alemania, pas\u00f3 a conocerse al fen\u00f3meno como espectro de Brocken. Es algo espectacular y muy curioso. Se trata de un fen\u00f3meno producido por la <strong>dispersi\u00f3n de la luz en las gotas de agua que forman la niebla<\/strong>. Existen muchas variantes del fen\u00f3meno, siendo especialmente asombroso el producido por <strong>siluetas de aviones<\/strong>.<\/p>\n<p><strong><a href=\"http:\/\/ram.meteored.com\/numero8\/Brocken.asp\" class=\"enlaces\">MeteoRed &#8211; Breve descripci\u00f3n del espectro de Brocken<\/a><\/strong><br \/>\n<strong><a href=\"http:\/\/www.flickr.com\/search\/?q=brocken%20spectre\" class=\"enlaces\">Fotograf\u00edas en Flickr sobre espectros de Brocken<\/a><\/strong><\/p>\n<p><img decoding=\"async\" src=\"http:\/\/farm3.static.flickr.com\/2242\/2176064718_884732c45d_o.jpg\" alt=\"img\" \/><br \/>\n<strong>Imagen<\/strong>: <a href=\"http:\/\/www.flickr.com\/photos\/36775022@N00\/98831249\/\">Cloudwender<\/a><\/p>\n<p><img decoding=\"async\" src=\"http:\/\/farm3.static.flickr.com\/2296\/2175273683_5aefea348b_o.jpg\" alt=\"img\" \/><br \/>\n<strong>Imagen<\/strong>: <a href=\"http:\/\/www.flickr.com\/photos\/9518453@N03\/674330089\/\">Bob the caretaker<\/a><\/p>\n<p><img decoding=\"async\" src=\"http:\/\/farm3.static.flickr.com\/2201\/2175273785_8d1eb230da_o.jpg\" alt=\"img\" \/><br \/>\n<strong>Imagen<\/strong>: <a href=\"http:\/\/www.flickr.com\/photos\/45504212@N00\/319292968\/\">Stratushead<\/a><\/p>\n","protected":false},"excerpt":{"rendered":"<div class=\"mh-excerpt\"><p>Una figura se mueve a lo lejos, evanescente, huidiza en medio de la neblina. \u00a1Espera! A su alrededor se ha formado un fulgor multicolor y fantasmal. \u00bfSer\u00e1 el Se\u00f1or Burns <a class=\"mh-excerpt-more\" href=\"https:\/\/alpoma.net\/tecob\/?p=816\" title=\"Espectros de Brocken\">[&#8230;]<\/a><\/p>\n<\/div>","protected":false},"author":1,"featured_media":11126,"comment_status":"open","ping_status":"open","sticky":false,"template":"","format":"standard","meta":{"jetpack_post_was_ever_published":false,"_jetpack_newsletter_access":"","_jetpack_dont_email_post_to_subs":false,"_jetpack_newsletter_tier_id":0,"_jetpack_memberships_contains_paywalled_content":false,"_jetpack_memberships_contains_paid_content":false,"footnotes":""},"categories":[5],"tags":[],"class_list":["post-816","post","type-post","status-publish","format-standard","has-post-thumbnail","hentry","category-geo"],"jetpack_featured_media_url":"https:\/\/alpoma.net\/tecob\/wp-content\/uploads\/2008\/01\/2176064718_884732c45d_o.jpg","jetpack_shortlink":"https:\/\/wp.me\/p93Dc1-da","jetpack-related-posts":[{"id":714,"url":"https:\/\/alpoma.net\/tecob\/?p=714","url_meta":{"origin":816,"position":0},"title":"Nunca digas nunca jam\u00e1s&#8230;","author":"alpoma","date":"27 abril 2007","format":false,"excerpt":"Me he encontrado con esta historia varias veces en los \u00faltimos a\u00f1os, pero no por ello deja de sorprenderme. Esta vez ha sido en las p\u00e1ginas del \u00faltimo libro de Richard Dawkins1, El espejismo de dios, al que, por cierto, dedicar\u00e9 un art\u00edculo pr\u00f3ximamente, si el tiempo y el \u00e1nimo\u2026","rel":"","context":"En \u00abObsolescencia\u00bb","block_context":{"text":"Obsolescencia","link":"https:\/\/alpoma.net\/tecob\/?cat=3"},"img":{"alt_text":"","src":"https:\/\/i0.wp.com\/alpoma.net\/tecob\/wp-content\/uploads\/2007\/04\/473909222_16244a9eff_m.jpg?resize=350%2C200&ssl=1","width":350,"height":200},"classes":[]},{"id":367,"url":"https:\/\/alpoma.net\/tecob\/?p=367","url_meta":{"origin":816,"position":1},"title":"Niebla asesina","author":"alpoma","date":"23 febrero 2006","format":false,"excerpt":"Con tan siniestro t\u00edtulo no me refiero a ninguna pel\u00edcula de terror ni nada similar, aunque terror\u00edfico fue lo que sucedi\u00f3, no se trata de ficci\u00f3n. Tradicionalmente se ha conocido como niebla asesina (killer fog), al per\u00edodo en que la \"niebla\" londinense se hizo m\u00e1s densa e insoportable. Hoy, en\u2026","rel":"","context":"En \u00abGeo\u00bb","block_context":{"text":"Geo","link":"https:\/\/alpoma.net\/tecob\/?cat=5"},"img":{"alt_text":"","src":"","width":0,"height":0},"classes":[]},{"id":12603,"url":"https:\/\/alpoma.net\/tecob\/?p=12603","url_meta":{"origin":816,"position":2},"title":"El elemento coronio y su pariente el geocoronio","author":"alpoma","date":"20 abril 2017","format":false,"excerpt":"En el largo proceso por el que se ha ido estableciendo la identidad de los elementos qu\u00edmicos, han aparecido en multitud de ocasiones errores de identificaci\u00f3n de todo tipo1. Por ejemplo, a partir de las observaciones del espectro luminoso de una nebulosa llevadas a cabo por el astr\u00f3nomo brit\u00e1nico William\u2026","rel":"","context":"En \u00abObsolescencia\u00bb","block_context":{"text":"Obsolescencia","link":"https:\/\/alpoma.net\/tecob\/?cat=3"},"img":{"alt_text":"","src":"https:\/\/i0.wp.com\/alpoma.net\/tecob\/wp-content\/uploads\/2017\/04\/corona2.png?resize=350%2C200&ssl=1","width":350,"height":200},"classes":[]},{"id":12386,"url":"https:\/\/alpoma.net\/tecob\/?p=12386","url_meta":{"origin":816,"position":3},"title":"[Libro] Las calculadoras de estrellas","author":"alpoma","date":"6 noviembre 2016","format":false,"excerpt":"Miguel A. Delgado lo ha vuelto a conseguir. Lo suyo parece un intento continuo por reivindicar figuras de la historia de la ciencia ca\u00eddas injustamente en el olvido, y ciertamente consigue su objetivo una y otra vez. Porque, si genial fue su recuperaci\u00f3n de Nikola Tesla a trav\u00e9s de varios\u2026","rel":"","context":"En \u00abPersonal\u00bb","block_context":{"text":"Personal","link":"https:\/\/alpoma.net\/tecob\/?cat=2"},"img":{"alt_text":"","src":"https:\/\/i0.wp.com\/alpoma.net\/tecob\/wp-content\/uploads\/2016\/11\/lib3281.png?resize=350%2C200&ssl=1","width":350,"height":200},"classes":[]},{"id":3227,"url":"https:\/\/alpoma.net\/tecob\/?p=3227","url_meta":{"origin":816,"position":4},"title":"Tres espectros de mujer y una semana ca\u00f3tica","author":"alpoma","date":"29 julio 2010","format":false,"excerpt":"Jueves por la noche, tras un atardecer algo irreal, casi ha terminado la semana y los feeds se acumulan de mala manera, formando pilas invisibles con amenza de ruina inminente. En la bandeja del correo electr\u00f3nico sucede algo similar, almac\u00e9n insondable. S\u00ed, ha sido una de esas semanas que pasan\u2026","rel":"","context":"En \u00abPersonal\u00bb","block_context":{"text":"Personal","link":"https:\/\/alpoma.net\/tecob\/?cat=2"},"img":{"alt_text":"Luise Rainer","src":"https:\/\/i0.wp.com\/alpoma.net\/tecob\/wp-content\/uploads\/2010\/07\/Luise_Rainer.jpg?resize=350%2C200&ssl=1","width":350,"height":200,"srcset":"https:\/\/i0.wp.com\/alpoma.net\/tecob\/wp-content\/uploads\/2010\/07\/Luise_Rainer.jpg?resize=350%2C200&ssl=1 1x, https:\/\/i0.wp.com\/alpoma.net\/tecob\/wp-content\/uploads\/2010\/07\/Luise_Rainer.jpg?resize=525%2C300&ssl=1 1.5x"},"classes":[]},{"id":312,"url":"https:\/\/alpoma.net\/tecob\/?p=312","url_meta":{"origin":816,"position":5},"title":"Pickering y su \u00abej\u00e9rcito\u00bb de astr\u00f3nomas","author":"alpoma","date":"12 enero 2006","format":false,"excerpt":"Edward Charles Pickering, nacido en 1846, se dedic\u00f3 a la astronom\u00eda en los Estados Unidos de finales de aquel sorprendente siglo XIX. A los treinta a\u00f1os fue elegido como director del Harvard College Observatory, manteni\u00e9ndose en el cargo durante m\u00e1s de cuatro d\u00e9cadas. Su trabajo m\u00e1s sobresaliente, y he aqu\u00ed\u2026","rel":"","context":"En \u00abInnovaci\u00f3n\u00bb","block_context":{"text":"Innovaci\u00f3n","link":"https:\/\/alpoma.net\/tecob\/?cat=4"},"img":{"alt_text":"","src":"","width":0,"height":0},"classes":[]}],"jetpack_sharing_enabled":true,"_links":{"self":[{"href":"https:\/\/alpoma.net\/tecob\/index.php?rest_route=\/wp\/v2\/posts\/816","targetHints":{"allow":["GET"]}}],"collection":[{"href":"https:\/\/alpoma.net\/tecob\/index.php?rest_route=\/wp\/v2\/posts"}],"about":[{"href":"https:\/\/alpoma.net\/tecob\/index.php?rest_route=\/wp\/v2\/types\/post"}],"author":[{"embeddable":true,"href":"https:\/\/alpoma.net\/tecob\/index.php?rest_route=\/wp\/v2\/users\/1"}],"replies":[{"embeddable":true,"href":"https:\/\/alpoma.net\/tecob\/index.php?rest_route=%2Fwp%2Fv2%2Fcomments&post=816"}],"version-history":[{"count":0,"href":"https:\/\/alpoma.net\/tecob\/index.php?rest_route=\/wp\/v2\/posts\/816\/revisions"}],"wp:featuredmedia":[{"embeddable":true,"href":"https:\/\/alpoma.net\/tecob\/index.php?rest_route=\/wp\/v2\/media\/11126"}],"wp:attachment":[{"href":"https:\/\/alpoma.net\/tecob\/index.php?rest_route=%2Fwp%2Fv2%2Fmedia&parent=816"}],"wp:term":[{"taxonomy":"category","embeddable":true,"href":"https:\/\/alpoma.net\/tecob\/index.php?rest_route=%2Fwp%2Fv2%2Fcategories&post=816"},{"taxonomy":"post_tag","embeddable":true,"href":"https:\/\/alpoma.net\/tecob\/index.php?rest_route=%2Fwp%2Fv2%2Ftags&post=816"}],"curies":[{"name":"wp","href":"https:\/\/api.w.org\/{rel}","templated":true}]}}