{"id":8141,"date":"2013-04-21T20:35:14","date_gmt":"2013-04-21T18:35:14","guid":{"rendered":"http:\/\/www.alpoma.net\/tecob\/?p=8141"},"modified":"2013-04-21T20:35:14","modified_gmt":"2013-04-21T18:35:14","slug":"a-vueltas-con-la-corriente-del-golfo-y-los-inviernos-en-europa","status":"publish","type":"post","link":"https:\/\/alpoma.net\/tecob\/?p=8141","title":{"rendered":"A vueltas con la corriente del Golfo y los inviernos en Europa"},"content":{"rendered":"<p>El <strong>21 de abril de 1513<\/strong>, hoy hace <strong>500 a\u00f1os<\/strong>, una flotilla de nav\u00edos espa\u00f1oles comandada por <strong>Ponce de Le\u00f3n<\/strong> navegaba por aguas atl\u00e1nticas cercanas a Florida. Tal y como qued\u00f3 registrado en el cuaderno de bitacora de la expedici\u00f3n, suced\u00eda algo extra\u00f1o. El viento era favorable para continuar la marcha pero, sin embargo, <strong>una fuerza desconocida imped\u00eda avanzar a los barcos<\/strong>. Esa fue la primera vez que en Europa se tuvo concimiento de la existencia de la <strong><a href=\"http:\/\/es.wikipedia.org\/wiki\/Corriente_del_Golfo\">corriente del Golfo<\/a><\/strong> aunque, claro est\u00e1, el descubrimiento tardar\u00eda todav\u00eda bastante en ser comprendido y nombrado de esa forma<sup>1<\/sup>.<\/p>\n<p><img loading=\"lazy\" decoding=\"async\" src=\"http:\/\/www.alpoma.net\/tecob\/wp-content\/uploads\/2013\/04\/Die_Gartenlaube_1885.jpg\" alt=\"Die_Gartenlaube_1885\" width=\"620\" height=\"597\" class=\"otros\" \/><br \/>\n<em><a href=\"http:\/\/commons.wikimedia.org\/wiki\/File:Die_Gartenlaube_%281885%29_b_635_1.jpg\">Mapa alem\u00e1n de la corriente del Golfo<\/a>, 1885.<\/em><\/p>\n<p>Desde el golfo de M\u00e9xico hacia el Atl\u00e1ntico norte, <strong>la corriente oce\u00e1nica del Golfo transporta una gigantesca masa de aguas c\u00e1lidas<\/strong>. Desde principios del siglo XX se viene considerando como algo obvio que <strong>esa corriente de aguas c\u00e1lidas desde \u00e1reas tropicales hasta las costas noroccidentales de Europa es la causante \u00fanica de que los inviernos europeos sean mucho m\u00e1s suaves que los que se viven en el nordeste de Am\u00e9rica<\/strong>. Casi es un dogma, pero como en ciencia no existe tal cosa, puede que haya llegado el momento de replantear un escenario que es obvio, por supuesto, pero que posiblemente no se ajuste por completo al mundo real.<!--more--><\/p>\n<p>Actualmente se cuenta con un gran arsenal de datos de sat\u00e9lite, sensores y modelos num\u00e9ricos clim\u00e1ticos y oce\u00e1nicos, aunque todav\u00eda queda mucho por hacer a la hora de comprender el funcionamiento real de la m\u00e1quina global del clima. \u00bfPuede explicar ese arsenal de informaci\u00f3n por qu\u00e9 los inviernos en el norte de Europa son m\u00e1s benignos que los de las mismas latitudes de Estados Unidos o Canad\u00e1? Es m\u00e1s, <strong>\u00bfla desaparici\u00f3n del hielo \u00e1rtico supondr\u00eda un freno a la corriente del Golfo?<\/strong> Este \u00faltimo punto, el de la detenci\u00f3n de la \u00abcinta transportadora\u00bb de la gran corriente como amenaza clim\u00e1tica para Europa tambi\u00e9n est\u00e1 empezando a matizarse porque, a fin de cuentas, la cuesti\u00f3n es endiabladamente compleja y las cosas nunca son tan sencillas como parec\u00edan<sup>2<\/sup>.<\/p>\n<p>La <strong>inmensa capacidad de almacenamiento y transporte de calor de los oc\u00e9anos<\/strong> puede hacernos pensar que estamos ante la raz\u00f3n de que en Canad\u00e1 lo pasen muy mal en el invierno, cuando en las mismas latitudes europeas el panorama es mucho m\u00e1s benigno. Lo mismo sucede, al contrario, con la costa oeste canadiense, con inviernos suaves comparados con los de la Rusia oriental, solo que all\u00ed el principal jugador ser\u00eda el oc\u00e9ano Pac\u00edfico. La idea viene de lejos. El ocean\u00f3grafo estadounidense <strong><a href=\"http:\/\/es.wikipedia.org\/wiki\/Matthew_Fontaine_Maury\">Matthew Fontaine Maury<\/a><\/strong> fue quien estableci\u00f3 la posible relaci\u00f3n entre las aguas c\u00e1lidas de la corriente del Golfo con los inviernos moderados en el norte europeo, a trav\u00e9s de una adici\u00f3n de calor a los vientos del oeste que circulan hacia nuestro continente. Tambi\u00e9n fue el primero en afirmar que, de cesar esa transferencia de calor, los vientos llegados a Europa ser\u00edan mucho m\u00e1s fr\u00edos y, por lo tanto, los inviernos pasar\u00edan a semejar a los del norte canadiense.<\/p>\n<p>Bien, est\u00e1 claro \u00bfno es as\u00ed? Pues parece que no lo es tanto o, la menos, habr\u00eda que matizar la teor\u00eda. En el n\u00famero de abril de <strong><a href=\"http:\/\/www.investigacionyciencia.es\/\">Investigaci\u00f3n y Ciencia<\/a><\/strong> acabo de leer un art\u00edculo de los ocean\u00f3grafos Stephen C. Riser y M. Susan Lozier en el que se recopilan los \u00faltimos modelos sobre la corriente del Golfo, muchos de las cuales ya hab\u00eda visto referidos en otras publicaciones anteriormente. Lo bueno del art\u00edculo es que muestra un panorama de conjunto sobre las tendencias en lo que a la investigaci\u00f3n clim\u00e1tica sobre la corriente del Golfo se refiere y lo que deja muy claro es que estamos lejos, muy lejos, de aclarar el problema por completo.  <\/p>\n<p>La pintura global que se dibuja sobre este asunto es mucho m\u00e1s compleja de lo que podr\u00eda pensarse en un principio. Por una parte, existen modelos clim\u00e1ticos que explican parte de las caracter\u00edsticas de los inviernos europeos sin que se necesite implicar a la corriente del Golfo. He ah\u00ed, por ejemplo, el modelo de <strong><a href=\"http:\/\/www.ldeo.columbia.edu\/res\/div\/ocp\/people\/seager\/\">Richard Seager<\/a><\/strong> y colaboradores, de la Universidad de Columbia, que estudia la influencia de la corriente en chorro atmosf\u00e9rica y su interacci\u00f3n con las<strong> monta\u00f1as Rocosas<\/strong>. Puede parecer incre\u00edble que algo que sucede en la vertical de las Rocosas pueda relacionarse con los inviernos europeos, pero la cosa tiene mucha miga. Todo en la m\u00e1quina clim\u00e1tica est\u00e1 interconectado, por lo que el modelo de Seager pudiera ser realmente ajustado a la realidad o, al menos, a parte de ella. Seg\u00fan Seager, las diferencias de temperatura a ambos lados del oc\u00e9ano se deber\u00edan a la distribuci\u00f3n de vientos, modificados por las Rocosas y al calor acumulado en las aguas atl\u00e1nticas cerca de la costa europea. Sin embargo, ese calor no podr\u00eda ser responsable de toda la moderaci\u00f3n en los inviernos europeos porque en el modelo falta energ\u00eda suficiente que, seg\u00fan otros autores, s\u00ed ser\u00eda entregada por la corriente del Golfo.<\/p>\n<p>Y as\u00ed estaban las cosas hasta hace dos a\u00f1os. Entonces, en 2011, los climat\u00f3logos <strong><a href=\"http:\/\/www.weizmann.ac.il\/eserpages\/kaspi\/\">Yohai Kaspi<\/a><\/strong> y <strong><a href=\"http:\/\/www.clidyn.ethz.ch\/\">Tapio Schneider<\/a><\/strong> publicaron varios estudios sobre modelos num\u00e9ricos de la atm\u00f3sfera y el oc\u00e9ano. Para ellos, el n\u00facleo del problema est\u00e1r\u00eda en la<strong> presi\u00f3n atmosf\u00e9rica<\/strong>. La corriente del Golfo seguir\u00eda siendo muy importante, pues el calor liberado a lo largo de su recorrido generar\u00eda un sistema estacionario de altas presiones sobre la costa este norteamericana y otro de bajas presiones en medio del Atl\u00e1ntico norte. As\u00ed, los vientos c\u00e1lidos quedar\u00edan encauzados hacia Europa y los fr\u00edos hacia Norteam\u00e9rica.<\/p>\n<p>As\u00ed que, a d\u00eda de hoy, tenemos varios ingredientes en el problema de los inviernos suaves en Europa. Est\u00e1 la idea cl\u00e1sica del efecto moderador de la corriente del Golfo, la idea de que lo m\u00e1s importante son los vientos del oeste y el asunto de los sistemas de altas y bajas presiones. Y ah\u00ed es donde est\u00e1 el nudo de esta trama, en <strong>distinguir qu\u00e9 ingrediente es el m\u00e1s importante<\/strong>. Las<strong> simulaciones num\u00e9ricas <\/strong>actuales ofrecen demasiada <strong>incertidumbre<\/strong> como para poder, ahora mismo, establecer una primac\u00eda sobre tal o cual aspecto de entre los mencionados. La acumulaci\u00f3n de datos clim\u00e1ticos procedentes de sensores est\u00e1 comenzando a dar sus frutos y las simulaciones est\u00e1n mejorando pero, tal y como se afirma en el art\u00edculo citado, <strong>la importancia real de la corriente del Golfo y del resto de elementos presentes en el complejo mosaico clim\u00e1tico global no se podr\u00e1 determinar con cierto grado de seguridad hasta al menos dentro de una d\u00e9cada<\/strong>.<br \/>\n____________<br \/>\n<sup>1<\/sup> Ver RAM, <a href=\"http:\/\/www.tiempo.com\/ram\/32994\/500-anos-del-descubrimiento-de-la-corriente-del-golfo\/\">500 a\u00f1os del descubrimiento de la corriente del Golfo<\/a>.<br \/>\n<sup>2<\/sup> Lectura recomendada: <em>La corriente del Golfo y el invierno europeo<\/em>. Investigaci\u00f3n y Ciencia, abril de 2013.<\/p>\n","protected":false},"excerpt":{"rendered":"<div class=\"mh-excerpt\"><p>El 21 de abril de 1513, hoy hace 500 a\u00f1os, una flotilla de nav\u00edos espa\u00f1oles comandada por Ponce de Le\u00f3n navegaba por aguas atl\u00e1nticas cercanas a Florida. Tal y como <a class=\"mh-excerpt-more\" href=\"https:\/\/alpoma.net\/tecob\/?p=8141\" title=\"A vueltas con la corriente del Golfo y los inviernos en Europa\">[&#8230;]<\/a><\/p>\n<\/div>","protected":false},"author":1,"featured_media":8145,"comment_status":"open","ping_status":"open","sticky":false,"template":"","format":"standard","meta":{"jetpack_post_was_ever_published":false,"_jetpack_newsletter_access":"","_jetpack_dont_email_post_to_subs":false,"_jetpack_newsletter_tier_id":0,"_jetpack_memberships_contains_paywalled_content":false,"_jetpack_memberships_contains_paid_content":false,"footnotes":""},"categories":[8],"tags":[],"class_list":["post-8141","post","type-post","status-publish","format-standard","has-post-thumbnail","hentry","category-clima"],"jetpack_featured_media_url":"https:\/\/alpoma.net\/tecob\/wp-content\/uploads\/2013\/04\/Die_Gartenlaube_1885.jpg","jetpack_shortlink":"https:\/\/wp.me\/p93Dc1-27j","jetpack-related-posts":[{"id":1187,"url":"https:\/\/alpoma.net\/tecob\/?p=1187","url_meta":{"origin":8141,"position":0},"title":"Los cazadores de Glorias","author":"alpoma","date":"3 agosto 2009","format":false,"excerpt":"Con menos de doscientas almas habitando en su seno, el pueblecito de Burketown no guarda grandes atractivos que hagan sobresalir a ese rinc\u00f3n de Queensland sobre cualquier otro lugar del planeta. Pero eso \u00fanicamente es a primera vista, porque un mont\u00f3n de casas de madera aisladas en una llanura pantanosa\u2026","rel":"","context":"En \u00abGeo\u00bb","block_context":{"text":"Geo","link":"https:\/\/alpoma.net\/tecob\/?cat=5"},"img":{"alt_text":"","src":"https:\/\/i0.wp.com\/alpoma.net\/tecob\/wp-content\/uploads\/2009\/08\/3785323612_7a6d7cc808_o.jpg?resize=350%2C200&ssl=1","width":350,"height":200,"srcset":"https:\/\/i0.wp.com\/alpoma.net\/tecob\/wp-content\/uploads\/2009\/08\/3785323612_7a6d7cc808_o.jpg?resize=350%2C200&ssl=1 1x, https:\/\/i0.wp.com\/alpoma.net\/tecob\/wp-content\/uploads\/2009\/08\/3785323612_7a6d7cc808_o.jpg?resize=525%2C300&ssl=1 1.5x"},"classes":[]},{"id":12185,"url":"https:\/\/alpoma.net\/tecob\/?p=12185","url_meta":{"origin":8141,"position":1},"title":"La vida de Nikola Tesla en c\u00f3mic","author":"alpoma","date":"10 julio 2016","format":false,"excerpt":"Hoy, 10 de julio de 2016, se cumplen 160 a\u00f1os del nacimiento del gran Nikola Tesla. Para celebrar tan brillante fecha, he rescatado y adaptado libremente esta historia gr\u00e1fica de Gardner Soule, publicada originalmente en julio de 1956 en Popular Science... Noche del 9 al 10 de julio de 1856,\u2026","rel":"","context":"En \u00abObsolescencia\u00bb","block_context":{"text":"Obsolescencia","link":"https:\/\/alpoma.net\/tecob\/?cat=3"},"img":{"alt_text":"","src":"https:\/\/i0.wp.com\/alpoma.net\/tecob\/wp-content\/uploads\/2016\/07\/12.png?resize=350%2C200&ssl=1","width":350,"height":200},"classes":[]},{"id":1199,"url":"https:\/\/alpoma.net\/tecob\/?p=1199","url_meta":{"origin":8141,"position":2},"title":"Los cazadores de glorias (y II)","author":"alpoma","date":"24 agosto 2009","format":false,"excerpt":"Hoy, APOD, Astronomy Picture of the Day, ha publicado una imagen de Mick Petroff (bajo licencia Creative Commons) que sirve de complemento perfecto al art\u00edculo que sobre las nubes conocidas como glorias matutinas publiqu\u00e9 aqu\u00ed hace unos d\u00edas. En este caso, tres imponentes cilindros dan vida a una gloria kilom\u00e9trica\u2026","rel":"","context":"En \u00abGeo\u00bb","block_context":{"text":"Geo","link":"https:\/\/alpoma.net\/tecob\/?cat=5"},"img":{"alt_text":"","src":"https:\/\/i0.wp.com\/alpoma.net\/tecob\/wp-content\/uploads\/2009\/08\/3853269218_cfeede8afb_o.jpg?resize=350%2C200&ssl=1","width":350,"height":200,"srcset":"https:\/\/i0.wp.com\/alpoma.net\/tecob\/wp-content\/uploads\/2009\/08\/3853269218_cfeede8afb_o.jpg?resize=350%2C200&ssl=1 1x, https:\/\/i0.wp.com\/alpoma.net\/tecob\/wp-content\/uploads\/2009\/08\/3853269218_cfeede8afb_o.jpg?resize=525%2C300&ssl=1 1.5x"},"classes":[]},{"id":11619,"url":"https:\/\/alpoma.net\/tecob\/?p=11619","url_meta":{"origin":8141,"position":3},"title":"De gimnotos, caballos y el fluido vital el\u00e9ctrico","author":"alpoma","date":"18 septiembre 2015","format":false,"excerpt":"Comentaba Alexander von Humboldt que, durante su gran viaje por Am\u00e9rica del Sur, en los albores del siglo XIX, pocas cosas le hab\u00edan impresionado m\u00e1s que las vivencias relacionadas con ciertos peces el\u00e9ctricos. Se trataba de una clase de gimnoto, especie de remedo de \"anguila el\u00e9ctrica\", salvando las distancias, capaz\u2026","rel":"","context":"En \u00abObsolescencia\u00bb","block_context":{"text":"Obsolescencia","link":"https:\/\/alpoma.net\/tecob\/?cat=3"},"img":{"alt_text":"","src":"https:\/\/i0.wp.com\/alpoma.net\/tecob\/wp-content\/uploads\/2015\/09\/gimnoto.jpg?resize=350%2C200&ssl=1","width":350,"height":200},"classes":[]},{"id":8998,"url":"https:\/\/alpoma.net\/tecob\/?p=8998","url_meta":{"origin":8141,"position":4},"title":"La velocidad de los electrones en los conductores no es la de la luz&#8230; \u00a1ni se acerca!","author":"alpoma","date":"28 abril 2014","format":false,"excerpt":"Una reciente conversaci\u00f3n me ha llevado a rescatar este texto que, desde que lo conoc\u00ed, me pareci\u00f3 una de las explicaciones did\u00e1cticas m\u00e1s interesantes que sobre este asunto hab\u00eda le\u00eddo. En dicha conversaci\u00f3n surgi\u00f3 el tema de la \"velocidad de la electricidad en un conductor\" o, para ser m\u00e1s precisos,\u2026","rel":"","context":"En \u00abObsolescencia\u00bb","block_context":{"text":"Obsolescencia","link":"https:\/\/alpoma.net\/tecob\/?cat=3"},"img":{"alt_text":"alpoma_electricidad_25951276","src":"https:\/\/i0.wp.com\/www.alpoma.net\/tecob\/wp-content\/uploads\/2014\/04\/alpoma_electricidad_25951276.jpg?resize=350%2C200","width":350,"height":200},"classes":[]},{"id":14845,"url":"https:\/\/alpoma.net\/tecob\/?p=14845","url_meta":{"origin":8141,"position":5},"title":"Atlantropa y el mar del S\u00e1hara","author":"alpoma","date":"7 diciembre 2019","format":false,"excerpt":"He tratado en anteriores ocasiones este asunto (algunas se remontan incluso al a\u00f1o 2005), pero vuelve de nuevo a TecOb debido al reciente art\u00edculo (noviembre 2019) que publiqu\u00e9 sobre ello en la revista Historia de Espa\u00f1a y el Mundo. Esta es la versi\u00f3n para TecOb de ese art\u00edculo. Ingenier\u00eda a\u2026","rel":"","context":"En \u00abObsolescencia\u00bb","block_context":{"text":"Obsolescencia","link":"https:\/\/alpoma.net\/tecob\/?cat=3"},"img":{"alt_text":"Herman S\u00f6rgel","src":"https:\/\/i0.wp.com\/alpoma.net\/tecob\/wp-content\/uploads\/2019\/12\/1.jpg?resize=350%2C200&ssl=1","width":350,"height":200,"srcset":"https:\/\/i0.wp.com\/alpoma.net\/tecob\/wp-content\/uploads\/2019\/12\/1.jpg?resize=350%2C200&ssl=1 1x, https:\/\/i0.wp.com\/alpoma.net\/tecob\/wp-content\/uploads\/2019\/12\/1.jpg?resize=525%2C300&ssl=1 1.5x, https:\/\/i0.wp.com\/alpoma.net\/tecob\/wp-content\/uploads\/2019\/12\/1.jpg?resize=700%2C400&ssl=1 2x"},"classes":[]}],"jetpack_sharing_enabled":true,"_links":{"self":[{"href":"https:\/\/alpoma.net\/tecob\/index.php?rest_route=\/wp\/v2\/posts\/8141","targetHints":{"allow":["GET"]}}],"collection":[{"href":"https:\/\/alpoma.net\/tecob\/index.php?rest_route=\/wp\/v2\/posts"}],"about":[{"href":"https:\/\/alpoma.net\/tecob\/index.php?rest_route=\/wp\/v2\/types\/post"}],"author":[{"embeddable":true,"href":"https:\/\/alpoma.net\/tecob\/index.php?rest_route=\/wp\/v2\/users\/1"}],"replies":[{"embeddable":true,"href":"https:\/\/alpoma.net\/tecob\/index.php?rest_route=%2Fwp%2Fv2%2Fcomments&post=8141"}],"version-history":[{"count":0,"href":"https:\/\/alpoma.net\/tecob\/index.php?rest_route=\/wp\/v2\/posts\/8141\/revisions"}],"wp:featuredmedia":[{"embeddable":true,"href":"https:\/\/alpoma.net\/tecob\/index.php?rest_route=\/wp\/v2\/media\/8145"}],"wp:attachment":[{"href":"https:\/\/alpoma.net\/tecob\/index.php?rest_route=%2Fwp%2Fv2%2Fmedia&parent=8141"}],"wp:term":[{"taxonomy":"category","embeddable":true,"href":"https:\/\/alpoma.net\/tecob\/index.php?rest_route=%2Fwp%2Fv2%2Fcategories&post=8141"},{"taxonomy":"post_tag","embeddable":true,"href":"https:\/\/alpoma.net\/tecob\/index.php?rest_route=%2Fwp%2Fv2%2Ftags&post=8141"}],"curies":[{"name":"wp","href":"https:\/\/api.w.org\/{rel}","templated":true}]}}