{"id":8123,"date":"2013-04-18T18:18:41","date_gmt":"2013-04-18T16:18:41","guid":{"rendered":"http:\/\/www.alpoma.net\/tecob\/?p=8123"},"modified":"2013-04-18T18:18:41","modified_gmt":"2013-04-18T16:18:41","slug":"el-fotoelectrografo-de-thomas-un-escaner-ocr-para-ciegos-en-1930","status":"publish","type":"post","link":"https:\/\/alpoma.net\/tecob\/?p=8123","title":{"rendered":"El fotoelectr\u00f3grafo de Thomas, un \u00abesc\u00e1ner OCR\u00bb para ciegos en 1930"},"content":{"rendered":"<p>Por el nombre de <strong><a href=\"http:\/\/www.nosolousabilidad.com\/articulos\/tiflotecnologia.htm\">tiflotecnolog\u00eda<\/a><\/strong> se conoce a las t\u00e9cnicas que permiten a los ciegos o a las personas con problemas severos de visi\u00f3n el acercamiento, por ejemplo, a ordenadores, por medio de m\u00e1quinas convenientemente adaptadas. No es algo nuevo porque ya a principios del siglo XX se comercializaban m\u00e1quinas de escribir en Braille. Con el paso de los a\u00f1os aparecieron aparatos mucho m\u00e1s sofisticados, como el <em>Optacon<\/em>, de finales de los setenta, dotado con una peque\u00f1a c\u00e1mara que permit\u00eda, por medio del tacto, identificar textos e im\u00e1genes. Hoy d\u00eda la tiflotecnolog\u00eda ofrece una gran cantidad de aparatos y t\u00e9cnicas de todo tipo pero, hoy, quiero desviar la atenci\u00f3n a cierto aparato que durante algunos a\u00f1os de la primera mitad del siglo XX llam\u00f3 mucho la atenci\u00f3n pero que, al parecer, no tuvo el \u00e9xito que se esperaba. Se trata del <strong>fotoelectr\u00f3grafo<\/strong> de Thomas.<\/p>\n<p>Bien, cuando en el t\u00edtulo menciono lo de \u00abesc\u00e1ner OCR\u00bb<sup>1<\/sup> debe entenderse como una peque\u00f1a licencia. A fin de cuentas, el fotoelectr\u00f3grafo no era una m\u00e1quina digital, ni mucho menos, pero s\u00ed <strong>ten\u00eda la pretensi\u00f3n de traducir lo impreso en el papel a un medio adecuado para que los ciegos leyeran de forma directa<\/strong>, ya fuera un libro o un peri\u00f3dico<sup>2<\/sup>. Veamos qu\u00e9 se dec\u00eda en la prensa de la \u00e9poca sobre tan sorprendente aparato adelantado a su tiempo<sup>3<\/sup>.<\/p>\n<p><img decoding=\"async\" src=\"http:\/\/www.alpoma.com\/images_tecob\/thomas_1.jpg\" class=\"otros\"\/><br \/>\n<em>El fotoelectr\u00f3grafo de Thomas y esquema del mismo.<\/em><\/p>\n<p>El fotoelectr\u00f3grafo recibi\u00f3 mucha atenci\u00f3n en la prensa a lo largo de los a\u00f1os treinta del siglo pasado. Sin embargo, la informaci\u00f3n clara que puede extraerse de entre lo que puede encontrarse publicado no es mucha. Por ejemplo, el inventor del aparato no es identificado m\u00e1s que como<strong> M. Thomas<\/strong> (Lo de M. no s\u00e9 si era por su la inicial de su nombre o por <em>Monsieur<\/em>, se\u00f1or, en franc\u00e9s), lo que no sirve para ir muy lejos cuando se pretende averiguar algo sobre su vida. <\/p>\n<p>El tal Thomas<strong> era un tanto enigm\u00e1tico<\/strong>. De su m\u00e1quina se hablaba en media Europa y en Am\u00e9rica, pero pocos hab\u00edan visto funcionar el aparato aunque, los que lograron acceder a alguno de los prototipos se mostraron admirados. Se cuenta que se fabricaron m\u00e1quinas de prueba para dos tipos distintos de conversi\u00f3n de texto. Uno para leer letra impresa convencional, el otro epecialmente adaptado para Braille. Bien, lo que aqu\u00ed nos interesa es conocer algo sobre la tecnolog\u00eda que empleaba la m\u00e1quina, que era capaz, al menos en teor\u00eda, de traducir letra impresa a un sistema t\u00e1ctil muy particular para ciegos. <\/p>\n<p><img decoding=\"async\" src=\"http:\/\/www.alpoma.com\/images_tecob\/thomas_2.jpg\" class=\"otros\"\/><br \/>\n<em>Receptor en el que las letras iluminadas en el papel aparec\u00edan en relieve.<\/em><\/p>\n<p>El propio M. Thomas sol\u00eda afirmar en los encuentros p\u00fablicos que realiz\u00f3 para presentar su m\u00e1quina que <strong>la idea hab\u00eda surgido en 1914<\/strong>. Fue al comienzo de la Gran Guerra, har\u00e1 dentro de poco un siglo, cuando Thomas fue herido en combate, perdiendo temporalmente la vista. En los seis meses que estuvo ciego <strong>concibi\u00f3 mentalmente un aparato que le permitiera leer<\/strong>, ya que pensaba que su nueva condici\u00f3n ser\u00eda permanente. No fue as\u00ed, recuper\u00f3 la vista, pero aquella idea se convirti\u00f3 en una obsesi\u00f3n y, junto a su mujer y un amigo, hizo todo lo posible para llevar el sue\u00f1o a la realidad. El desarrollo del fotoelectr\u00f3grafo llev\u00f3 m\u00e1s de una d\u00e9cada hasta que a principios de la d\u00e9cadas de los treinta la prensa comenz\u00f3 a difundir la existencia del aparato.<\/p>\n<p>\u00bfEn qu\u00e9 consist\u00eda el fotoelectr\u00f3grafo? En palabras del propio inventor&#8230;<\/p>\n<blockquote><p>&#8230;tiene la forma de una mesa de escritorio. El texto que se ha de leer est\u00e1 colocado sobre un carro f\u00e1cilmente movible y se encuentra espl\u00e9ndidamente alumbrado por un proyector de luz especial; el ciego, con su mano izquierda, da vueltas a una manivela que hace introducir las l\u00edneas de escritura sobre el proyector. A medida que los rayos luminosos hieren a las letras en negros, se van convirtiendo \u00e9stas en letras de realce, las cuales pasan a un receptor sobre el cual pone el ciego el \u00edndice de la mano derecha para leer toda la escritura que se ha reproducido en relieve. Este aparato es tan d\u00f3cil que se atempera a la destreza del ciego y transforma inmediatamente la escritura en relieve, la que se tacta sin necesidad de intermediario. Reproduce este aparato de una manera fiel, no s\u00f3lo las letras latinas, sino todos los caracteres, cualesquiera que sea su forma: el griego, el ruso, las cifras, el Braille, Wait, Abreu, Moon, etc&#8230;<\/p><\/blockquote>\n<p>Mmmmm, t\u00e9cnicamente no es mucho decir. Revisando otros art\u00edculos de la \u00e9poca se puede obtener una idea m\u00e1s aproximada sobre c\u00f3mo funcionaba el artilugio. <\/p>\n<p><img decoding=\"async\" src=\"http:\/\/www.alpoma.com\/images_tecob\/thomas_3.jpg\" class=\"otros\"\/><br \/>\n<em>El fotoelectr\u00f3grafo en funcionamiento.<\/em><\/p>\n<p>La m\u00e1quina estaba dotada de dos \u00e1reas separadas. Por una parte, el <strong>dispositivo de captura<\/strong>, a modo de atril sobre el que se fijaba un libro, peri\u00f3dico o texto impreso. La calidad de impresi\u00f3n deb\u00eda ser buena, pues el contraste entre la tinta negra del texto y el color del papel era vital. El texto se iluminaba con una l\u00e1mpara y, sobre \u00e9l, iba pas\u00e1ndose <strong>una especie de cabeza lectora con 42 peque\u00f1as c\u00e9lulas fotoel\u00e9ctricas<\/strong> y un<strong> juego de lentes<\/strong> que convert\u00eda las manchas de tinta en formas t\u00e1ctiles en la otra parte de la m\u00e1quina, que era algo as\u00ed como<strong> una impresora de formas en relieve<\/strong>. Dicho de otro modo, el ingenioso aparato enfocaba sobre cada mancha de texto y, dependiendo de si la se\u00f1al que llegaba de cada una de las c\u00e9lulas era mayor o menor, si hab\u00edan captado tinta o papel, se reproduc\u00eda en la m\u00e1quina t\u00e1ctil un hueco o un relieve con un sistema de varillas accionadas por electroimanes. As\u00ed, las variaciones en la corriente el\u00e9ctrica que llegaba al generador de formas desde las c\u00e9lulas fotoel\u00e9ctricas iba creando todo un paisaje en relieve que reproduc\u00eda lo que en forma de manchas de tinta estaba plasmado en el papel. <\/p>\n<p>______________<br \/>\n<sup>1<\/sup> Reconocimiento \u00f3ptico de caracteres.<br \/>\n<sup>2<\/sup> Otra m\u00e1quina de la \u00e9poca, de principios de los a\u00f1os 30, llamada <em>Visagraph<\/em> cumpl\u00eda al parecer una funci\u00f3n similar, pero todav\u00eda estoy sobre su pista por lo que he preferido no mezclar las dos m\u00e1quinas en un mismo post, aunque posiblemente est\u00e9n muy relacionadas.<br \/>\n<sup>3<\/sup> Fuentes consultadas:<\/p>\n<ul>\n<li><em>Ric et Rac: grand hebdomadaire pour tous<\/em>. Edici\u00f3n del 27 de febrero de 1932, p\u00e1gina 155. Biblioth\u00e8que nationale de France.<\/li>\n<li><em>Le Monde illustr\u00e9<\/em>. Edici\u00f3n del 23 de julio de 1934. P\u00e1gina 513. Biblioth\u00e8que nationale de France.<\/li>\n<li><em>La Nature<\/em>. Primer semestre de 1932, p\u00e1ginas 208-210. CNAM.<\/li>\n<li><em>Bolet\u00edn oficial del centro instructivo y protector de ciegos<\/em>. Febrero de 1932, p\u00e1ginas 1-4. Biblioteca Nacional de Espa\u00f1a.<\/li>\n<li><em>Bolet\u00edn oficial del centro instructivo y protector de ciegos<\/em>. Marzo de 1932, p\u00e1ginas 3-6. Biblioteca Nacional de Espa\u00f1a.<\/li>\n<li><em>Algo<\/em>. Edici\u00f3n del 5 de marzo de 1932, p\u00e1gina 8. Biblioteca Nacional de Espa\u00f1a.<\/li>\n<li><em>Heraldo de Madrid<\/em>. Edici\u00f3n del 9 de febrero de 1933, p\u00e1gina 12. Biblioteca Nacional de Espa\u00f1a.<\/li>\n<\/ul>\n","protected":false},"excerpt":{"rendered":"<div class=\"mh-excerpt\"><p>Por el nombre de tiflotecnolog\u00eda se conoce a las t\u00e9cnicas que permiten a los ciegos o a las personas con problemas severos de visi\u00f3n el acercamiento, por ejemplo, a ordenadores, <a class=\"mh-excerpt-more\" href=\"https:\/\/alpoma.net\/tecob\/?p=8123\" title=\"El fotoelectr\u00f3grafo de Thomas, un \u00abesc\u00e1ner OCR\u00bb para ciegos en 1930\">[&#8230;]<\/a><\/p>\n<\/div>","protected":false},"author":1,"featured_media":10932,"comment_status":"open","ping_status":"open","sticky":false,"template":"","format":"standard","meta":{"jetpack_post_was_ever_published":false,"_jetpack_newsletter_access":"","_jetpack_dont_email_post_to_subs":false,"_jetpack_newsletter_tier_id":0,"_jetpack_memberships_contains_paywalled_content":false,"_jetpack_memberships_contains_paid_content":false,"footnotes":""},"categories":[3],"tags":[],"class_list":["post-8123","post","type-post","status-publish","format-standard","has-post-thumbnail","hentry","category-obsolescencia"],"jetpack_featured_media_url":"https:\/\/alpoma.net\/tecob\/wp-content\/uploads\/2013\/04\/thomas_1.jpg","jetpack_shortlink":"https:\/\/wp.me\/p93Dc1-271","jetpack-related-posts":[{"id":5832,"url":"https:\/\/alpoma.net\/tecob\/?p=5832","url_meta":{"origin":8123,"position":0},"title":"Y el pl\u00e1stico pudo con la sangre&#8230;","author":"alpoma","date":"21 diciembre 2011","format":false,"excerpt":"Saltemos en el tiempo y en el espacio, vamos a visitar un lugar con cierto encanto decadente. Hemos llegado a una mansi\u00f3n construida al modo victoriano, nos hallamos en la costa este de los Estados Unidos a principios del siglo XX. En el interior de la gran casa, decorada con\u2026","rel":"","context":"En \u00abObsolescencia\u00bb","block_context":{"text":"Obsolescencia","link":"https:\/\/alpoma.net\/tecob\/?cat=3"},"img":{"alt_text":"hemacite","src":"https:\/\/i0.wp.com\/farm8.staticflickr.com\/7008\/6545952375_0c1ebf65b4.jpg?resize=350%2C200","width":350,"height":200},"classes":[]},{"id":972,"url":"https:\/\/alpoma.net\/tecob\/?p=972","url_meta":{"origin":8123,"position":1},"title":"Verne","author":"alpoma","date":"25 agosto 2008","format":false,"excerpt":"Julio Verne, un nombre que resuena de generaci\u00f3n en generaci\u00f3n como sin\u00f3nimo de... \u00bfqu\u00e9? Sin llegar al extremo de dar la raz\u00f3n por completo a algunos de sus bi\u00f3grafos, que son rotundos afirmando que entre malos editores y p\u00e9simas pel\u00edculas han cambiado por completo el esp\u00edritu de la obra de\u2026","rel":"","context":"En \u00abObsolescencia\u00bb","block_context":{"text":"Obsolescencia","link":"https:\/\/alpoma.net\/tecob\/?cat=3"},"img":{"alt_text":"","src":"https:\/\/i0.wp.com\/alpoma.net\/tecob\/wp-content\/uploads\/2008\/08\/2796644799_fa49d47e76_m.jpg?resize=350%2C200&ssl=1","width":350,"height":200},"classes":[]},{"id":326,"url":"https:\/\/alpoma.net\/tecob\/?p=326","url_meta":{"origin":8123,"position":2},"title":"El monje volador y otros \u00abprevuelos\u00bb","author":"alpoma","date":"23 enero 2006","format":false,"excerpt":"Bien, hay quien me va a llamar pesado, pero no se preocupen, la lista de \"prevoladores\" termina, m\u00e1s o menos en este post. Ya aparecer\u00e1 alguno m\u00e1s, pero tardar\u00e1... Tras la historia de Abbas Ibn Firnas o la de Diego Mar\u00edn, habr\u00e1 quedado claro que no fueron los Hermanos Wright\u2026","rel":"","context":"En \u00abObsolescencia\u00bb","block_context":{"text":"Obsolescencia","link":"https:\/\/alpoma.net\/tecob\/?cat=3"},"img":{"alt_text":"","src":"","width":0,"height":0},"classes":[]},{"id":1172,"url":"https:\/\/alpoma.net\/tecob\/?p=1172","url_meta":{"origin":8123,"position":3},"title":"La Torre C\u00e1psula en peligro","author":"alpoma","date":"12 julio 2009","format":false,"excerpt":"Llamaba la atenci\u00f3n hace poco sobre este asunto el New York Times. La pregunta es: \u00bfqu\u00e9 debe poseer un edificio para que sea considerado como bien cultural y, as\u00ed, ser salvado de la demolici\u00f3n? La cuesti\u00f3n es especialmente grave cuando nos enfrentamos a edificios de la segunda mitad del siglo\u2026","rel":"","context":"En \u00abObsolescencia\u00bb","block_context":{"text":"Obsolescencia","link":"https:\/\/alpoma.net\/tecob\/?cat=3"},"img":{"alt_text":"","src":"https:\/\/i0.wp.com\/alpoma.net\/tecob\/wp-content\/uploads\/2009\/07\/3712457297_1a5b7171ae_o.jpg?resize=350%2C200&ssl=1","width":350,"height":200,"srcset":"https:\/\/i0.wp.com\/alpoma.net\/tecob\/wp-content\/uploads\/2009\/07\/3712457297_1a5b7171ae_o.jpg?resize=350%2C200&ssl=1 1x, https:\/\/i0.wp.com\/alpoma.net\/tecob\/wp-content\/uploads\/2009\/07\/3712457297_1a5b7171ae_o.jpg?resize=525%2C300&ssl=1 1.5x"},"classes":[]},{"id":8052,"url":"https:\/\/alpoma.net\/tecob\/?p=8052","url_meta":{"origin":8123,"position":4},"title":"El Laboratorio El\u00e9ctrico de M\u00f3nico S\u00e1nchez","author":"alpoma","date":"1 abril 2013","format":false,"excerpt":"Este post corresponde a una versi\u00f3n reducida del art\u00edculo que publiqu\u00e9 en la revista Historia de Iberia Vieja en su edici\u00f3n correspondiente al mes de abril de 2013. Una de las notas m\u00e1s simp\u00e1ticamente interesantes de la actual Exposici\u00f3n de Medicina e Higiene es la presencia en ella del maravilloso\u2026","rel":"","context":"En \u00abMade in Spain\u00bb","block_context":{"text":"Made in Spain","link":"https:\/\/alpoma.net\/tecob\/?cat=10"},"img":{"alt_text":"monico_sanchez_2","src":"https:\/\/i0.wp.com\/farm9.staticflickr.com\/8384\/8605906331_7db2561641_m.jpg?resize=350%2C200","width":350,"height":200},"classes":[]},{"id":14951,"url":"https:\/\/alpoma.net\/tecob\/?p=14951","url_meta":{"origin":8123,"position":5},"title":"Maelzel, el inventor de cabecera de Beethoven","author":"alpoma","date":"12 marzo 2020","format":false,"excerpt":"Con obediente confianza se aplic\u00f3 Beethoven a seguir las varias prescripciones de los m\u00e9dicos que iba consultando [sin mejor\u00eda alguna] (\u2026) Desilusionado, descorazonado, tuvo que llegar a interponer entre \u00e9l y el mundo aquellas trompetillas ac\u00fasticas de diferentes formas que le constru\u00eda Maelzel, el inventor del metr\u00f3nomo. Y, al fin,\u2026","rel":"","context":"En \u00abM\u00fasica\u00bb","block_context":{"text":"M\u00fasica","link":"https:\/\/alpoma.net\/tecob\/?cat=42"},"img":{"alt_text":"","src":"https:\/\/i0.wp.com\/alpoma.net\/tecob\/wp-content\/uploads\/2020\/03\/Orquestri%C3%B3n.jpg?resize=350%2C200&ssl=1","width":350,"height":200,"srcset":"https:\/\/i0.wp.com\/alpoma.net\/tecob\/wp-content\/uploads\/2020\/03\/Orquestri%C3%B3n.jpg?resize=350%2C200&ssl=1 1x, https:\/\/i0.wp.com\/alpoma.net\/tecob\/wp-content\/uploads\/2020\/03\/Orquestri%C3%B3n.jpg?resize=525%2C300&ssl=1 1.5x, https:\/\/i0.wp.com\/alpoma.net\/tecob\/wp-content\/uploads\/2020\/03\/Orquestri%C3%B3n.jpg?resize=700%2C400&ssl=1 2x, https:\/\/i0.wp.com\/alpoma.net\/tecob\/wp-content\/uploads\/2020\/03\/Orquestri%C3%B3n.jpg?resize=1050%2C600&ssl=1 3x, https:\/\/i0.wp.com\/alpoma.net\/tecob\/wp-content\/uploads\/2020\/03\/Orquestri%C3%B3n.jpg?resize=1400%2C800&ssl=1 4x"},"classes":[]}],"jetpack_sharing_enabled":true,"_links":{"self":[{"href":"https:\/\/alpoma.net\/tecob\/index.php?rest_route=\/wp\/v2\/posts\/8123","targetHints":{"allow":["GET"]}}],"collection":[{"href":"https:\/\/alpoma.net\/tecob\/index.php?rest_route=\/wp\/v2\/posts"}],"about":[{"href":"https:\/\/alpoma.net\/tecob\/index.php?rest_route=\/wp\/v2\/types\/post"}],"author":[{"embeddable":true,"href":"https:\/\/alpoma.net\/tecob\/index.php?rest_route=\/wp\/v2\/users\/1"}],"replies":[{"embeddable":true,"href":"https:\/\/alpoma.net\/tecob\/index.php?rest_route=%2Fwp%2Fv2%2Fcomments&post=8123"}],"version-history":[{"count":0,"href":"https:\/\/alpoma.net\/tecob\/index.php?rest_route=\/wp\/v2\/posts\/8123\/revisions"}],"wp:featuredmedia":[{"embeddable":true,"href":"https:\/\/alpoma.net\/tecob\/index.php?rest_route=\/wp\/v2\/media\/10932"}],"wp:attachment":[{"href":"https:\/\/alpoma.net\/tecob\/index.php?rest_route=%2Fwp%2Fv2%2Fmedia&parent=8123"}],"wp:term":[{"taxonomy":"category","embeddable":true,"href":"https:\/\/alpoma.net\/tecob\/index.php?rest_route=%2Fwp%2Fv2%2Fcategories&post=8123"},{"taxonomy":"post_tag","embeddable":true,"href":"https:\/\/alpoma.net\/tecob\/index.php?rest_route=%2Fwp%2Fv2%2Ftags&post=8123"}],"curies":[{"name":"wp","href":"https:\/\/api.w.org\/{rel}","templated":true}]}}