{"id":7996,"date":"2013-03-17T00:05:48","date_gmt":"2013-03-16T22:05:48","guid":{"rendered":"http:\/\/www.alpoma.net\/tecob\/?p=7996"},"modified":"2013-03-17T00:05:48","modified_gmt":"2013-03-16T22:05:48","slug":"aeronautics-1908-1915","status":"publish","type":"post","link":"https:\/\/alpoma.net\/tecob\/?p=7996","title":{"rendered":"Aeronautics (1908 &#8211; 1915)"},"content":{"rendered":"<p><em><strong>Aeronautics<\/strong><\/em> era una revista que se edit\u00f3 en los Estados Unidos a<strong> principios del siglo XX<\/strong> con la intenci\u00f3n de documentar todo lo que tuviera que ver con <strong>el incipiente mundo de la aviaci\u00f3n<\/strong>. En una \u00e9poca en la que se romp\u00edan marcas casi todos los d\u00edas, en la que <strong>los pioneros constru\u00edan sus propias m\u00e1quinas<\/strong> y se vend\u00edan <em>kits<\/em> de todo tipo para que nuevos aventureros se unieran al mundo de la aviaci\u00f3n, el contar con una revista tan detallada como esta era un lujo. Y, cuando ha pasado ya un siglo, sigue siendo un lujo tener a mano una publicaci\u00f3n tan detallada que nos muestre aquellos comienzos de la era de la aviaci\u00f3n como pocas pudieron hacerlo. Puede consultarse y descargarse la revista <em><strong>Aeronautics<\/strong><\/em> en sus n\u00fameros correspondientes a los a\u00f1os 1908 al 1915 desde <em>archive.org<\/em>: <strong><a href=\"http:\/\/archive.org\/search.php?query=creator%3A%22Aeronautical+Society+of+America%22\">Aeronautics &#8211; Aeronautical Society of America<\/a><\/strong>.<\/p>\n<p><img decoding=\"async\" src=\"http:\/\/www.alpoma.com\/images_tecob\/aeronautics_1.jpg\" class=\"otros\"\/><\/p>\n","protected":false},"excerpt":{"rendered":"<div class=\"mh-excerpt\"><p>Aeronautics era una revista que se edit\u00f3 en los Estados Unidos a principios del siglo XX con la intenci\u00f3n de documentar todo lo que tuviera que ver con el incipiente <a class=\"mh-excerpt-more\" href=\"https:\/\/alpoma.net\/tecob\/?p=7996\" title=\"Aeronautics (1908 &#8211; 1915)\">[&#8230;]<\/a><\/p>\n<\/div>","protected":false},"author":1,"featured_media":11173,"comment_status":"open","ping_status":"open","sticky":false,"template":"","format":"standard","meta":{"jetpack_post_was_ever_published":false,"_jetpack_newsletter_access":"","_jetpack_dont_email_post_to_subs":false,"_jetpack_newsletter_tier_id":0,"_jetpack_memberships_contains_paywalled_content":false,"_jetpack_memberships_contains_paid_content":false,"footnotes":""},"categories":[3],"tags":[],"class_list":["post-7996","post","type-post","status-publish","format-standard","has-post-thumbnail","hentry","category-obsolescencia"],"jetpack_featured_media_url":"https:\/\/alpoma.net\/tecob\/wp-content\/uploads\/2013\/03\/aeronautics_1.jpg","jetpack_shortlink":"https:\/\/wp.me\/p93Dc1-24Y","jetpack-related-posts":[{"id":9008,"url":"https:\/\/alpoma.net\/tecob\/?p=9008","url_meta":{"origin":7996,"position":0},"title":"Jorge Loring, pionero de la aviaci\u00f3n espa\u00f1ola","author":"alpoma","date":"1 mayo 2014","format":false,"excerpt":"Versi\u00f3n reducida del art\u00edculo que publiqu\u00e9 en la revista Historia de Iberia Vieja, edici\u00f3n de mayo de 2014. Dos l\u00edneas regulares tenemos establecidas actualmente en Espa\u00f1a. Una es la de Sevilla a Larache (\u2026) que funciona con toda regularidad, siendo una de las l\u00edneas de mayor seguridad entre todas las\u2026","rel":"","context":"En \u00abMade in Spain\u00bb","block_context":{"text":"Made in Spain","link":"https:\/\/alpoma.net\/tecob\/?cat=10"},"img":{"alt_text":"","src":"https:\/\/i0.wp.com\/alpoma.net\/tecob\/wp-content\/uploads\/2014\/05\/publi-698x10241.jpg?resize=350%2C200&ssl=1","width":350,"height":200,"srcset":"https:\/\/i0.wp.com\/alpoma.net\/tecob\/wp-content\/uploads\/2014\/05\/publi-698x10241.jpg?resize=350%2C200&ssl=1 1x, https:\/\/i0.wp.com\/alpoma.net\/tecob\/wp-content\/uploads\/2014\/05\/publi-698x10241.jpg?resize=525%2C300&ssl=1 1.5x"},"classes":[]},{"id":8342,"url":"https:\/\/alpoma.net\/tecob\/?p=8342","url_meta":{"origin":7996,"position":1},"title":"Virgilio Leret y su mototurbocompresor","author":"alpoma","date":"1 julio 2013","format":false,"excerpt":"Versi\u00f3n reducida del art\u00edculo que publiqu\u00e9 en la revista Historia de Iberia Vieja, edici\u00f3n de julio de 2013. El motor de concepci\u00f3n Leret es verdaderamente ingenioso (...) El avi\u00f3n en donde hubiera probado en vuelo su motor tendr\u00eda que haber sido de nueva concepci\u00f3n aerodin\u00e1mica, espec\u00edfica para este nuevo tipo\u2026","rel":"","context":"En \u00abMade in Spain\u00bb","block_context":{"text":"Made in Spain","link":"https:\/\/alpoma.net\/tecob\/?cat=10"},"img":{"alt_text":"Leret","src":"https:\/\/i0.wp.com\/www.alpoma.net\/tecob\/wp-content\/uploads\/2013\/07\/Leret-197x300.jpg?resize=350%2C200","width":350,"height":200},"classes":[]},{"id":1153,"url":"https:\/\/alpoma.net\/tecob\/?p=1153","url_meta":{"origin":7996,"position":2},"title":"Marie Marvingt y la primera ambulancia a\u00e9rea","author":"alpoma","date":"9 octubre 2016","format":false,"excerpt":"Una nota de ayer publicada por @JoseM_SGP me hizo recordar cierta exposici\u00f3n de 2014 acerca de esta fascinante mujer y, sobre todo, me hizo pensar que, hace ahora cien a\u00f1os, ella se encontraba volando por los cielos europeos. \u00bfQu\u00e9 mejor ocasi\u00f3n que recuperar este art\u00edculo que publiqu\u00e9 en 2009 acerca\u2026","rel":"","context":"En \u00abObsolescencia\u00bb","block_context":{"text":"Obsolescencia","link":"https:\/\/alpoma.net\/tecob\/?cat=3"},"img":{"alt_text":"","src":"https:\/\/i0.wp.com\/alpoma.net\/tecob\/wp-content\/uploads\/2009\/06\/3660045267_29167ce303.jpg?resize=350%2C200&ssl=1","width":350,"height":200},"classes":[]},{"id":12119,"url":"https:\/\/alpoma.net\/tecob\/?p=12119","url_meta":{"origin":7996,"position":3},"title":"Benito Loygorri, el primer piloto de avi\u00f3n espa\u00f1ol","author":"alpoma","date":"3 junio 2016","format":false,"excerpt":"Versi\u00f3n para TecOb del art\u00edculo que publiqu\u00e9 en la revista Historia de Iberia Vieja, edici\u00f3n de mayo de 2016. All\u00e1 por el m\u00e1s que centenario mes de octubre de 1910 mencionaba la revista Vida Mar\u00edtima , con gran asombro, cierta exhibici\u00f3n o, como dec\u00edan entonces, experiencia de aviaci\u00f3n, que tuvo\u2026","rel":"","context":"En \u00abMade in Spain\u00bb","block_context":{"text":"Made in Spain","link":"https:\/\/alpoma.net\/tecob\/?cat=10"},"img":{"alt_text":"","src":"https:\/\/i0.wp.com\/alpoma.net\/tecob\/wp-content\/uploads\/2016\/06\/Aeroplano_Farman_de_Loygorri.jpg?resize=350%2C200&ssl=1","width":350,"height":200,"srcset":"https:\/\/i0.wp.com\/alpoma.net\/tecob\/wp-content\/uploads\/2016\/06\/Aeroplano_Farman_de_Loygorri.jpg?resize=350%2C200&ssl=1 1x, https:\/\/i0.wp.com\/alpoma.net\/tecob\/wp-content\/uploads\/2016\/06\/Aeroplano_Farman_de_Loygorri.jpg?resize=525%2C300&ssl=1 1.5x, https:\/\/i0.wp.com\/alpoma.net\/tecob\/wp-content\/uploads\/2016\/06\/Aeroplano_Farman_de_Loygorri.jpg?resize=700%2C400&ssl=1 2x"},"classes":[]},{"id":14313,"url":"https:\/\/alpoma.net\/tecob\/?p=14313","url_meta":{"origin":7996,"position":4},"title":"Las pioneras de la aviaci\u00f3n espa\u00f1ola","author":"alpoma","date":"2 febrero 2019","format":false,"excerpt":"Versi\u00f3n para TecOb del art\u00edculo que publiqu\u00e9 en la revista Historia de Iberia Vieja, edici\u00f3n de enero de 2019. Quiero agradecer a Jos\u00e9 Manuel Gil, coautor conmigo del libro Aviones bizarros, por haberme sugerido tratar este tema y haber servido de fuente primaria. (Las im\u00e1genes de este art\u00edculo han sido\u2026","rel":"","context":"En \u00abMade in Spain\u00bb","block_context":{"text":"Made in Spain","link":"https:\/\/alpoma.net\/tecob\/?cat=10"},"img":{"alt_text":"","src":"https:\/\/i0.wp.com\/alpoma.net\/tecob\/wp-content\/uploads\/2019\/02\/Pilar-San-Miguel-Mart%C3%ADnez-Campos.png?resize=350%2C200&ssl=1","width":350,"height":200,"srcset":"https:\/\/i0.wp.com\/alpoma.net\/tecob\/wp-content\/uploads\/2019\/02\/Pilar-San-Miguel-Mart%C3%ADnez-Campos.png?resize=350%2C200&ssl=1 1x, https:\/\/i0.wp.com\/alpoma.net\/tecob\/wp-content\/uploads\/2019\/02\/Pilar-San-Miguel-Mart%C3%ADnez-Campos.png?resize=525%2C300&ssl=1 1.5x, https:\/\/i0.wp.com\/alpoma.net\/tecob\/wp-content\/uploads\/2019\/02\/Pilar-San-Miguel-Mart%C3%ADnez-Campos.png?resize=700%2C400&ssl=1 2x"},"classes":[]},{"id":11887,"url":"https:\/\/alpoma.net\/tecob\/?p=11887","url_meta":{"origin":7996,"position":5},"title":"Heraclio Alfaro, con la aviaci\u00f3n en la sangre","author":"alpoma","date":"25 enero 2016","format":false,"excerpt":"Versi\u00f3n para TecOb del art\u00edculo publicado en la revista Historia de Iberia Vieja, edici\u00f3n de enero de 2016. Ayer ma\u00f1ana realiz\u00f3 varias pruebas de aviaci\u00f3n en el campo de Lakua nuestro convecino el intr\u00e9pido aviador don Heraclio Alfaro. El aparato construido bajo su direcci\u00f3n est\u00e1 casi terminado, faltando solamente peque\u00f1os\u2026","rel":"","context":"En \u00abMade in Spain\u00bb","block_context":{"text":"Made in Spain","link":"https:\/\/alpoma.net\/tecob\/?cat=10"},"img":{"alt_text":"","src":"https:\/\/i0.wp.com\/alpoma.net\/tecob\/wp-content\/uploads\/2016\/01\/alfaro.jpg?resize=350%2C200&ssl=1","width":350,"height":200},"classes":[]}],"jetpack_sharing_enabled":true,"_links":{"self":[{"href":"https:\/\/alpoma.net\/tecob\/index.php?rest_route=\/wp\/v2\/posts\/7996","targetHints":{"allow":["GET"]}}],"collection":[{"href":"https:\/\/alpoma.net\/tecob\/index.php?rest_route=\/wp\/v2\/posts"}],"about":[{"href":"https:\/\/alpoma.net\/tecob\/index.php?rest_route=\/wp\/v2\/types\/post"}],"author":[{"embeddable":true,"href":"https:\/\/alpoma.net\/tecob\/index.php?rest_route=\/wp\/v2\/users\/1"}],"replies":[{"embeddable":true,"href":"https:\/\/alpoma.net\/tecob\/index.php?rest_route=%2Fwp%2Fv2%2Fcomments&post=7996"}],"version-history":[{"count":0,"href":"https:\/\/alpoma.net\/tecob\/index.php?rest_route=\/wp\/v2\/posts\/7996\/revisions"}],"wp:featuredmedia":[{"embeddable":true,"href":"https:\/\/alpoma.net\/tecob\/index.php?rest_route=\/wp\/v2\/media\/11173"}],"wp:attachment":[{"href":"https:\/\/alpoma.net\/tecob\/index.php?rest_route=%2Fwp%2Fv2%2Fmedia&parent=7996"}],"wp:term":[{"taxonomy":"category","embeddable":true,"href":"https:\/\/alpoma.net\/tecob\/index.php?rest_route=%2Fwp%2Fv2%2Fcategories&post=7996"},{"taxonomy":"post_tag","embeddable":true,"href":"https:\/\/alpoma.net\/tecob\/index.php?rest_route=%2Fwp%2Fv2%2Ftags&post=7996"}],"curies":[{"name":"wp","href":"https:\/\/api.w.org\/{rel}","templated":true}]}}