{"id":7922,"date":"2013-03-04T18:10:14","date_gmt":"2013-03-04T16:10:14","guid":{"rendered":"http:\/\/www.alpoma.net\/tecob\/?p=7922"},"modified":"2013-03-04T18:10:26","modified_gmt":"2013-03-04T16:10:26","slug":"de-quiromanticos-y-nalguimanticos","status":"publish","type":"post","link":"https:\/\/alpoma.net\/tecob\/?p=7922","title":{"rendered":"De quirom\u00e1nticos y nalguim\u00e1nticos"},"content":{"rendered":"<p><img loading=\"lazy\" decoding=\"async\" src=\"http:\/\/www.alpoma.net\/tecob\/wp-content\/uploads\/2013\/03\/quevedo_cosas.jpg\" alt=\"quevedo_cosas\" width=\"200\" height=\"289\" class=\"dch\" \/><strong><a href=\"http:\/\/es.wikipedia.org\/wiki\/Francisco_de_Quevedo\">Francisco de Quevedo<\/a><\/strong> era un <em><a href=\"http:\/\/lema.rae.es\/drae\/?val=borde\">borde<\/a><\/em> de cuidado, pero no lo era con todo el mundo. Ciertamente, si alguien le ca\u00eda mal, se expon\u00eda a ser objeto de brillante s\u00e1tira. Ahora bien, el pensamiento supersticioso le sacaba de sus casillas, de ah\u00ed que, por ejemplo, aparezca cierto comentario suyo, que no tiene desperdicio, sobre los quirom\u00e1nticos en su <em><strong><a href=\"http:\/\/es.wikisource.org\/wiki\/Libro_de_todas_las_cosas_y_otras_muchas_m%C3%A1s\">Libro de todas las cosas y otras muchas m\u00e1s<\/a><\/strong><\/em>. Agudo es poco&#8230;<\/p>\n<blockquote><p><em>Todas las rayas que vieres en las manos, oh curioso lector, significan que la mano se dobla por la palma y no por arriba, y que se dobla por las junturas; y por eso est\u00e1n las grandes en las coyunturas d\u00e9sas, como es cuero delicado, resultan las otras menudas. Y para ver que esto es as\u00ed mira que en el pescuezo y frente, caderas, corvas y codos y sangraduras y nalgas, por donde se arruga el pellejo y en las plantas de los pies hay rayas. Y as\u00ed hab\u00eda de haber, si fuera verdad (como hay quirom\u00e1nticos), nalguim\u00e1nticos, y frontim\u00e1nticos y codim\u00e1nticos y pescuecim\u00e1nticos y piedim\u00e1nticos.<\/em><\/p><\/blockquote>\n<p>Todo el librillo es as\u00ed, por lo que <strong><a href=\"http:\/\/www.cervantesvirtual.com\/obra-visor\/libro-de-todas-las-cosas-y-otras-muchas-mas--0\/html\/\">no dudo en recomendar recorrer ese texto<\/a><\/strong>, hay respuestas para todo y para todos. \u00a1Avisado quede el incauto!<\/p>\n","protected":false},"excerpt":{"rendered":"<div class=\"mh-excerpt\"><p>Francisco de Quevedo era un borde de cuidado, pero no lo era con todo el mundo. Ciertamente, si alguien le ca\u00eda mal, se expon\u00eda a ser objeto de brillante s\u00e1tira. <a class=\"mh-excerpt-more\" href=\"https:\/\/alpoma.net\/tecob\/?p=7922\" title=\"De quirom\u00e1nticos y nalguim\u00e1nticos\">[&#8230;]<\/a><\/p>\n<\/div>","protected":false},"author":1,"featured_media":7923,"comment_status":"open","ping_status":"open","sticky":false,"template":"","format":"standard","meta":{"jetpack_post_was_ever_published":false,"_jetpack_newsletter_access":"","_jetpack_dont_email_post_to_subs":false,"_jetpack_newsletter_tier_id":0,"_jetpack_memberships_contains_paywalled_content":false,"_jetpack_memberships_contains_paid_content":false,"footnotes":""},"categories":[10,3],"tags":[],"class_list":["post-7922","post","type-post","status-publish","format-standard","has-post-thumbnail","hentry","category-made_in_spain","category-obsolescencia"],"jetpack_featured_media_url":"https:\/\/alpoma.net\/tecob\/wp-content\/uploads\/2013\/03\/quevedo_cosas.jpg","jetpack_shortlink":"https:\/\/wp.me\/p93Dc1-23M","jetpack-related-posts":[{"id":14986,"url":"https:\/\/alpoma.net\/tecob\/?p=14986","url_meta":{"origin":7922,"position":0},"title":"Dorothy Levitt, la chica m\u00e1s r\u00e1pida del mundo","author":"alpoma","date":"25 marzo 2020","format":false,"excerpt":"Fragmentos de uno de mis art\u00edculos in\u00e9ditos (estaba destinado a la revista Historia de Espa\u00f1a y el mundo, pero la publicaci\u00f3n de ese medio finaliz\u00f3 en febrero de este a\u00f1o), inspirado por la lectura de la novela de Celia Santos titulada \"M\u00e1s r\u00e1pida que la vida\" (Penguin Random House, 2020).\u2026","rel":"","context":"En \u00abObsolescencia\u00bb","block_context":{"text":"Obsolescencia","link":"https:\/\/alpoma.net\/tecob\/?cat=3"},"img":{"alt_text":"","src":"https:\/\/i0.wp.com\/alpoma.net\/tecob\/wp-content\/uploads\/2020\/03\/Levitt-3.jpg?resize=350%2C200&ssl=1","width":350,"height":200,"srcset":"https:\/\/i0.wp.com\/alpoma.net\/tecob\/wp-content\/uploads\/2020\/03\/Levitt-3.jpg?resize=350%2C200&ssl=1 1x, https:\/\/i0.wp.com\/alpoma.net\/tecob\/wp-content\/uploads\/2020\/03\/Levitt-3.jpg?resize=525%2C300&ssl=1 1.5x, https:\/\/i0.wp.com\/alpoma.net\/tecob\/wp-content\/uploads\/2020\/03\/Levitt-3.jpg?resize=700%2C400&ssl=1 2x"},"classes":[]},{"id":11717,"url":"https:\/\/alpoma.net\/tecob\/?p=11717","url_meta":{"origin":7922,"position":1},"title":"Eduardo Mier, el inventor incansable","author":"alpoma","date":"28 noviembre 2015","format":false,"excerpt":"Versi\u00f3n para TecOb del art\u00edculo que publiqu\u00e9 en la revista Historia de Iberia Vieja, edici\u00f3n de noviembre de 2015. D. Eduardo Mier y Miura, ilustre coronel de Ingenieros, goza por su vasta y merit\u00edsima obra en las naciones extranjeras de muy justo renombre, aunque en su patria solamente es conocido\u2026","rel":"","context":"En \u00abMade in Spain\u00bb","block_context":{"text":"Made in Spain","link":"https:\/\/alpoma.net\/tecob\/?cat=10"},"img":{"alt_text":"","src":"https:\/\/i0.wp.com\/alpoma.net\/tecob\/wp-content\/uploads\/2015\/10\/Eduardo_Mier_y_Miura.jpg?resize=350%2C200&ssl=1","width":350,"height":200,"srcset":"https:\/\/i0.wp.com\/alpoma.net\/tecob\/wp-content\/uploads\/2015\/10\/Eduardo_Mier_y_Miura.jpg?resize=350%2C200&ssl=1 1x, https:\/\/i0.wp.com\/alpoma.net\/tecob\/wp-content\/uploads\/2015\/10\/Eduardo_Mier_y_Miura.jpg?resize=525%2C300&ssl=1 1.5x"},"classes":[]},{"id":963,"url":"https:\/\/alpoma.net\/tecob\/?p=963","url_meta":{"origin":7922,"position":2},"title":"El ingenuo","author":"alpoma","date":"19 agosto 2008","format":false,"excerpt":"Hoy cumplo 33 a\u00f1os, con lo que, adem\u00e1s de no gustarme nada este tipo de celebraciones, uno mira al pasado para ver si camina hacia delante o marcha como el cangrejo. En mi caso, me parece que no he evolucionado nada en m\u00e1s de una d\u00e9cada, vamos que sigo haciendo\u2026","rel":"","context":"En \u00abInnovaci\u00f3n\u00bb","block_context":{"text":"Innovaci\u00f3n","link":"https:\/\/alpoma.net\/tecob\/?cat=4"},"img":{"alt_text":"","src":"https:\/\/i0.wp.com\/alpoma.net\/tecob\/wp-content\/uploads\/2008\/08\/2777574787_b28ec35c54_o.png?resize=350%2C200&ssl=1","width":350,"height":200},"classes":[]},{"id":8161,"url":"https:\/\/alpoma.net\/tecob\/?p=8161","url_meta":{"origin":7922,"position":3},"title":"Las (posiblemente) in\u00fatiles ondas electromagn\u00e9ticas","author":"alpoma","date":"24 abril 2013","format":false,"excerpt":"Siempre se ha dicho que Heinrich Rudolf Hertz no ve\u00eda qu\u00e9 posible utilidad podr\u00edan tener las ondas electromagn\u00e9ticas que \u00e9l mismo hab\u00eda demostrado que exist\u00edan experimentalmente, pero me resisto a pensar que, en el fondo, aquella fuera su opini\u00f3n real. Veamos, no era el primero que se encontraba con ellas,\u2026","rel":"","context":"En \u00abObsolescencia\u00bb","block_context":{"text":"Obsolescencia","link":"https:\/\/alpoma.net\/tecob\/?cat=3"},"img":{"alt_text":"","src":"https:\/\/i0.wp.com\/alpoma.net\/tecob\/wp-content\/uploads\/2013\/04\/montaje_hertz.jpg?resize=350%2C200&ssl=1","width":350,"height":200,"srcset":"https:\/\/i0.wp.com\/alpoma.net\/tecob\/wp-content\/uploads\/2013\/04\/montaje_hertz.jpg?resize=350%2C200&ssl=1 1x, https:\/\/i0.wp.com\/alpoma.net\/tecob\/wp-content\/uploads\/2013\/04\/montaje_hertz.jpg?resize=525%2C300&ssl=1 1.5x"},"classes":[]},{"id":8818,"url":"https:\/\/alpoma.net\/tecob\/?p=8818","url_meta":{"origin":7922,"position":4},"title":"El buitre y el dirigible","author":"alpoma","date":"12 febrero 2014","format":false,"excerpt":"En todas las \u00e9pocas, en todos los tiempos, adem\u00e1s de la burocracia hay algo que ni ha cambiado ni parece que vaya a cambiar. Se trata de los bulos. Y es que, noticias falsas aparecen por todas partes y no hay d\u00eda que no salten por ac\u00e1 o por all\u00e1.\u2026","rel":"","context":"En \u00abMade in Spain\u00bb","block_context":{"text":"Made in Spain","link":"https:\/\/alpoma.net\/tecob\/?cat=10"},"img":{"alt_text":"Graf_zeppelin","src":"https:\/\/i0.wp.com\/www.alpoma.net\/tecob\/wp-content\/uploads\/2014\/02\/Graf_zeppelin-300x193.jpg?resize=350%2C200","width":350,"height":200},"classes":[]},{"id":7818,"url":"https:\/\/alpoma.net\/tecob\/?p=7818","url_meta":{"origin":7922,"position":5},"title":"El abuelo Darwin","author":"alpoma","date":"17 febrero 2013","format":false,"excerpt":"Charles Darwin falleci\u00f3 a los veinte a\u00f1os de edad el 15 de mayo de 1778. El chaval era un prometedor estudiante de medicina en la Universidad de Edimburgo. Tanta pasi\u00f3n depositaba en el aprendizaje de las artes m\u00e9dicas que termin\u00f3 por costarle la vida. A finales de abril de aquel\u2026","rel":"","context":"En \u00abObsolescencia\u00bb","block_context":{"text":"Obsolescencia","link":"https:\/\/alpoma.net\/tecob\/?cat=3"},"img":{"alt_text":"erasmus_darwin","src":"https:\/\/i0.wp.com\/farm9.staticflickr.com\/8366\/8481930615_72eab4b323_o.jpg?resize=350%2C200","width":350,"height":200},"classes":[]}],"jetpack_sharing_enabled":true,"_links":{"self":[{"href":"https:\/\/alpoma.net\/tecob\/index.php?rest_route=\/wp\/v2\/posts\/7922","targetHints":{"allow":["GET"]}}],"collection":[{"href":"https:\/\/alpoma.net\/tecob\/index.php?rest_route=\/wp\/v2\/posts"}],"about":[{"href":"https:\/\/alpoma.net\/tecob\/index.php?rest_route=\/wp\/v2\/types\/post"}],"author":[{"embeddable":true,"href":"https:\/\/alpoma.net\/tecob\/index.php?rest_route=\/wp\/v2\/users\/1"}],"replies":[{"embeddable":true,"href":"https:\/\/alpoma.net\/tecob\/index.php?rest_route=%2Fwp%2Fv2%2Fcomments&post=7922"}],"version-history":[{"count":0,"href":"https:\/\/alpoma.net\/tecob\/index.php?rest_route=\/wp\/v2\/posts\/7922\/revisions"}],"wp:featuredmedia":[{"embeddable":true,"href":"https:\/\/alpoma.net\/tecob\/index.php?rest_route=\/wp\/v2\/media\/7923"}],"wp:attachment":[{"href":"https:\/\/alpoma.net\/tecob\/index.php?rest_route=%2Fwp%2Fv2%2Fmedia&parent=7922"}],"wp:term":[{"taxonomy":"category","embeddable":true,"href":"https:\/\/alpoma.net\/tecob\/index.php?rest_route=%2Fwp%2Fv2%2Fcategories&post=7922"},{"taxonomy":"post_tag","embeddable":true,"href":"https:\/\/alpoma.net\/tecob\/index.php?rest_route=%2Fwp%2Fv2%2Ftags&post=7922"}],"curies":[{"name":"wp","href":"https:\/\/api.w.org\/{rel}","templated":true}]}}