{"id":7866,"date":"2013-02-25T23:13:02","date_gmt":"2013-02-25T21:13:02","guid":{"rendered":"http:\/\/www.alpoma.net\/tecob\/?p=7866"},"modified":"2013-02-25T23:13:02","modified_gmt":"2013-02-25T21:13:02","slug":"el-viaje-de-argos-cumple-un-ano","status":"publish","type":"post","link":"https:\/\/alpoma.net\/tecob\/?p=7866","title":{"rendered":"El viaje de Argos cumple un a\u00f1o"},"content":{"rendered":"<p><img decoding=\"async\" src=\"http:\/\/alpoma.com\/argos\/img\/book.png\" alt=\"El viaje de Argos\" class=\"dch\" width=\"160px\"\/>Se cumple ahora un a\u00f1o desde que <strong>Planeta<\/strong> editara mi primera novela, <em><strong>El viaje de Argos<\/strong><\/em>. En estos meses han sido muchos quienes se han acercado a sus p\u00e1ginas, muchos m\u00e1s de los que imagin\u00e9 en principio y, tambi\u00e9n, han sido muchos los que han escrito sobre esta aventura, sorprendentemente casi siempre de forma muy positiva. Por ello, aprovecho la fecha de este primer aniversario literario para mostrar <strong>mi agradecimiento de todo coraz\u00f3n a quienes han comprado el libro<\/strong>. Lamentablemente, la editorial ha decidido que no vea la luz en papel, al menos todav\u00eda, por lo que continuar\u00e1 disponible s\u00f3lo como e-book.<\/p>\n<p>Tengo <strong>dos nuevas novelas en el horno<\/strong>, una de ellas es continuaci\u00f3n de <em>El viaje de Argos<\/em>. Por desgracia, apenas tengo tiempo para ir avanzando en ellas, pero poco a poco tomar\u00e1n forma. Si todav\u00eda no conoces esta novela, a medio camino entre la ciencia ficci\u00f3n y la historia, te invito a conocerla&#8230; <strong><a href=\"http:\/\/www.elviajedeargos.com\" title=\"El viaje de Argos\">El viaje de Argos<\/a><\/strong>&#8230;<\/p>\n<blockquote><p><em>Desde antiguo un enigm\u00e1tico astro llamado Argos siembra la atm\u00f3sfera con una substancia muy especial. S\u00f3lo un peque\u00f1o grupo de sabios sabe c\u00f3mo recolectar y emplear esa esencia de los cielos que permite la vida eterna. Pero en pleno auge de la Roma imperial, un desastre sacude a la hermandad de sabios. Desperdigados por el mundo y sin los conocimientos necesarios para mantener la inmortalidad, vagar\u00e1n sin rumbo, condenados al olvido. Hasta que en el siglo XXI, una inquieta historiadora, Irene Abad, descubre un antiguo mapa que, sin saberlo, conduce hasta el peligroso secreto que los Hijos de Argos han perseguido durante dos milenios.<\/em><\/p><\/blockquote>\n","protected":false},"excerpt":{"rendered":"<div class=\"mh-excerpt\"><p>Se cumple ahora un a\u00f1o desde que Planeta editara mi primera novela, El viaje de Argos. En estos meses han sido muchos quienes se han acercado a sus p\u00e1ginas, muchos <a class=\"mh-excerpt-more\" href=\"https:\/\/alpoma.net\/tecob\/?p=7866\" title=\"El viaje de Argos cumple un a\u00f1o\">[&#8230;]<\/a><\/p>\n<\/div>","protected":false},"author":1,"featured_media":0,"comment_status":"open","ping_status":"open","sticky":false,"template":"","format":"standard","meta":{"jetpack_post_was_ever_published":false,"_jetpack_newsletter_access":"","_jetpack_dont_email_post_to_subs":false,"_jetpack_newsletter_tier_id":0,"_jetpack_memberships_contains_paywalled_content":false,"_jetpack_memberships_contains_paid_content":false,"footnotes":""},"categories":[2],"tags":[],"class_list":["post-7866","post","type-post","status-publish","format-standard","hentry","category-personal"],"jetpack_featured_media_url":"","jetpack_shortlink":"https:\/\/wp.me\/p93Dc1-22S","jetpack-related-posts":[{"id":10190,"url":"https:\/\/alpoma.net\/tecob\/?p=10190","url_meta":{"origin":7866,"position":0},"title":"Mi novela, \u00abEl viaje de Argos\u00bb, disponible en papel","author":"alpoma","date":"31 octubre 2014","format":false,"excerpt":"Hoy ha salido a la venta la edici\u00f3n en papel de mi novela \"El viaje de Argos\", que vio la luz hace dos a\u00f1os en forma de e-book. Editada por Glyphos Publicaciones, nace en papel con una portada muy especial que ha realizado el gran Alfonso Azpiri. Tiempo habr\u00e1 m\u00e1s\u2026","rel":"","context":"En \u00abPersonal\u00bb","block_context":{"text":"Personal","link":"https:\/\/alpoma.net\/tecob\/?cat=2"},"img":{"alt_text":"el_viaje_de_argos_alejandro_polanco_ilustracion_de_azpiri","src":"https:\/\/i0.wp.com\/www.alpoma.net\/tecob\/wp-content\/uploads\/2014\/10\/el_viaje_de_argos_alejandro_polanco_ilustracion_de_azpiri-218x300.png?resize=350%2C200","width":350,"height":200},"classes":[]},{"id":6371,"url":"https:\/\/alpoma.net\/tecob\/?p=6371","url_meta":{"origin":7866,"position":1},"title":"Ya est\u00e1 a la venta mi novela &#8216;El viaje de Argos&#8217;","author":"alpoma","date":"10 marzo 2012","format":false,"excerpt":"Hace unos d\u00edas os present\u00e9 mi novela El viaje de Argos. Hoy, por fin ha salido a la venta, as\u00ed que si quieres hacerte con ella (de momento s\u00f3lo en eBook, la opci\u00f3n de papel est\u00e1 en el aire y puede que nunca llegue a ser algo real si la\u2026","rel":"","context":"En \u00abPersonal\u00bb","block_context":{"text":"Personal","link":"https:\/\/alpoma.net\/tecob\/?cat=2"},"img":{"alt_text":"","src":"","width":0,"height":0},"classes":[]},{"id":6199,"url":"https:\/\/alpoma.net\/tecob\/?p=6199","url_meta":{"origin":7866,"position":2},"title":"Os presento mi primera novela: El viaje de Argos.","author":"alpoma","date":"8 febrero 2012","format":false,"excerpt":"Habr\u00e1 a quien le suene el t\u00edtulo, porque es el mismo que utilic\u00e9 para un proyecto de revista hace tiempo, pero no tiene nada que ver con lo que hoy os quiero comentar. S\u00ed, aunque lleva terminada desde principios de 2009, ser\u00e1 a comienzos del pr\u00f3ximo mes de marzo cuando\u2026","rel":"","context":"En \u00abPersonal\u00bb","block_context":{"text":"Personal","link":"https:\/\/alpoma.net\/tecob\/?cat=2"},"img":{"alt_text":"Portada de El viaje de Argos","src":"https:\/\/i0.wp.com\/farm8.staticflickr.com\/7024\/6842079725_f69a0c041d_m.jpg?resize=350%2C200","width":350,"height":200},"classes":[]},{"id":6826,"url":"https:\/\/alpoma.net\/tecob\/?p=6826","url_meta":{"origin":7866,"position":3},"title":"Turismo y lectura para este verano con \u00abEl viaje de Argos\u00bb","author":"alpoma","date":"1 julio 2012","format":false,"excerpt":"Aunque en el website de mi novela El viaje de Argos ya hay material adicional, fotos y mapas, creo que faltaba algo para completar el c\u00edrculo. Por ello, adem\u00e1s de recomendar de nuevo la lectura del libro, como no pod\u00eda ser de otro modo, he creado un mapa que re\u00fane\u2026","rel":"","context":"En \u00abPersonal\u00bb","block_context":{"text":"Personal","link":"https:\/\/alpoma.net\/tecob\/?cat=2"},"img":{"alt_text":"La Reana (Fuentes Tam\u00e1ricas) Velilla del R\u00edo Carri\u00f3n - Palencia","src":"https:\/\/i0.wp.com\/farm3.staticflickr.com\/2672\/4178339781_d76a6a4b8c_m.jpg?resize=350%2C200","width":350,"height":200},"classes":[]},{"id":6517,"url":"https:\/\/alpoma.net\/tecob\/?p=6517","url_meta":{"origin":7866,"position":4},"title":"Contenidos adicionales para `El viaje de Argos\u00b4","author":"alpoma","date":"7 abril 2012","format":false,"excerpt":"Desde que termin\u00e9 de escribir El viaje de Argos, all\u00e1 por le mes de marzo de 2009 siempre imagin\u00e9, en caso de que alguna vez fuera editada la novela, que ser\u00eda muy buena idea contar con un website propio para ella. Al final, una vez editado el libro este mes\u2026","rel":"","context":"En \u00abPersonal\u00bb","block_context":{"text":"Personal","link":"https:\/\/alpoma.net\/tecob\/?cat=2"},"img":{"alt_text":"","src":"","width":0,"height":0},"classes":[]},{"id":3124,"url":"https:\/\/alpoma.net\/tecob\/?p=3124","url_meta":{"origin":7866,"position":5},"title":"El viaje de los gigantes de hierro","author":"alpoma","date":"12 julio 2010","format":false,"excerpt":"Quienes hace mucho que leen TecOb saben que uno de los lugares que m\u00e1s me atraen son las industrias, sobre todo si son antiguas. De entre todas las que conozco, existe una muy especial para m\u00ed, pues en ella trabajaron mi padre y mi abuelo. Del conocimiento de sus entra\u00f1as\u2026","rel":"","context":"En \u00abObsolescencia\u00bb","block_context":{"text":"Obsolescencia","link":"https:\/\/alpoma.net\/tecob\/?cat=3"},"img":{"alt_text":"","src":"https:\/\/i0.wp.com\/alpoma.net\/tecob\/wp-content\/uploads\/2010\/07\/61972886_ec3032648b_m.jpg?resize=350%2C200&ssl=1","width":350,"height":200},"classes":[]}],"jetpack_sharing_enabled":true,"_links":{"self":[{"href":"https:\/\/alpoma.net\/tecob\/index.php?rest_route=\/wp\/v2\/posts\/7866","targetHints":{"allow":["GET"]}}],"collection":[{"href":"https:\/\/alpoma.net\/tecob\/index.php?rest_route=\/wp\/v2\/posts"}],"about":[{"href":"https:\/\/alpoma.net\/tecob\/index.php?rest_route=\/wp\/v2\/types\/post"}],"author":[{"embeddable":true,"href":"https:\/\/alpoma.net\/tecob\/index.php?rest_route=\/wp\/v2\/users\/1"}],"replies":[{"embeddable":true,"href":"https:\/\/alpoma.net\/tecob\/index.php?rest_route=%2Fwp%2Fv2%2Fcomments&post=7866"}],"version-history":[{"count":0,"href":"https:\/\/alpoma.net\/tecob\/index.php?rest_route=\/wp\/v2\/posts\/7866\/revisions"}],"wp:attachment":[{"href":"https:\/\/alpoma.net\/tecob\/index.php?rest_route=%2Fwp%2Fv2%2Fmedia&parent=7866"}],"wp:term":[{"taxonomy":"category","embeddable":true,"href":"https:\/\/alpoma.net\/tecob\/index.php?rest_route=%2Fwp%2Fv2%2Fcategories&post=7866"},{"taxonomy":"post_tag","embeddable":true,"href":"https:\/\/alpoma.net\/tecob\/index.php?rest_route=%2Fwp%2Fv2%2Ftags&post=7866"}],"curies":[{"name":"wp","href":"https:\/\/api.w.org\/{rel}","templated":true}]}}