{"id":783,"date":"2007-09-17T22:48:41","date_gmt":"2007-09-17T20:48:41","guid":{"rendered":"http:\/\/www.alpoma.net\/tecob\/?p=783"},"modified":"2009-08-23T21:24:27","modified_gmt":"2009-08-23T19:24:27","slug":"de-violines-arboles-y-actividad-solar-o-%c2%bfpor-que-suena-tan-bien-un-stradivarius","status":"publish","type":"post","link":"https:\/\/alpoma.net\/tecob\/?p=783","title":{"rendered":"De violines, \u00e1rboles y actividad  solar o \u00bfpor qu\u00e9 suena tan bien un Stradivarius?"},"content":{"rendered":"<p><img decoding=\"async\" src=\"http:\/\/farm2.static.flickr.com\/1119\/1398752656_9468b40415_m.jpg\" alt=\"img\" class=\"dch\"\/>El <strong><a href=\"http:\/\/www.alpoma.net\/tecob\/?p=782\">pasado domingo<\/a><\/strong>, cuando estaba repasando los art\u00edculos que tengo archivados acerca de variabilidad solar y sus implicaciones en posibles variaciones clim\u00e1ticas, me cruc\u00e9 con <strong>una referencia muy sugestiva<\/strong> <sup>1<\/sup>. Se trata de un art\u00edculo obra de Lloyd Burckle, de la Universidad de Columbia, y del ge\u00f3grafo Henri D. Grissino-Mayer, de la Universidad de Tennessee. El t\u00edtulo no puede ser m\u00e1s atractivo: <strong>Stradivarius, violines, anillos de los \u00e1rboles y el M\u00ednimo de Maunder: una hip\u00f3tesis<\/strong>. Bien, y \u00bfqu\u00e9 narices tendr\u00e1 que ver un m\u00ednimo solar con los violines? Como el domingo no ten\u00eda tiempo para m\u00e1s, aparqu\u00e9 el tema hasta ahora. Depu\u00e9s de leer el art\u00edculo, debo reconocer que es ciertamente interesante.<\/p>\n<p><strong>\u00bfQu\u00e9 hip\u00f3tesis se plantea?<\/strong> Vayamos por partes. Se afirma que los primeros violines, al menos en forma cercana a la actual, nacieron en el norte de Italia, all\u00e1 por el siglo XVI. Fueron varias las familias de grandes fabricantes de instrumentos de cuerda, gracias a la calidad que ofrecieron, los que prestaron su apellido a algunas de sus creaciones m\u00e1s famosas, que han perdurado en la historia. Ah\u00ed est\u00e1n, por ejemplo, los Amati o Guarneri. Sin embargo, sobre todo de manera m\u00e1s popular, hay un nombre que suele ser conocido como sin\u00f3nimo de gran calidad al referirse al sonido de un viol\u00edn: Stradivarius. En efecto, <strong><a href=\"http:\/\/es.wikipedia.org\/wiki\/Antonio_Stradivari\">Antonio Stradivari<\/a> <\/strong>puede considerarse el art\u00edfice de los m\u00e1s famosos violines de la historia. El luthier construy\u00f3, en su taller de Cremona, m\u00e1s de un millar de instrumentos, desde guitarras a violas, cellos, violines&#8230; Hoy d\u00eda, gracias a su gran calidad, sobreviven unas seiscientas de tales obras maestras. Han pasado tres centurias desde que nacieron y, sin embargo, siguen siendo fascinantes. <\/p>\n<p>El nudo del asunto est\u00e1 en que los instrumentos fabricados por varios artesanos a finales del siglo XVII y principios del XVIII <strong>suenan mejor que los construidos en la actualidad<\/strong> o, al menos, tal cosa afirman muchos expertos. Durante a\u00f1os se ha investigado la raz\u00f3n de las sobresalientes cualidades sonoras de estos instrumentos. Se afirm\u00f3 que pudiera tratarse de una<strong> t\u00e9cnica secreta<\/strong>, lo que en realidad supone quedarse en la ignorancia sobre la verdadera raz\u00f3n. Que si los pigmentos, el tratamiento de las maderas&#8230; nada ha sido concluyente y el misterio permanece.<\/p>\n<p>Seg\u00fan el art\u00edculo, <strong>la soluci\u00f3n al enigma podr\u00eda tenerla el Sol <\/strong>o, mejor dicho, su variabilidad. De manera sencilla, tratar\u00e9 de resumir la idea principal. En la \u00e9poca en que Stradivari estaba construyendo sus magn\u00edficos instrumentos, se desarroll\u00f3 el <strong><a href=\"http:\/\/es.wikipedia.org\/wiki\/M%C3%ADnimo_de_Maunder\">M\u00ednimo de Maunder<\/a><\/strong>. Como expliqu\u00e9 en el anterior art\u00edculo, en aquella \u00e9poca el Sol pr\u00e1cticamente dej\u00f3 de mostrar manchas solares, su actividad magn\u00e9tica disminuy\u00f3 y la energ\u00eda que nos llegaba de nuestra estrella fue menor de lo \u00abnormal\u00bb. El clima, al menos en Europa, pareci\u00f3 afectado por aquello, dado que por entonces se vivieron los a\u00f1os m\u00e1s duros de lo que se conoce como <em>Peque\u00f1a Era Glacial<\/em>. Los <strong>estudios dendrocronol\u00f3gicos<\/strong>, esto es, aquellos que investigan a trav\u00e9s de los<strong> anillos de los \u00e1rboles<\/strong>, el clima y las condiciones de crecimiento que se han desarrollado durante la vida del \u00e1rbol, muestran que tal<strong> per\u00edodo fr\u00edo<\/strong> influy\u00f3 en el desarrollo de las especies utilizadas por los constructores de instrumentos, de tal forma que las <strong>especiales caracter\u00edsticas de la madera que creci\u00f3 en aquellos a\u00f1os<\/strong> pudieran ser las responsables del extraordinario sonido de los instrumentos musicales de la \u00e9poca. Como las condiciones clim\u00e1ticas de aquella \u00e9poca fr\u00eda no se han vuelto a repetir en Europa, al menos no durante largos espacios de tiempo, los instrumentos construidos a partir de entonces no han podido aprovecharse de tales caracter\u00edsticas de una madera que creci\u00f3 de forma tan especial. Ignoro el grado de validez que pueda contener la idea, pero como hip\u00f3tesis es ciertamente atractiva.<\/p>\n<p>__________<br \/>\n<sup>1<\/sup> <strong>Stradivari, violins, tree rings, and the Maunder Minimum: a hypothesis<\/strong>. Burckle, L. \/ Grissino-Mayer, H.D., Dendrochronologia, 21, Enero de 2003. <strong><a href=\"http:\/\/web.utk.edu\/~grissino\/downloads\/burckle%20grissino%202003.pdf\" class=\"enlaces\">Ver en PDF.<\/a><\/strong><\/p>\n","protected":false},"excerpt":{"rendered":"<div class=\"mh-excerpt\"><p>El pasado domingo, cuando estaba repasando los art\u00edculos que tengo archivados acerca de variabilidad solar y sus implicaciones en posibles variaciones clim\u00e1ticas, me cruc\u00e9 con una referencia muy sugestiva 1. <a class=\"mh-excerpt-more\" href=\"https:\/\/alpoma.net\/tecob\/?p=783\" title=\"De violines, \u00e1rboles y actividad  solar o \u00bfpor qu\u00e9 suena tan bien un Stradivarius?\">[&#8230;]<\/a><\/p>\n<\/div>","protected":false},"author":1,"featured_media":10486,"comment_status":"closed","ping_status":"open","sticky":false,"template":"","format":"standard","meta":{"jetpack_post_was_ever_published":false,"_jetpack_newsletter_access":"","_jetpack_dont_email_post_to_subs":false,"_jetpack_newsletter_tier_id":0,"_jetpack_memberships_contains_paywalled_content":false,"_jetpack_memberships_contains_paid_content":false,"footnotes":""},"categories":[8,5,3],"tags":[],"class_list":["post-783","post","type-post","status-publish","format-standard","has-post-thumbnail","hentry","category-clima","category-geo","category-obsolescencia"],"jetpack_featured_media_url":"https:\/\/alpoma.net\/tecob\/wp-content\/uploads\/2007\/09\/1398752656_9468b40415_m.jpg","jetpack_shortlink":"https:\/\/wp.me\/p93Dc1-cD","jetpack-related-posts":[{"id":10226,"url":"https:\/\/alpoma.net\/tecob\/?p=10226","url_meta":{"origin":783,"position":0},"title":"Gabriel Bereau y su viol\u00edn el\u00e9ctrico","author":"alpoma","date":"22 noviembre 2014","format":false,"excerpt":"Recuerdo que, gracias a la magia radiof\u00f3nica de Ram\u00f3n Trecet, me fascin\u00f3 all\u00e1 a principios de los noventa un tipo genial con un viol\u00edn el\u00e9ctrico que atend\u00eda al nombre de Ed Alleyne-Johnson. El apunte de hoy tambi\u00e9n va de violines modificados, solo que de forma mucho m\u00e1s radical. L\u00e1stima no\u2026","rel":"","context":"En \u00abM\u00fasica\u00bb","block_context":{"text":"M\u00fasica","link":"https:\/\/alpoma.net\/tecob\/?cat=42"},"img":{"alt_text":"","src":"https:\/\/i0.wp.com\/alpoma.net\/tecob\/wp-content\/uploads\/2014\/11\/violin_bereau_interior.jpg?resize=350%2C200&ssl=1","width":350,"height":200,"srcset":"https:\/\/i0.wp.com\/alpoma.net\/tecob\/wp-content\/uploads\/2014\/11\/violin_bereau_interior.jpg?resize=350%2C200&ssl=1 1x, https:\/\/i0.wp.com\/alpoma.net\/tecob\/wp-content\/uploads\/2014\/11\/violin_bereau_interior.jpg?resize=525%2C300&ssl=1 1.5x"},"classes":[]},{"id":782,"url":"https:\/\/alpoma.net\/tecob\/?p=782","url_meta":{"origin":783,"position":1},"title":"Sol inconstante","author":"alpoma","date":"16 septiembre 2007","format":false,"excerpt":"Durante mucho tiempo se ha dudado de la influencia de los cambios en el brillo solar sobre la din\u00e1mica clim\u00e1tica terrestre. Que el brillo de nuestra estrella no es constante, es un hecho conocido desde hace bastante, ahora bien, la presunta conexi\u00f3n entre tales variaciones y alg\u00fan fen\u00f3meno natural en\u2026","rel":"","context":"En \u00abClima\u00bb","block_context":{"text":"Clima","link":"https:\/\/alpoma.net\/tecob\/?cat=8"},"img":{"alt_text":"","src":"","width":0,"height":0},"classes":[]},{"id":1054,"url":"https:\/\/alpoma.net\/tecob\/?p=1054","url_meta":{"origin":783,"position":2},"title":"La Gran Aurora","author":"alpoma","date":"3 enero 2009","format":false,"excerpt":"Primer d\u00eda de septiembre, un jueves cualquiera perdido en el calendario del a\u00f1o 1859, los rayos del sol atraviesan las lentes de un telescopio para proyectarse sobre una delgada placa. Reflejado en la l\u00edmpida superficie no parece gran cosa, el gran horno de fusi\u00f3n que es nuestra estrella se presenta\u2026","rel":"","context":"En \u00abGeo\u00bb","block_context":{"text":"Geo","link":"https:\/\/alpoma.net\/tecob\/?cat=5"},"img":{"alt_text":"","src":"https:\/\/i0.wp.com\/alpoma.net\/tecob\/wp-content\/uploads\/2009\/01\/3163608797_dbeae4d084_m.jpg?resize=350%2C200&ssl=1","width":350,"height":200},"classes":[]},{"id":540,"url":"https:\/\/alpoma.net\/tecob\/?p=540","url_meta":{"origin":783,"position":3},"title":"1816, el a\u00f1o sin verano","author":"alpoma","date":"19 junio 2016","format":false,"excerpt":"Publiqu\u00e9 este articulo hace ahora diez a\u00f1os, en el verano de 2006. Ahora que se cumplen dos siglos del \"a\u00f1o sin verano\" y como complemento a mi art\u00edculo del pasado viernes sobre Andrew Crosse y Frankenstein, lo rescato de las brumas del tiempo... El verano de 1816 no puede decirse\u2026","rel":"","context":"En \u00abClima\u00bb","block_context":{"text":"Clima","link":"https:\/\/alpoma.net\/tecob\/?cat=8"},"img":{"alt_text":"","src":"https:\/\/i0.wp.com\/alpoma.net\/tecob\/wp-content\/uploads\/2006\/07\/192859965_468160e56a_o.jpg?resize=350%2C200&ssl=1","width":350,"height":200,"srcset":"https:\/\/i0.wp.com\/alpoma.net\/tecob\/wp-content\/uploads\/2006\/07\/192859965_468160e56a_o.jpg?resize=350%2C200&ssl=1 1x, https:\/\/i0.wp.com\/alpoma.net\/tecob\/wp-content\/uploads\/2006\/07\/192859965_468160e56a_o.jpg?resize=525%2C300&ssl=1 1.5x"},"classes":[]},{"id":6485,"url":"https:\/\/alpoma.net\/tecob\/?p=6485","url_meta":{"origin":783,"position":4},"title":"El sue\u00f1o de la torre e\u00f3lico-solar","author":"alpoma","date":"1 abril 2012","format":false,"excerpt":"Versi\u00f3n reducida del art\u00edculo que publiqu\u00e9 en la revista Historia de Iberia Vieja, edici\u00f3n de abril de 2012. Desde el primero de abril est\u00e1 funcionando en Cartagena un motor a\u00e9reo-solar invenci\u00f3n del coronel de artiller\u00eda espa\u00f1ol don Isidoro Cabanyes, director de aqu\u00e9l parque. El principio del invento est\u00e1 en provocar\u2026","rel":"","context":"En \u00abMade in Spain\u00bb","block_context":{"text":"Made in Spain","link":"https:\/\/alpoma.net\/tecob\/?cat=10"},"img":{"alt_text":"","src":"https:\/\/i0.wp.com\/alpoma.net\/tecob\/wp-content\/uploads\/2012\/04\/6888309320_b61a79e605_o.jpg?resize=350%2C200&ssl=1","width":350,"height":200},"classes":[]},{"id":4967,"url":"https:\/\/alpoma.net\/tecob\/?p=4967","url_meta":{"origin":783,"position":5},"title":"\u00c1rboles pintores","author":"alpoma","date":"20 junio 2011","format":false,"excerpt":"No voy a entrar en si esto es \"verdadero\" arte o no, porque ese tipo de debates no me interesan lo m\u00e1s m\u00ednimo. Simplemente, hay cosas que me gustan desde el punto de vista est\u00e9tico, y cosas que no, pero ni me molesto en etiquetar como arte tal o cual\u2026","rel":"","context":"En \u00abObsolescencia\u00bb","block_context":{"text":"Obsolescencia","link":"https:\/\/alpoma.net\/tecob\/?cat=3"},"img":{"alt_text":"","src":"https:\/\/i0.wp.com\/alpoma.net\/tecob\/wp-content\/uploads\/2011\/06\/5853132341_2f5291d767_o.jpg?resize=350%2C200&ssl=1","width":350,"height":200,"srcset":"https:\/\/i0.wp.com\/alpoma.net\/tecob\/wp-content\/uploads\/2011\/06\/5853132341_2f5291d767_o.jpg?resize=350%2C200&ssl=1 1x, https:\/\/i0.wp.com\/alpoma.net\/tecob\/wp-content\/uploads\/2011\/06\/5853132341_2f5291d767_o.jpg?resize=525%2C300&ssl=1 1.5x"},"classes":[]}],"jetpack_sharing_enabled":true,"_links":{"self":[{"href":"https:\/\/alpoma.net\/tecob\/index.php?rest_route=\/wp\/v2\/posts\/783","targetHints":{"allow":["GET"]}}],"collection":[{"href":"https:\/\/alpoma.net\/tecob\/index.php?rest_route=\/wp\/v2\/posts"}],"about":[{"href":"https:\/\/alpoma.net\/tecob\/index.php?rest_route=\/wp\/v2\/types\/post"}],"author":[{"embeddable":true,"href":"https:\/\/alpoma.net\/tecob\/index.php?rest_route=\/wp\/v2\/users\/1"}],"replies":[{"embeddable":true,"href":"https:\/\/alpoma.net\/tecob\/index.php?rest_route=%2Fwp%2Fv2%2Fcomments&post=783"}],"version-history":[{"count":0,"href":"https:\/\/alpoma.net\/tecob\/index.php?rest_route=\/wp\/v2\/posts\/783\/revisions"}],"wp:featuredmedia":[{"embeddable":true,"href":"https:\/\/alpoma.net\/tecob\/index.php?rest_route=\/wp\/v2\/media\/10486"}],"wp:attachment":[{"href":"https:\/\/alpoma.net\/tecob\/index.php?rest_route=%2Fwp%2Fv2%2Fmedia&parent=783"}],"wp:term":[{"taxonomy":"category","embeddable":true,"href":"https:\/\/alpoma.net\/tecob\/index.php?rest_route=%2Fwp%2Fv2%2Fcategories&post=783"},{"taxonomy":"post_tag","embeddable":true,"href":"https:\/\/alpoma.net\/tecob\/index.php?rest_route=%2Fwp%2Fv2%2Ftags&post=783"}],"curies":[{"name":"wp","href":"https:\/\/api.w.org\/{rel}","templated":true}]}}