{"id":7740,"date":"2013-01-22T14:48:04","date_gmt":"2013-01-22T12:48:04","guid":{"rendered":"http:\/\/www.alpoma.net\/tecob\/?p=7740"},"modified":"2013-01-22T14:48:04","modified_gmt":"2013-01-22T12:48:04","slug":"los-polos-del-frio","status":"publish","type":"post","link":"https:\/\/alpoma.net\/tecob\/?p=7740","title":{"rendered":"Los Polos del fr\u00edo"},"content":{"rendered":"<p><a href=\"http:\/\/www.flickr.com\/photos\/alpoma\/5294160111\/\" title=\"Nieve, on Flickr\"><img loading=\"lazy\" decoding=\"async\" src=\"http:\/\/farm6.staticflickr.com\/5049\/5294160111_48797a6564_m.jpg\" width=\"240\" height=\"189\" alt=\"Nieve\" class=\"dch\"\/><\/a>Est\u00e1 nevando en los alrededores, hace fresco&#8230; vale, hace fr\u00edo, mucho fr\u00edo. Pero no es nada, no al menos si se compara con ciertos lugares de nuestro planeta que se conocen como <strong>Polos fr\u00edos<\/strong>. Ayer en <strong><a href=\"http:\/\/www.tiempo.com\/ram\/30124\/un-nuevo-polo-de-frio-y-de-extremos-descubierto-el-5o-del-mundo\/\">una nota de la Revista del Aficionado a la Meteorolog\u00eda<\/a><\/strong> (RAM) se mencionaba el \u00abdescubrimiento\u00bb de uno nuevo de estos polos. Lo de descubrir, o no, un Polo fr\u00edo es algo relativamente subjetivo, pues depende de la estad\u00edstica y la fiabilidad de los datos meteorol\u00f3gicos. Puede que haya lugares que posiblemente entren de lleno en la categor\u00eda de Polos del fr\u00edo y que, por falta de datos, no se hayan considerado como tales.<\/p>\n<p>En realidad, hay muchos puntos que podr\u00edan ser <strong><a href=\"http:\/\/es.wikipedia.org\/wiki\/Polo_del_fr%C3%ADo\">Polos del fr\u00edo<\/a><\/strong> y no dudo que la lista ir\u00e1 creciendo con el tiempo seg\u00fan se vayan analizando m\u00e1s datos. Estos lugares se seleccionan cuando en ellos se registran temperaturas extremadamente bajas en el aire, tanto que pueden considerarse como las fr\u00edas del planeta y, no, aunque se llamen polos no se sit\u00faan precisamente en los polos geogr\u00e1ficos. En el <strong>hemisferio sur<\/strong> el Polo del fr\u00edo m\u00e1s extremo se localiza en la <strong>Ant\u00e1rtida<\/strong>, precisamente en la <strong>Base Vostok<\/strong> perteneciente a Rusia. All\u00ed, <strong>en julio del a\u00f1o 83 se registr\u00f3 la temperatura natural m\u00e1s fr\u00eda de todas las tomadas hasta ahora, unos 89,2\u00b0C bajo cero<\/strong>. Ni me acerco a imaginar lo que puede sentirse en un lugar as\u00ed a la intemperie. Ese lugar es ciertamente terrible, se localiza a casi 3.500 metros de altitud y est\u00e1 aislado en el interior del continente ant\u00e1rtico, a m\u00e1s de un millar de kil\u00f3metros de la costa. All\u00ed lo m\u00e1s caluroso nunca supera varias decenas de grados bajo cero, por lo que, en comparaci\u00f3n, el Polo Sur casi puede considerarse como lugar de veraneo, por lo menos all\u00ed en muchas ocasiones las temperaturas superan holgadamente los 0\u00b0C. Naturalmente, Vostok es el Polo del fr\u00edo reinante porque all\u00ed existe una <strong>estaci\u00f3n meteorol\u00f3gica<\/strong>, a buen seguro que muchos otros lugares de la ant\u00e1rtida pueden ofrecer datos m\u00e1s extemos pero sin registros es como si no existieran.<\/p>\n<p>En el <strong>hemisferio norte<\/strong> nos tomamos las cosas un poco mejor, aunque si consideramos el <strong>rango de temperaturas entre la m\u00e1xima y la m\u00ednima absolutas registradas<\/strong> la cosa deja de tener gracia. En <strong>Siberia<\/strong> est\u00e1n localizadas la mayor parte de los Polos del fr\u00edo septentrionales. He aqu\u00ed, por ejemplo, una lista de esos casos extremos mencionados en la nota de la RAM de ayer:<\/p>\n<ul>\n<li>Verkoyansk: 104.9\u00b0C rango: -67.6\u00b0C  y 37.3\u00b0C.<\/li>\n<li>Batamaj: 103.7\u00b0C  rango: -65.7\u00b0C y 38.0\u2019C.<\/li>\n<li>Yakutsk: 102.8\u00b0C rango: -64.4\u00b0C y 38.4\u00b0C.<\/li>\n<li>Oymyakon: 102.3\u00b0C rango: -67.7\u00b0C y 34.6\u00b0C.<\/li>\n<li>Orlovka: 102.0\u00b0 rango : -62.0\u00b0C , 40.0\u00b0C.<\/li>\n<li>Amga: 102.0\u00b0 rango: -63.0\u00b0C y 39.0\u00b0C.<\/li>\n<\/ul>\n","protected":false},"excerpt":{"rendered":"<div class=\"mh-excerpt\"><p>Est\u00e1 nevando en los alrededores, hace fresco&#8230; vale, hace fr\u00edo, mucho fr\u00edo. Pero no es nada, no al menos si se compara con ciertos lugares de nuestro planeta que se <a class=\"mh-excerpt-more\" href=\"https:\/\/alpoma.net\/tecob\/?p=7740\" title=\"Los Polos del fr\u00edo\">[&#8230;]<\/a><\/p>\n<\/div>","protected":false},"author":1,"featured_media":10473,"comment_status":"open","ping_status":"open","sticky":false,"template":"","format":"standard","meta":{"jetpack_post_was_ever_published":false,"_jetpack_newsletter_access":"","_jetpack_dont_email_post_to_subs":false,"_jetpack_newsletter_tier_id":0,"_jetpack_memberships_contains_paywalled_content":false,"_jetpack_memberships_contains_paid_content":false,"footnotes":""},"categories":[8,5],"tags":[],"class_list":["post-7740","post","type-post","status-publish","format-standard","has-post-thumbnail","hentry","category-clima","category-geo"],"jetpack_featured_media_url":"https:\/\/alpoma.net\/tecob\/wp-content\/uploads\/2013\/01\/5294160111_48797a6564_m.jpg","jetpack_shortlink":"https:\/\/wp.me\/p93Dc1-20Q","jetpack-related-posts":[{"id":6174,"url":"https:\/\/alpoma.net\/tecob\/?p=6174","url_meta":{"origin":7740,"position":0},"title":"Invierno en Yakutsk","author":"alpoma","date":"2 febrero 2012","format":false,"excerpt":"Hoy hace fr\u00edo, mucho fr\u00edo, ha llegado eso que por ah\u00ed llaman \"ola de fr\u00edo siberiano\", una expresi\u00f3n sobre la que habr\u00eda mucho que comentar. Esto me ha recordado cierto lugar de la Siberia oriental que es conocido, precisamente, por sus duros inviernos. Se trata de la ciudad minera de\u2026","rel":"","context":"En \u00abGeo\u00bb","block_context":{"text":"Geo","link":"https:\/\/alpoma.net\/tecob\/?cat=5"},"img":{"alt_text":"","src":"","width":0,"height":0},"classes":[]},{"id":540,"url":"https:\/\/alpoma.net\/tecob\/?p=540","url_meta":{"origin":7740,"position":1},"title":"1816, el a\u00f1o sin verano","author":"alpoma","date":"19 junio 2016","format":false,"excerpt":"Publiqu\u00e9 este articulo hace ahora diez a\u00f1os, en el verano de 2006. Ahora que se cumplen dos siglos del \"a\u00f1o sin verano\" y como complemento a mi art\u00edculo del pasado viernes sobre Andrew Crosse y Frankenstein, lo rescato de las brumas del tiempo... El verano de 1816 no puede decirse\u2026","rel":"","context":"En \u00abClima\u00bb","block_context":{"text":"Clima","link":"https:\/\/alpoma.net\/tecob\/?cat=8"},"img":{"alt_text":"","src":"https:\/\/i0.wp.com\/alpoma.net\/tecob\/wp-content\/uploads\/2006\/07\/192859965_468160e56a_o.jpg?resize=350%2C200&ssl=1","width":350,"height":200,"srcset":"https:\/\/i0.wp.com\/alpoma.net\/tecob\/wp-content\/uploads\/2006\/07\/192859965_468160e56a_o.jpg?resize=350%2C200&ssl=1 1x, https:\/\/i0.wp.com\/alpoma.net\/tecob\/wp-content\/uploads\/2006\/07\/192859965_468160e56a_o.jpg?resize=525%2C300&ssl=1 1.5x"},"classes":[]},{"id":1925,"url":"https:\/\/alpoma.net\/tecob\/?p=1925","url_meta":{"origin":7740,"position":2},"title":"Nieve, lluvia e inundaciones (1910)","author":"alpoma","date":"9 enero 2010","format":false,"excerpt":"Ahora que, al otear por la ventana, veo a lo lejos Pe\u00f1a Mayor cubierta por completo de nieve. Cuando, al mismo tiempo, mire donde mire, las calles, los \u00e1rboles y los tejados est\u00e1n te\u00f1idos de blanco y en el exterior la temperatura sigue bajo cero, me ha picado la curiosidad\u2026","rel":"","context":"En \u00abClima\u00bb","block_context":{"text":"Clima","link":"https:\/\/alpoma.net\/tecob\/?cat=8"},"img":{"alt_text":"","src":"","width":0,"height":0},"classes":[]},{"id":590,"url":"https:\/\/alpoma.net\/tecob\/?p=590","url_meta":{"origin":7740,"position":3},"title":"El cielo en movimiento","author":"alpoma","date":"11 septiembre 2006","format":false,"excerpt":"Cualquiera que haya mirado a las estrellas en una noche despejada, se ha dado cuenta de que, a pesar de mantenerse aparentemente \"fijas\" entre s\u00ed, las estrellas se mueven. Cada noche, aparecer\u00e1n las mismas estrellas que en observaciones realizadas d\u00edas antes, pero ligeramente desviadas de la posici\u00f3n en la que\u2026","rel":"","context":"En \u00abGeo\u00bb","block_context":{"text":"Geo","link":"https:\/\/alpoma.net\/tecob\/?cat=5"},"img":{"alt_text":"","src":"https:\/\/i0.wp.com\/alpoma.net\/tecob\/wp-content\/uploads\/2006\/09\/240696040_11480c9bc7_o.jpg?resize=350%2C200&ssl=1","width":350,"height":200,"srcset":"https:\/\/i0.wp.com\/alpoma.net\/tecob\/wp-content\/uploads\/2006\/09\/240696040_11480c9bc7_o.jpg?resize=350%2C200&ssl=1 1x, https:\/\/i0.wp.com\/alpoma.net\/tecob\/wp-content\/uploads\/2006\/09\/240696040_11480c9bc7_o.jpg?resize=525%2C300&ssl=1 1.5x"},"classes":[]},{"id":593,"url":"https:\/\/alpoma.net\/tecob\/?p=593","url_meta":{"origin":7740,"position":4},"title":"Gracias a la Luna&#8230;","author":"alpoma","date":"15 septiembre 2006","format":false,"excerpt":"Conocido es que la Tierra, mantiene una inclinaci\u00f3n \"constante\" de 23,5\u00ba respecto del plano orbital. Esta inclinaci\u00f3n del ecuador con respecto a la ecl\u00edptica, llamada oblicuidad, hace que las cosas en nuestro planeta sean m\u00e1s divertidas, o pesadas seg\u00fan se mire, que si se tratara de un planeta cuyo ecuador\u2026","rel":"","context":"En \u00abGeo\u00bb","block_context":{"text":"Geo","link":"https:\/\/alpoma.net\/tecob\/?cat=5"},"img":{"alt_text":"oblicuidad","src":"https:\/\/i0.wp.com\/static.flickr.com\/91\/243960860_83e611ecc3_o.jpg?resize=350%2C200","width":350,"height":200},"classes":[]},{"id":6442,"url":"https:\/\/alpoma.net\/tecob\/?p=6442","url_meta":{"origin":7740,"position":5},"title":"Brinicle, estalactita mortal","author":"alpoma","date":"20 marzo 2012","format":false,"excerpt":"No ten\u00eda ni idea de que algo as\u00ed se hubiera grabado. Conoc\u00eda la teor\u00eda, pero siempre pens\u00e9 que era algo demasiado esquivo como para poder ser contemplado en v\u00eddeo. Hoy una anotaci\u00f3n de la RAM ha mencionado un v\u00eddeo sobre el fen\u00f3meno, no es que trate de una toma reciente,\u2026","rel":"","context":"En \u00abGeo\u00bb","block_context":{"text":"Geo","link":"https:\/\/alpoma.net\/tecob\/?cat=5"},"img":{"alt_text":"","src":"","width":0,"height":0},"classes":[]}],"jetpack_sharing_enabled":true,"_links":{"self":[{"href":"https:\/\/alpoma.net\/tecob\/index.php?rest_route=\/wp\/v2\/posts\/7740","targetHints":{"allow":["GET"]}}],"collection":[{"href":"https:\/\/alpoma.net\/tecob\/index.php?rest_route=\/wp\/v2\/posts"}],"about":[{"href":"https:\/\/alpoma.net\/tecob\/index.php?rest_route=\/wp\/v2\/types\/post"}],"author":[{"embeddable":true,"href":"https:\/\/alpoma.net\/tecob\/index.php?rest_route=\/wp\/v2\/users\/1"}],"replies":[{"embeddable":true,"href":"https:\/\/alpoma.net\/tecob\/index.php?rest_route=%2Fwp%2Fv2%2Fcomments&post=7740"}],"version-history":[{"count":0,"href":"https:\/\/alpoma.net\/tecob\/index.php?rest_route=\/wp\/v2\/posts\/7740\/revisions"}],"wp:featuredmedia":[{"embeddable":true,"href":"https:\/\/alpoma.net\/tecob\/index.php?rest_route=\/wp\/v2\/media\/10473"}],"wp:attachment":[{"href":"https:\/\/alpoma.net\/tecob\/index.php?rest_route=%2Fwp%2Fv2%2Fmedia&parent=7740"}],"wp:term":[{"taxonomy":"category","embeddable":true,"href":"https:\/\/alpoma.net\/tecob\/index.php?rest_route=%2Fwp%2Fv2%2Fcategories&post=7740"},{"taxonomy":"post_tag","embeddable":true,"href":"https:\/\/alpoma.net\/tecob\/index.php?rest_route=%2Fwp%2Fv2%2Ftags&post=7740"}],"curies":[{"name":"wp","href":"https:\/\/api.w.org\/{rel}","templated":true}]}}