{"id":7719,"date":"2013-01-20T23:51:12","date_gmt":"2013-01-20T21:51:12","guid":{"rendered":"http:\/\/www.alpoma.net\/tecob\/?p=7719"},"modified":"2013-01-20T23:51:12","modified_gmt":"2013-01-20T21:51:12","slug":"dies-irae","status":"publish","type":"post","link":"https:\/\/alpoma.net\/tecob\/?p=7719","title":{"rendered":"Dies irae"},"content":{"rendered":"<p><a href=\"http:\/\/www.flickr.com\/photos\/alpoma\/8361261506\/\" title=\"Entre nieblas by alpoma, on Flickr\"><img loading=\"lazy\" decoding=\"async\" src=\"http:\/\/farm9.staticflickr.com\/8098\/8361261506_f28c4254c9_m.jpg\" width=\"240\" height=\"240\" alt=\"Entre nieblas\" class=\"dch\"\/><\/a>Llevo toda la tarde maquetando varios proyectos y, hace un rato, he hecho una pausa para leer alg\u00fan blog de esos que hace siglos que no visito por falta de tiempo. La casualidad ha hecho que, mientras sonaba de fondo el <strong>R\u00e9quiem Polanco de Krzysztof Penderecki<\/strong> (<a href=\"http:\/\/open.spotify.com\/track\/5fzYhjicbPnXbduCoaonbp\">Spotify<\/a>), apareciera en pantalla <strong><a href=\"http:\/\/blogthoven.tumblr.com\/post\/40859579714\/i-love\">la siguiente anotaci\u00f3n de <em>Blogthoven<\/em><\/a><\/strong>:<\/p>\n<blockquote><p>I love when the Dies irae appears in music.<\/p><\/blockquote>\n<p>Comparto la misma opini\u00f3n y sentimiento porque, aunque en la composici\u00f3n de Penderecki no haya referencia directa al <strong><a href=\"http:\/\/es.wikipedia.org\/wiki\/Dies_irae\">antiqu\u00edsimo sonido del himno latino del siglo XIII<\/a>, que posiblemente sea incluso anterior<\/strong>, s\u00ed me ha recordado muchas otras misas de R\u00e9quiem o composiciones similares en las que aparece <strong>esa melod\u00eda que a buen seguro todo el mundo ha escuchado alguna vez<\/strong> (<strong><a href=\"http:\/\/commons.wikimedia.org\/wiki\/File:Liszt_Totentanz.ogg\">esc\u00fachese<\/a><\/strong>, por ejemplo, la <strong>Totentanz<\/strong> de Liszt).<\/p>\n<p><iframe loading=\"lazy\" src=\"\/\/commons.wikimedia.org\/wiki\/File:Liszt_Totentanz.ogg?embedplayer=yes\" width=\"620\" height=\"23\" frameborder=\"0\" webkitAllowFullScreen mozallowfullscreen allowFullScreen><\/iframe><\/p>\n<p>Este himno aparece por doquier no s\u00f3lo en misas de R\u00e9quiem o en composiciones \u00aboscuras\u00bb de corte parecido, sino que ha servido tambi\u00e9n de inspiraci\u00f3n en multitud de obras de todo tipo a lo largo de los siglos. No est\u00e1 clara su autor\u00eda, pero su fuerza ha sido tal que ha sobrevivido inalterado, manteniendo todo su poder evocador. La m\u00fasica de este himno cuya letra se ambienta en el momento m\u00e1s tr\u00e1gico del Juicio Final de la tradici\u00f3n cat\u00f3lica, la separaci\u00f3n de las almas, ha inspirado momentos sonoros sin igual como, por ejemplo, uno perteneciente a la <strong><a href=\"http:\/\/es.wikipedia.org\/wiki\/Rapsodia_sobre_un_tema_de_Paganini\">Rapsodia sobre un tema de Paganini<\/a><\/strong> obra de Serg\u00e9i Rachmaninov (<a href=\"http:\/\/open.spotify.com\/track\/7iq161FBzaIxwrcPCFmCQC\">Spotify<\/a>). A Rachmaninov esta m\u00fasica le fascinaba, as\u00ed que no extra\u00f1ar\u00e1 que a lo largo de su obra aparezcan muchas otras referencias al Dies irae \u00abgregoriano\u00bb.<\/p>\n<p>Por supuesto, un Dies irae c\u00e9lebre, aunque tampoco recuerde de forma clara al \u00aboriginal\u00bb medieval es el que <strong><a href=\"http:\/\/archive.org\/details\/MozartK626Requiem3.DiesIrae\">aparece en el<em> R\u00e9quiem de Mozart<\/em><\/a><\/strong>.<\/p>\n<p><iframe loading=\"lazy\" src=\"http:\/\/archive.org\/embed\/MozartK626Requiem3.DiesIrae\" width=\"620\" height=\"30\" frameborder=\"0\"><\/iframe><\/p>\n<p>La <strong><a href=\"http:\/\/en.wikipedia.org\/wiki\/Dies_Irae#Musical_quotations\">lista de composiciones<\/a><\/strong> que se han dejado seducir por el Dies irae puede llenar toda una enciclopedia y no es momento, ni hay tiempo ahora, para hacer un repaso m\u00ednimamente completo. Lo que s\u00ed quiero es aprovechar el momento para recomendar un R\u00e9quiem muy poco conocido pero que es mi favorito. Se trata del R\u00e9quiem de <strong><a href=\"http:\/\/es.wikipedia.org\/wiki\/Alfred_Schnittke\">Alfred Schnittke<\/a><\/strong> (<a href=\"http:\/\/open.spotify.com\/track\/2Fk5rAItOyv8VhCUm58XAx\">Spotify<\/a>). S\u00ed, hasta en esto ten\u00eda que ser raro. Sigamos maquetando&#8230;<\/p>\n","protected":false},"excerpt":{"rendered":"<div class=\"mh-excerpt\"><p>Llevo toda la tarde maquetando varios proyectos y, hace un rato, he hecho una pausa para leer alg\u00fan blog de esos que hace siglos que no visito por falta de <a class=\"mh-excerpt-more\" href=\"https:\/\/alpoma.net\/tecob\/?p=7719\" title=\"Dies irae\">[&#8230;]<\/a><\/p>\n<\/div>","protected":false},"author":1,"featured_media":10888,"comment_status":"open","ping_status":"open","sticky":false,"template":"","format":"standard","meta":{"jetpack_post_was_ever_published":false,"_jetpack_newsletter_access":"","_jetpack_dont_email_post_to_subs":false,"_jetpack_newsletter_tier_id":0,"_jetpack_memberships_contains_paywalled_content":false,"_jetpack_memberships_contains_paid_content":false,"footnotes":""},"categories":[42,2],"tags":[],"class_list":["post-7719","post","type-post","status-publish","format-standard","has-post-thumbnail","hentry","category-musica","category-personal"],"jetpack_featured_media_url":"https:\/\/alpoma.net\/tecob\/wp-content\/uploads\/2013\/01\/8361261506_f28c4254c9_m.jpg","jetpack_shortlink":"https:\/\/wp.me\/p93Dc1-20v","jetpack-related-posts":[{"id":4666,"url":"https:\/\/alpoma.net\/tecob\/?p=4666","url_meta":{"origin":7719,"position":0},"title":"Burr\u00f3metro de intemperie","author":"alpoma","date":"26 abril 2011","format":false,"excerpt":"Esta ma\u00f1ana temprano tuve que viajar hasta Cervera de Pisuerga \u2014s\u00ed, el pueblo de los socorritos del que escrib\u00ed hace poco\u2014 para pasar la ITV al coche. Despu\u00e9s del tr\u00e1mite pas\u00e9 un rato entre calles y me llam\u00f3 la atenci\u00f3n la proliferaci\u00f3n que en diversos escaparates hab\u00eda de azulejos con\u2026","rel":"","context":"En \u00abPersonal\u00bb","block_context":{"text":"Personal","link":"https:\/\/alpoma.net\/tecob\/?cat=2"},"img":{"alt_text":"","src":"https:\/\/i0.wp.com\/alpoma.net\/tecob\/wp-content\/uploads\/2011\/04\/5656728689_ccfb5a1866_o.jpg?resize=350%2C200&ssl=1","width":350,"height":200,"srcset":"https:\/\/i0.wp.com\/alpoma.net\/tecob\/wp-content\/uploads\/2011\/04\/5656728689_ccfb5a1866_o.jpg?resize=350%2C200&ssl=1 1x, https:\/\/i0.wp.com\/alpoma.net\/tecob\/wp-content\/uploads\/2011\/04\/5656728689_ccfb5a1866_o.jpg?resize=525%2C300&ssl=1 1.5x"},"classes":[]},{"id":274,"url":"https:\/\/alpoma.net\/tecob\/?p=274","url_meta":{"origin":7719,"position":1},"title":"Jagadis Chandra Bose, pionero de las microondas","author":"alpoma","date":"19 diciembre 2005","format":false,"excerpt":"Hace m\u00e1s de cien a\u00f1os, cuando la radio estaba naciendo, la electr\u00f3nica era poco menos que un asunto de la imaginaci\u00f3n y las comunicaciones a distancia se limitaban a la utilizaci\u00f3n del tel\u00e9grafo, un pionero de la India, Jagadis (o tambi\u00e9n Jagdish) Chandra Bose, tuvo la osad\u00eda de presentarse ante\u2026","rel":"","context":"En \u00abInnovaci\u00f3n\u00bb","block_context":{"text":"Innovaci\u00f3n","link":"https:\/\/alpoma.net\/tecob\/?cat=4"},"img":{"alt_text":"","src":"https:\/\/i0.wp.com\/alpoma.net\/tecob\/wp-content\/uploads\/2005\/12\/bose.jpg?resize=350%2C200&ssl=1","width":350,"height":200},"classes":[]},{"id":3155,"url":"https:\/\/alpoma.net\/tecob\/?p=3155","url_meta":{"origin":7719,"position":2},"title":"\u00a1Polvos para hacer sardinas!","author":"alpoma","date":"20 julio 2010","format":false,"excerpt":"Me he cruzado con esta historia decenas de veces al repasar la prensa de la segunda mitad del siglo XIX. Todav\u00eda no tengo muchos detalles, y puede que nunca llegue al fondo de la historia, pero es bien curiosa. Al parecer, el dichoso anuncio sobre \"Polvos para hacer sardinas\" fue\u2026","rel":"","context":"En \u00abMade in Spain\u00bb","block_context":{"text":"Made in Spain","link":"https:\/\/alpoma.net\/tecob\/?cat=10"},"img":{"alt_text":"","src":"https:\/\/i0.wp.com\/alpoma.net\/tecob\/wp-content\/uploads\/2010\/07\/4812858771_1fb99dc757_o.jpg?resize=350%2C200&ssl=1","width":350,"height":200,"srcset":"https:\/\/i0.wp.com\/alpoma.net\/tecob\/wp-content\/uploads\/2010\/07\/4812858771_1fb99dc757_o.jpg?resize=350%2C200&ssl=1 1x, https:\/\/i0.wp.com\/alpoma.net\/tecob\/wp-content\/uploads\/2010\/07\/4812858771_1fb99dc757_o.jpg?resize=525%2C300&ssl=1 1.5x"},"classes":[]},{"id":3284,"url":"https:\/\/alpoma.net\/tecob\/?p=3284","url_meta":{"origin":7719,"position":3},"title":"\u00bfC\u00f3mo hacer levitar un objeto?","author":"alpoma","date":"4 agosto 2010","format":false,"excerpt":"Sin imanes, s\u00f3lo con magia, queridos amigos de la escuela de magos... perd\u00f3n, ser\u00e1 mejor empezar nuevamente porque aqu\u00ed de varitas m\u00e1gicas y dem\u00e1s artilugios imaginarios no tenemos nada. \u00a1S\u00f3lo ciencia! \u00bfAcaso hace falta algo m\u00e1s? En primer lugar, veamos en el siguiente v\u00eddeo c\u00f3mo hacer levitar un peque\u00f1o barco\u2026","rel":"","context":"En \u00abExperimentos\u00bb","block_context":{"text":"Experimentos","link":"https:\/\/alpoma.net\/tecob\/?cat=9"},"img":{"alt_text":"","src":"","width":0,"height":0},"classes":[]},{"id":454,"url":"https:\/\/alpoma.net\/tecob\/?p=454","url_meta":{"origin":7719,"position":4},"title":"Ulysses 31, recordando la ni\u00f1ez","author":"alpoma","date":"29 abril 2006","format":false,"excerpt":"Estos d\u00edas del puente de Mayo las tiendas no abren, as\u00ed que si uno no quiere ver el frigor\u00edfico peligrosamente vac\u00edo, lo mejor es reponer existencias. Dicho y hecho, a pasar un rato por la tarde a un centro comercial. En esto est\u00e1bamos cuando, al pasar por la secci\u00f3n de\u2026","rel":"","context":"En \u00abPersonal\u00bb","block_context":{"text":"Personal","link":"https:\/\/alpoma.net\/tecob\/?cat=2"},"img":{"alt_text":"","src":"https:\/\/i0.wp.com\/alpoma.net\/tecob\/wp-content\/uploads\/2006\/04\/137026110_88179e8c5d_m.jpg?resize=350%2C200&ssl=1","width":350,"height":200},"classes":[]},{"id":378,"url":"https:\/\/alpoma.net\/tecob\/?p=378","url_meta":{"origin":7719,"position":5},"title":"Pueblos a medida","author":"alpoma","date":"2 marzo 2006","format":false,"excerpt":"La reciente noticia que nos cuenta la idea del empresario \"pizzero\" Tom Monaghan de crear su propia ciudad en Florida, me ha tra\u00eddo a la mente algo muy similar, una aventura que limita con la megaloman\u00eda, una ciudad creada hace m\u00e1s de un siglo en Chicago, me refiero a la\u2026","rel":"","context":"En \u00abGeo\u00bb","block_context":{"text":"Geo","link":"https:\/\/alpoma.net\/tecob\/?cat=5"},"img":{"alt_text":"","src":"https:\/\/i0.wp.com\/alpoma.net\/tecob\/wp-content\/uploads\/2006\/03\/106798025_996c4e37a5.jpg?resize=350%2C200&ssl=1","width":350,"height":200},"classes":[]}],"jetpack_sharing_enabled":true,"_links":{"self":[{"href":"https:\/\/alpoma.net\/tecob\/index.php?rest_route=\/wp\/v2\/posts\/7719","targetHints":{"allow":["GET"]}}],"collection":[{"href":"https:\/\/alpoma.net\/tecob\/index.php?rest_route=\/wp\/v2\/posts"}],"about":[{"href":"https:\/\/alpoma.net\/tecob\/index.php?rest_route=\/wp\/v2\/types\/post"}],"author":[{"embeddable":true,"href":"https:\/\/alpoma.net\/tecob\/index.php?rest_route=\/wp\/v2\/users\/1"}],"replies":[{"embeddable":true,"href":"https:\/\/alpoma.net\/tecob\/index.php?rest_route=%2Fwp%2Fv2%2Fcomments&post=7719"}],"version-history":[{"count":0,"href":"https:\/\/alpoma.net\/tecob\/index.php?rest_route=\/wp\/v2\/posts\/7719\/revisions"}],"wp:featuredmedia":[{"embeddable":true,"href":"https:\/\/alpoma.net\/tecob\/index.php?rest_route=\/wp\/v2\/media\/10888"}],"wp:attachment":[{"href":"https:\/\/alpoma.net\/tecob\/index.php?rest_route=%2Fwp%2Fv2%2Fmedia&parent=7719"}],"wp:term":[{"taxonomy":"category","embeddable":true,"href":"https:\/\/alpoma.net\/tecob\/index.php?rest_route=%2Fwp%2Fv2%2Fcategories&post=7719"},{"taxonomy":"post_tag","embeddable":true,"href":"https:\/\/alpoma.net\/tecob\/index.php?rest_route=%2Fwp%2Fv2%2Ftags&post=7719"}],"curies":[{"name":"wp","href":"https:\/\/api.w.org\/{rel}","templated":true}]}}