{"id":765,"date":"2007-08-27T13:56:07","date_gmt":"2007-08-27T11:56:07","guid":{"rendered":"http:\/\/www.alpoma.net\/tecob\/?p=765"},"modified":"2007-08-27T14:10:26","modified_gmt":"2007-08-27T12:10:26","slug":"para-que-no-se-olviden","status":"publish","type":"post","link":"https:\/\/alpoma.net\/tecob\/?p=765","title":{"rendered":"Para que no se olviden"},"content":{"rendered":"<p><img decoding=\"async\" src=\"http:\/\/farm2.static.flickr.com\/1014\/1248092425_7c242ea75a_o.jpg\" alt=\"img\" class=\"dch\"\/>A ra\u00edz del art\u00edculo que publiqu\u00e9 hace unas semanas sobre<strong> <a href=\"http:\/\/www.alpoma.net\/tecob\/?p=730\">viejos libros de Ediciones Plesa-SM<\/a><\/strong>, comenzaron a llegar bastantes comentarios que se interesaron por el asunto. Entre ellos, destac\u00f3 <strong>Miguel \u00c1ngel<\/strong>, que <strong>apasionadamente<\/strong> ha creado un espacio en la red con un objetivo muy claro: \u00ab&#8230;<em>preservar los libros que ense\u00f1aron a toda una generaci\u00f3n<\/em>\u00bb o, lo que es lo mismo, una especie de biblioteca virtual que agrupe todos aquellos libros y los salve del olvido en el que est\u00e1n sumidos. Una magn\u00edfica iniciativa:<\/p>\n<p><strong><a href=\"http:\/\/www.paraquenoseolviden.com\/\" class=\"enlaces\">Para que no se olviden, Un proyecto web para preservar los libros que ense\u00f1aron a toda una generaci\u00f3n<\/a><\/strong><\/p>\n","protected":false},"excerpt":{"rendered":"<div class=\"mh-excerpt\"><p>A ra\u00edz del art\u00edculo que publiqu\u00e9 hace unas semanas sobre viejos libros de Ediciones Plesa-SM, comenzaron a llegar bastantes comentarios que se interesaron por el asunto. Entre ellos, destac\u00f3 Miguel <a class=\"mh-excerpt-more\" href=\"https:\/\/alpoma.net\/tecob\/?p=765\" title=\"Para que no se olviden\">[&#8230;]<\/a><\/p>\n<\/div>","protected":false},"author":1,"featured_media":10844,"comment_status":"open","ping_status":"open","sticky":false,"template":"","format":"standard","meta":{"jetpack_post_was_ever_published":false,"_jetpack_newsletter_access":"","_jetpack_dont_email_post_to_subs":false,"_jetpack_newsletter_tier_id":0,"_jetpack_memberships_contains_paywalled_content":false,"_jetpack_memberships_contains_paid_content":false,"footnotes":""},"categories":[3,2],"tags":[],"class_list":["post-765","post","type-post","status-publish","format-standard","has-post-thumbnail","hentry","category-obsolescencia","category-personal"],"jetpack_featured_media_url":"https:\/\/alpoma.net\/tecob\/wp-content\/uploads\/2007\/08\/1248092425_7c242ea75a_o.jpg","jetpack_shortlink":"https:\/\/wp.me\/p93Dc1-cl","jetpack-related-posts":[{"id":11230,"url":"https:\/\/alpoma.net\/tecob\/?p=11230","url_meta":{"origin":765,"position":0},"title":"Libros t\u00fanel, un espect\u00e1culo tridimensional del siglo XVIII","author":"alpoma","date":"5 abril 2015","format":false,"excerpt":"A principios de enero de este a\u00f1o tuve la ocasi\u00f3n de disfrutar en la Sala Municipal de Exposiciones de la Casa Revilla de Valladolid de una exposici\u00f3n memorable. Se trataba de Una historia de los libros plegables, que reun\u00eda lo mejor de la colecci\u00f3n que con los a\u00f1os han ido\u2026","rel":"","context":"En \u00abObsolescencia\u00bb","block_context":{"text":"Obsolescencia","link":"https:\/\/alpoma.net\/tecob\/?cat=3"},"img":{"alt_text":"","src":"https:\/\/i0.wp.com\/alpoma.net\/tecob\/wp-content\/uploads\/2015\/04\/4554202783_7f2229b8e4_z.jpg?resize=350%2C200&ssl=1","width":350,"height":200,"srcset":"https:\/\/i0.wp.com\/alpoma.net\/tecob\/wp-content\/uploads\/2015\/04\/4554202783_7f2229b8e4_z.jpg?resize=350%2C200&ssl=1 1x, https:\/\/i0.wp.com\/alpoma.net\/tecob\/wp-content\/uploads\/2015\/04\/4554202783_7f2229b8e4_z.jpg?resize=525%2C300&ssl=1 1.5x"},"classes":[]},{"id":4478,"url":"https:\/\/alpoma.net\/tecob\/?p=4478","url_meta":{"origin":765,"position":1},"title":"Un libro cada treinta segundos","author":"alpoma","date":"3 abril 2011","format":false,"excerpt":"Tocar los libros, de Jes\u00fas Marchamalo, es un librillo encantador. S\u00ed, es como un aperitivo muy sabroso que, adem\u00e1s, se lee en el tiempo que puede llevar tomar una buena tapa de bar. No dudo en recomendar que se asomen a sus p\u00e1ginas quienes, como yo, guarden man\u00edas curiosas a\u2026","rel":"","context":"En \u00abPersonal\u00bb","block_context":{"text":"Personal","link":"https:\/\/alpoma.net\/tecob\/?cat=2"},"img":{"alt_text":"tocar_libros","src":"https:\/\/i0.wp.com\/farm6.static.flickr.com\/5107\/5584808206_892b6f5294_m.jpg?resize=350%2C200","width":350,"height":200},"classes":[]},{"id":1174,"url":"https:\/\/alpoma.net\/tecob\/?p=1174","url_meta":{"origin":765,"position":2},"title":"Sobre libros encuadernados con piel humana","author":"alpoma","date":"17 julio 2009","format":false,"excerpt":"Un reciente art\u00edculo de Los Angeles Times me ha hecho buscar otro art\u00edculo que le\u00ed hace tiempo sobre un macabro tema en el que, por lo general, se suele mezclar la ficci\u00f3n y lo real. Se trata de los libros encuadernados con piel humana que, a decir de los bibli\u00f3filos\u2026","rel":"","context":"En \u00abObsolescencia\u00bb","block_context":{"text":"Obsolescencia","link":"https:\/\/alpoma.net\/tecob\/?cat=3"},"img":{"alt_text":"","src":"https:\/\/i0.wp.com\/alpoma.net\/tecob\/wp-content\/uploads\/2009\/07\/3729669088_cefa2335bf_m.jpg?resize=350%2C200&ssl=1","width":350,"height":200},"classes":[]},{"id":13658,"url":"https:\/\/alpoma.net\/tecob\/?p=13658","url_meta":{"origin":765,"position":3},"title":"Un lector port\u00e1til de libros de 1920","author":"alpoma","date":"14 septiembre 2018","format":false,"excerpt":"Buscando cierta informaci\u00f3n sobre la Primera Guerra Mundial en la Biblioteca del Congreso de los Estados Unidos, me estrell\u00e9 de lleno con este personaje en una serie de fotograf\u00edas que datan de 1920... Lo m\u00e1s gracioso es que era precisamente a \u00e9l a quien buscaba, solo que en una ocupaci\u00f3n\u2026","rel":"","context":"En \u00abObsolescencia\u00bb","block_context":{"text":"Obsolescencia","link":"https:\/\/alpoma.net\/tecob\/?cat=3"},"img":{"alt_text":"","src":"https:\/\/i0.wp.com\/alpoma.net\/tecob\/wp-content\/uploads\/2018\/09\/fiske.png?resize=350%2C200&ssl=1","width":350,"height":200},"classes":[]},{"id":2880,"url":"https:\/\/alpoma.net\/tecob\/?p=2880","url_meta":{"origin":765,"position":4},"title":"Dos libros para el verano","author":"alpoma","date":"6 junio 2010","format":false,"excerpt":"Lo que sigue no es m\u00e1s que una sencilla nota personal en forma de recomendaci\u00f3n o, m\u00e1s bien, sugerencia. Cuando se acerca el verano, suelo escribir sobre libros en TecOb. Por lo general se trata de realizar un leve repaso a los libros interesantes con que me haya cruzado a\u2026","rel":"","context":"En \u00abPersonal\u00bb","block_context":{"text":"Personal","link":"https:\/\/alpoma.net\/tecob\/?cat=2"},"img":{"alt_text":"","src":"https:\/\/i0.wp.com\/alpoma.net\/tecob\/wp-content\/uploads\/2010\/06\/4675221572_d5a755a06f_o.jpg?resize=350%2C200&ssl=1","width":350,"height":200,"srcset":"https:\/\/i0.wp.com\/alpoma.net\/tecob\/wp-content\/uploads\/2010\/06\/4675221572_d5a755a06f_o.jpg?resize=350%2C200&ssl=1 1x, https:\/\/i0.wp.com\/alpoma.net\/tecob\/wp-content\/uploads\/2010\/06\/4675221572_d5a755a06f_o.jpg?resize=525%2C300&ssl=1 1.5x"},"classes":[]},{"id":1221,"url":"https:\/\/alpoma.net\/tecob\/?p=1221","url_meta":{"origin":765,"position":5},"title":"C\u00f3mo se hace un libro de verdad","author":"alpoma","date":"24 septiembre 2009","format":false,"excerpt":"Sin ordenadores, ni programas de maquetaci\u00f3n, nada de impresoras digitales ni Offset, un libro de verdad se hace de otra manera. N\u00f3tese que yo entiendo \"libro de verdad\" uno realizado a la antigua usanza, como s\u00edntoma de a\u00f1oranza sin fundamento m\u00e1s all\u00e1 de lo puramente est\u00e9tico. Porque, \u00e9sto no se\u2026","rel":"","context":"En \u00abObsolescencia\u00bb","block_context":{"text":"Obsolescencia","link":"https:\/\/alpoma.net\/tecob\/?cat=3"},"img":{"alt_text":"","src":"","width":0,"height":0},"classes":[]}],"jetpack_sharing_enabled":true,"_links":{"self":[{"href":"https:\/\/alpoma.net\/tecob\/index.php?rest_route=\/wp\/v2\/posts\/765","targetHints":{"allow":["GET"]}}],"collection":[{"href":"https:\/\/alpoma.net\/tecob\/index.php?rest_route=\/wp\/v2\/posts"}],"about":[{"href":"https:\/\/alpoma.net\/tecob\/index.php?rest_route=\/wp\/v2\/types\/post"}],"author":[{"embeddable":true,"href":"https:\/\/alpoma.net\/tecob\/index.php?rest_route=\/wp\/v2\/users\/1"}],"replies":[{"embeddable":true,"href":"https:\/\/alpoma.net\/tecob\/index.php?rest_route=%2Fwp%2Fv2%2Fcomments&post=765"}],"version-history":[{"count":0,"href":"https:\/\/alpoma.net\/tecob\/index.php?rest_route=\/wp\/v2\/posts\/765\/revisions"}],"wp:featuredmedia":[{"embeddable":true,"href":"https:\/\/alpoma.net\/tecob\/index.php?rest_route=\/wp\/v2\/media\/10844"}],"wp:attachment":[{"href":"https:\/\/alpoma.net\/tecob\/index.php?rest_route=%2Fwp%2Fv2%2Fmedia&parent=765"}],"wp:term":[{"taxonomy":"category","embeddable":true,"href":"https:\/\/alpoma.net\/tecob\/index.php?rest_route=%2Fwp%2Fv2%2Fcategories&post=765"},{"taxonomy":"post_tag","embeddable":true,"href":"https:\/\/alpoma.net\/tecob\/index.php?rest_route=%2Fwp%2Fv2%2Ftags&post=765"}],"curies":[{"name":"wp","href":"https:\/\/api.w.org\/{rel}","templated":true}]}}