{"id":764,"date":"2007-08-24T22:44:05","date_gmt":"2007-08-24T20:44:05","guid":{"rendered":"http:\/\/www.alpoma.net\/tecob\/?p=764"},"modified":"2007-08-24T22:47:42","modified_gmt":"2007-08-24T20:47:42","slug":"%c2%bfdoncellas-de-hierro","status":"publish","type":"post","link":"https:\/\/alpoma.net\/tecob\/?p=764","title":{"rendered":"\u00bfDoncellas de hierro?"},"content":{"rendered":"<p>Llevo unos d\u00edas maquetando un grueso libro que, al parecer, trata de asuntos esot\u00e9rico-medievales. Normalmente, cuando se maqueta, no te lees el libro, faltar\u00eda m\u00e1s. Eso tiene sus ventajas porque, por lo general, lo que sale al mercado editorial hoy d\u00eda es como para caerse de espaldas, sobre todo por la gran abundancia de libros de <strong>autoayuda<\/strong> que a nadie ayudan y de selvas de palabras de esoterismo barato. Pero, he aqu\u00ed que, como el dichoso libro tiene tantas notas al pie e im\u00e1genes, de vez en cuando te fijas en algunas cosillas. <\/p>\n<p>No dir\u00eda que soy un \u00abpurista\u00bb de la historia, pero cuando ves algunas cosas te rechinan los dientes. Veamos, el libro, ensayo \u00absesudo\u00bb sobre ciertos <strong>mitos medievales<\/strong>, aunque yo dir\u00eda m\u00e1s bien <em>modernos<\/em>, repasa algunos t\u00f3picos de aquellos \u00aboscuros\u00bb siglos como quien cocina una tortilla con una receta que conoce demasiado bien. Total, que top\u00e9 con el tema de las<strong> torturas <\/strong>por parte de la mal\u00e9vola<strong> Inquisici\u00f3n <\/strong>y&#8230; \u00a1refrito de t\u00f3picos! Vale, que se repase la presunta historia de las torturas medievales a partir de lo que se puede ver en un museo dedicado al tema en cierto lugar de Francia pase, pero afirmar que las<strong><a href=\"http:\/\/www.heresie.com\/vierge.htm\"> doncellas de hierro<\/a><\/strong> eran algo com\u00fan&#8230; \u00a1no, por ah\u00ed no paso!<\/p>\n<p><img decoding=\"async\" src=\"http:\/\/farm2.static.flickr.com\/1380\/1225697506_3218586f18_o.jpg\" alt=\"img\" class=\"izda\"\/>Las doncellas de hierro, aparte de haber servido para dar nombre a los <strong><a href=\"http:\/\/www.ironmaiden.com\/\">Iron Maiden<\/a><\/strong>, no tienen, en realidad, mucha historia. Se trata de esa especie de <strong>ata\u00fades de metal con forma femenina<\/strong> en los que, supuestamente, se introduc\u00eda a la v\u00edctima de torturas y, tras cerrar la puerta, quedaba atrapada y atravesada por un mont\u00f3n de <strong>pinchos de metal<\/strong>. S\u00ed, aparece en todo tipo de pel\u00edculas, libros y hasta en <strong>Los Simpson<\/strong><sup>1<\/sup>, pero <strong>de medieval no tiene mucho<\/strong>. En realidad, las doncellas de hierro aparecieron tardiamente, se supone que all\u00e1 en el sigo XVII y nada ten\u00edan que ver con la Inquisici\u00f3n, que bastantes malas ideas hab\u00eda tenido ya. Lo de \u00abaparecieron\u00bb se refiere a la <strong>literatura<\/strong>, porque doncellas de hierro de verdad, lo que se dice reales con may\u00fasculas, empleadas en torturas, no se conoce ninguna de la \u00e9poca. Eso s\u00ed, con la fama que crearon los <strong>rom\u00e1nticos<\/strong> sobre el asunto, se construyeron unas cuantas en los siglos XIX y XX con fines un tanto escabrosos<sup>2<\/sup>.<\/p>\n<p>Son este tipo de detalles los que, repito, me hacen rechinar los dientes de vez en cuando. Son minucias que no van a ninguna parte pero, por misteriosas razones, me incomodan. \u00bfTan complicado era documentarse un poco? Me sucede lo mismo en las pel\u00edculas \u00abde romanos\u00bb, por ejemplo, donde se empe\u00f1an una y otra vez en emplear remedos de armaduras imperiales transportadas por arte de magia a \u00e9poca republicana. Claro que, si s\u00f3lo fuera ese el error, no ser\u00eda para tanto. Lo malo llega, por ejemplo, cuando se sit\u00faa la muerte del <strong>Emperador C\u00f3modo<\/strong> en la arena del Coliseo&#8230; cosas de los <em><a href=\"http:\/\/buscon.rae.es\/draeI\/SrvltGUIBusUsual?LEMA=p%C3%A9plum\">p\u00e9plums<\/a><\/em>.<\/p>\n<p>___________<br \/>\n<sup>1<\/sup> Atravesando a Moe Szyslak, en La casa del \u00e1rbol del terror XVII.<br \/>\n<sup>2<\/sup> Se habl\u00f3 mucho de la <strong>doncella de Nuremberg<\/strong>, supuestamente del siglo XV, pero hoy d\u00eda pr\u00e1cticamente se puede asegurar que se trat\u00f3 de un objeto elaborado mucho despu\u00e9s. Tambi\u00e9n fue famosa la que, supuestamente, utiliz\u00f3 la \u00abvampiresa\u00bb <strong><a href=\"http:\/\/es.wikipedia.org\/wiki\/Erzs%C3%A9bet_B%C3%A1thory\">Erzs\u00e9bet B\u00e1thory<\/a><\/strong> para desangrar a sus v\u00edctimas, pero claro, estamos con lo mismo, mucha literatura y pocas pruebas. Ya se sabe, los t\u00f3picos hist\u00f3ricos tienen vida propia, como la de las \u00abmiles\u00bb de brujas que se quemaron en Espa\u00f1a, algo alejad\u00edsimo de la realidad. Por lo menos, en las pel\u00edculas de miedo, son cosas que dan mucho juego.<\/p>\n","protected":false},"excerpt":{"rendered":"<div class=\"mh-excerpt\"><p>Llevo unos d\u00edas maquetando un grueso libro que, al parecer, trata de asuntos esot\u00e9rico-medievales. Normalmente, cuando se maqueta, no te lees el libro, faltar\u00eda m\u00e1s. Eso tiene sus ventajas porque, <a class=\"mh-excerpt-more\" href=\"https:\/\/alpoma.net\/tecob\/?p=764\" title=\"\u00bfDoncellas de hierro?\">[&#8230;]<\/a><\/p>\n<\/div>","protected":false},"author":1,"featured_media":11019,"comment_status":"open","ping_status":"open","sticky":false,"template":"","format":"standard","meta":{"jetpack_post_was_ever_published":false,"_jetpack_newsletter_access":"","_jetpack_dont_email_post_to_subs":false,"_jetpack_newsletter_tier_id":0,"_jetpack_memberships_contains_paywalled_content":false,"_jetpack_memberships_contains_paid_content":false,"footnotes":""},"categories":[1],"tags":[],"class_list":["post-764","post","type-post","status-publish","format-standard","has-post-thumbnail","hentry","category-general"],"jetpack_featured_media_url":"https:\/\/alpoma.net\/tecob\/wp-content\/uploads\/2007\/08\/1225697506_3218586f18_o.jpg","jetpack_shortlink":"https:\/\/wp.me\/p93Dc1-ck","jetpack-related-posts":[{"id":5232,"url":"https:\/\/alpoma.net\/tecob\/?p=5232","url_meta":{"origin":764,"position":0},"title":"Miscel\u00e1nea original de Schott","author":"alpoma","date":"21 agosto 2011","format":false,"excerpt":"En d\u00edas pasados, mientras organizaba en ratos libres la biblioteca, he acumulado en un peque\u00f1o apartado algunos libros que hac\u00eda tiempo estaban ah\u00ed, olvidados, pero que de vez en cuando me agrada repasar, o incluso solo tocar y sentir el tacto de su papel y encuadernaci\u00f3n. Uno de esos librillos\u2026","rel":"","context":"En \u00abObsolescencia\u00bb","block_context":{"text":"Obsolescencia","link":"https:\/\/alpoma.net\/tecob\/?cat=3"},"img":{"alt_text":"misc_schott","src":"https:\/\/i0.wp.com\/farm7.static.flickr.com\/6090\/6065139155_9da15b4617_m.jpg?resize=350%2C200","width":350,"height":200},"classes":[]},{"id":5716,"url":"https:\/\/alpoma.net\/tecob\/?p=5716","url_meta":{"origin":764,"position":1},"title":"Einstein versus Predator, un libro de pel\u00edcula","author":"alpoma","date":"26 noviembre 2011","format":false,"excerpt":"\u00bfBuscas un libro para regalar, o regalarte, esta Navidad? \u00bfEres de quienes no se limitan a tragar todo lo que ven sino que piensas en lo que te rodea? Si tus respuestas a estas dos preguntas son afirmativas, deja de buscar. Si, por el contrario, has respondido negativamente, deja de\u2026","rel":"","context":"En \u00abPersonal\u00bb","block_context":{"text":"Personal","link":"https:\/\/alpoma.net\/tecob\/?cat=2"},"img":{"alt_text":"37294e1e14eb11e1a87612313804ec91_7","src":"https:\/\/i0.wp.com\/farm7.staticflickr.com\/6214\/6405091347_5f2c9a197c_m.jpg?resize=350%2C200","width":350,"height":200},"classes":[]},{"id":14249,"url":"https:\/\/alpoma.net\/tecob\/?p=14249","url_meta":{"origin":764,"position":2},"title":"AMSTRAD Eterno [Libro]","author":"alpoma","date":"14 enero 2019","format":false,"excerpt":"Sucedi\u00f3 antes de las fiestas navide\u00f1as. Me encontraba en una librer\u00eda de Ciudad Real y, de repente, un libro me asalt\u00f3. Me sucede de vez en cuando, ese tipo de asaltos son irresistibles y, siempre, dan como resultado una compra. En cuanto vi este libro en una de las estanter\u00edas,\u2026","rel":"","context":"En \u00abPersonal\u00bb","block_context":{"text":"Personal","link":"https:\/\/alpoma.net\/tecob\/?cat=2"},"img":{"alt_text":"","src":"https:\/\/i0.wp.com\/alpoma.net\/tecob\/wp-content\/uploads\/2019\/01\/Amstrad-CPC464.jpg?resize=350%2C200&ssl=1","width":350,"height":200,"srcset":"https:\/\/i0.wp.com\/alpoma.net\/tecob\/wp-content\/uploads\/2019\/01\/Amstrad-CPC464.jpg?resize=350%2C200&ssl=1 1x, https:\/\/i0.wp.com\/alpoma.net\/tecob\/wp-content\/uploads\/2019\/01\/Amstrad-CPC464.jpg?resize=525%2C300&ssl=1 1.5x"},"classes":[]},{"id":15408,"url":"https:\/\/alpoma.net\/tecob\/?p=15408","url_meta":{"origin":764,"position":3},"title":"Suscriptocracia, un mundo saturado de suscripciones","author":"alpoma","date":"5 junio 2025","format":false,"excerpt":"Hace mucho que no comento un libro en TecOb. Es hora de cambiar eso con una breve nota sobre un libro muy especial. Me choqu\u00e9 con \u00e9l casi sin querer, cuando estaba repasando un post de Incognitosis, el blog de Javier Pastor, que es el autor de la obra en\u2026","rel":"","context":"En \u00abPersonal\u00bb","block_context":{"text":"Personal","link":"https:\/\/alpoma.net\/tecob\/?cat=2"},"img":{"alt_text":"","src":"https:\/\/i0.wp.com\/alpoma.net\/tecob\/wp-content\/uploads\/2025\/06\/suscriptocracia-32321-alpoma.jpg?resize=350%2C200&ssl=1","width":350,"height":200,"srcset":"https:\/\/i0.wp.com\/alpoma.net\/tecob\/wp-content\/uploads\/2025\/06\/suscriptocracia-32321-alpoma.jpg?resize=350%2C200&ssl=1 1x, https:\/\/i0.wp.com\/alpoma.net\/tecob\/wp-content\/uploads\/2025\/06\/suscriptocracia-32321-alpoma.jpg?resize=525%2C300&ssl=1 1.5x, https:\/\/i0.wp.com\/alpoma.net\/tecob\/wp-content\/uploads\/2025\/06\/suscriptocracia-32321-alpoma.jpg?resize=700%2C400&ssl=1 2x"},"classes":[]},{"id":14986,"url":"https:\/\/alpoma.net\/tecob\/?p=14986","url_meta":{"origin":764,"position":4},"title":"Dorothy Levitt, la chica m\u00e1s r\u00e1pida del mundo","author":"alpoma","date":"25 marzo 2020","format":false,"excerpt":"Fragmentos de uno de mis art\u00edculos in\u00e9ditos (estaba destinado a la revista Historia de Espa\u00f1a y el mundo, pero la publicaci\u00f3n de ese medio finaliz\u00f3 en febrero de este a\u00f1o), inspirado por la lectura de la novela de Celia Santos titulada \"M\u00e1s r\u00e1pida que la vida\" (Penguin Random House, 2020).\u2026","rel":"","context":"En \u00abObsolescencia\u00bb","block_context":{"text":"Obsolescencia","link":"https:\/\/alpoma.net\/tecob\/?cat=3"},"img":{"alt_text":"","src":"https:\/\/i0.wp.com\/alpoma.net\/tecob\/wp-content\/uploads\/2020\/03\/Levitt-3.jpg?resize=350%2C200&ssl=1","width":350,"height":200,"srcset":"https:\/\/i0.wp.com\/alpoma.net\/tecob\/wp-content\/uploads\/2020\/03\/Levitt-3.jpg?resize=350%2C200&ssl=1 1x, https:\/\/i0.wp.com\/alpoma.net\/tecob\/wp-content\/uploads\/2020\/03\/Levitt-3.jpg?resize=525%2C300&ssl=1 1.5x, https:\/\/i0.wp.com\/alpoma.net\/tecob\/wp-content\/uploads\/2020\/03\/Levitt-3.jpg?resize=700%2C400&ssl=1 2x"},"classes":[]},{"id":2880,"url":"https:\/\/alpoma.net\/tecob\/?p=2880","url_meta":{"origin":764,"position":5},"title":"Dos libros para el verano","author":"alpoma","date":"6 junio 2010","format":false,"excerpt":"Lo que sigue no es m\u00e1s que una sencilla nota personal en forma de recomendaci\u00f3n o, m\u00e1s bien, sugerencia. Cuando se acerca el verano, suelo escribir sobre libros en TecOb. Por lo general se trata de realizar un leve repaso a los libros interesantes con que me haya cruzado a\u2026","rel":"","context":"En \u00abPersonal\u00bb","block_context":{"text":"Personal","link":"https:\/\/alpoma.net\/tecob\/?cat=2"},"img":{"alt_text":"","src":"https:\/\/i0.wp.com\/alpoma.net\/tecob\/wp-content\/uploads\/2010\/06\/4675221572_d5a755a06f_o.jpg?resize=350%2C200&ssl=1","width":350,"height":200,"srcset":"https:\/\/i0.wp.com\/alpoma.net\/tecob\/wp-content\/uploads\/2010\/06\/4675221572_d5a755a06f_o.jpg?resize=350%2C200&ssl=1 1x, https:\/\/i0.wp.com\/alpoma.net\/tecob\/wp-content\/uploads\/2010\/06\/4675221572_d5a755a06f_o.jpg?resize=525%2C300&ssl=1 1.5x"},"classes":[]}],"jetpack_sharing_enabled":true,"_links":{"self":[{"href":"https:\/\/alpoma.net\/tecob\/index.php?rest_route=\/wp\/v2\/posts\/764","targetHints":{"allow":["GET"]}}],"collection":[{"href":"https:\/\/alpoma.net\/tecob\/index.php?rest_route=\/wp\/v2\/posts"}],"about":[{"href":"https:\/\/alpoma.net\/tecob\/index.php?rest_route=\/wp\/v2\/types\/post"}],"author":[{"embeddable":true,"href":"https:\/\/alpoma.net\/tecob\/index.php?rest_route=\/wp\/v2\/users\/1"}],"replies":[{"embeddable":true,"href":"https:\/\/alpoma.net\/tecob\/index.php?rest_route=%2Fwp%2Fv2%2Fcomments&post=764"}],"version-history":[{"count":0,"href":"https:\/\/alpoma.net\/tecob\/index.php?rest_route=\/wp\/v2\/posts\/764\/revisions"}],"wp:featuredmedia":[{"embeddable":true,"href":"https:\/\/alpoma.net\/tecob\/index.php?rest_route=\/wp\/v2\/media\/11019"}],"wp:attachment":[{"href":"https:\/\/alpoma.net\/tecob\/index.php?rest_route=%2Fwp%2Fv2%2Fmedia&parent=764"}],"wp:term":[{"taxonomy":"category","embeddable":true,"href":"https:\/\/alpoma.net\/tecob\/index.php?rest_route=%2Fwp%2Fv2%2Fcategories&post=764"},{"taxonomy":"post_tag","embeddable":true,"href":"https:\/\/alpoma.net\/tecob\/index.php?rest_route=%2Fwp%2Fv2%2Ftags&post=764"}],"curies":[{"name":"wp","href":"https:\/\/api.w.org\/{rel}","templated":true}]}}