{"id":7597,"date":"2012-12-17T23:15:31","date_gmt":"2012-12-17T21:15:31","guid":{"rendered":"http:\/\/www.alpoma.net\/tecob\/?p=7597"},"modified":"2012-12-18T22:28:21","modified_gmt":"2012-12-18T20:28:21","slug":"el-capricho-de-diocleciano","status":"publish","type":"post","link":"https:\/\/alpoma.net\/tecob\/?p=7597","title":{"rendered":"El capricho de Diocleciano"},"content":{"rendered":"<p>Viajemos a un rinc\u00f3n de la actual Serbia hacia el mes de<strong> julio del a\u00f1o 285<\/strong>. Ese tiempo y ese lugar fueron testigos de las <strong>batallas que enfrentaron a dos pretendientes a la corona imperial romana<\/strong>, proclamados por sus respectivos soldados. De un lado, <strong>Carino<\/strong>, con un potente ej\u00e9rcito pero con menor experiencia y, para su desgracia, cierto desprecio hacia el senado y a sus propios soldados, cosa que le pas\u00f3 terrible factura. Frente a \u00e9l aparec\u00eda el disciplinado ej\u00e9rcito de <strong>Diocleciano<\/strong>, un experimentado oficial que hab\u00eda escalado a lo m\u00e1s alto partiendo pr\u00e1cticamente de la nada. <strong>El Imperio Romano llevaba a\u00f1os hundido en la anarqu\u00eda militar<\/strong>. Ef\u00edmeros emperadores surg\u00edan cada poco en las provincias, apoyados por sus propias legiones, en <strong>un continuo juego de guerras civiles que amenazaba con acabar con Roma en pocos a\u00f1os<\/strong>. Pero no, todav\u00eda faltaba m\u00e1s de un siglo para que desapareciera el imperio occidental y fue Diocleciano quien golpe\u00f3 con fuerza para hacer retornar el orden, tras vencer en la <strong>batalla del Margus<\/strong>.<\/p>\n<p><a href=\"http:\/\/www.flickr.com\/photos\/alpoma\/8282422584\/\" title=\"palacio_diocleciano by alpoma, on Flickr\"><img loading=\"lazy\" decoding=\"async\" src=\"http:\/\/farm9.staticflickr.com\/8197\/8282422584_b205cfb2df_o.jpg\" width=\"620\" height=\"360\" alt=\"palacio_diocleciano\" class=\"otros\"\/><\/a><br \/>\n<small>Grabado de 1764 <a href=\"http:\/\/digital.library.wisc.edu\/1711.dl\/DLDecArts.AdamRuins\" title=\"Grabado de Robert Adam\">obra de Robert Adam<\/a> sobre las ruinas del palacio de Diocleciano en Dalmacia.<\/small><\/p>\n<p>Carino fue traicionado por sus propios soldados, que le pagaron con su misma moneda asesin\u00e1ndolo. Victorioso, el nuevo emperador, Diocleciano, comenz\u00f3 un <strong>amplio programa de reformas<\/strong> que tuvieron gran \u00e9xito, aunque tambi\u00e9n cometi\u00f3 graves errores. Uno de ellos fue la <strong>despiadada persecuci\u00f3n a los cristianos<\/strong>, algo que no le sali\u00f3 muy bien y que tuvo un curioso final cuando el cristianismo gan\u00f3 fuerza sin fin hasta que bajo Constantino se convirti\u00f3 en la religi\u00f3n principal de Imperio. Su reformas pol\u00edticas y econ\u00f3micas fueron m\u00e1s exitosas, aunque tambi\u00e9n cometi\u00f3 ah\u00ed algunos errores, pero no se tata aqu\u00ed de comentar los detalles de un reinado lleno de fascinantes giros. El <strong>capricho<\/strong> que menciono en el t\u00edtulo de este post era un <strong>palacio<\/strong>, claro que, llamarlo as\u00ed es poco menos que un insulto porque, en realidad, era toda una <strong>ciudad<\/strong>.<\/p>\n<p>Diocleciano era un <strong>soldado<\/strong>, por eso, a pesar de llevar ya en el poder cerca de dos d\u00e9cadas, segu\u00eda pregunt\u00e1ndose qu\u00e9 hac\u00eda en Roma, lugar que apenas hab\u00eda pisado. Lejos de las batallas, con pol\u00edticos, gentes de leyes y un pueblo que buscaba en su figura a un arist\u00f3crata, <strong>el emperador no se sent\u00eda a gusto en la ciudad eterna<\/strong>, por lo que continu\u00f3 su reinado itinerante, de ciudad en ciudad, de batalla en batalla. Pero, llegado el a\u00f1o 304, <strong>la salud del emperador comenz\u00f3 a ir muy mal<\/strong>, tanto que se lleg\u00f3 a decir que hab\u00eda fallecido y fue necesario algo parecido a un comunicado oficial para desmentirlo. Curiosamente, <strong>lo que sucedi\u00f3 despu\u00e9s no lo esperaba nadie<\/strong>, m\u00e1s que nada porque no hab\u00eda sucedido nunca. <strong>Diocleciano<\/strong>, en el mismo lugar de Nicomedia en el que fuera proclamado emperador, <strong>abdic\u00f3 ante una asombrada multitud el 1 de mayo del a\u00f1o 305<\/strong>. Se encontraba cansado, enfermo y, realmente, <strong>estaba hasta las narices de combatir a unos y a otros<\/strong>. As\u00ed, <strong>se convirti\u00f3 en el primer emperador romano que abandonaba el cargo de forma voluntaria <\/strong>porque, como es conocido, s\u00f3lo se dejaba de ser emperador con la muerte, ya fuera natural o por magnicidio. <\/p>\n<p>Deseando <strong>aislarse del mundo<\/strong>, Diocleciano viaj\u00f3 a Dalmacia, la tierra que le viera nacer. All\u00ed, ba\u00f1ado por el Adri\u00e1tico, <strong>hab\u00eda levantado un palacio de ensue\u00f1o<\/strong>, algo digno de ser contemplado. Aunque la informaci\u00f3n del Imperio segu\u00eda llegando, el antiguo dignatario <strong>se encerr\u00f3 en su ciudad amurallada personal y se olvid\u00f3 de la pol\u00edtica<\/strong>, prefiriendo el <strong>cuidado de sus jardines<\/strong> a las noticias sobre lejanas batallas. Sin embargo, todav\u00eda se vio forzado a mediar en algunas disputas por el trono y hasta fue requerido por el pueblo para volver al poder imperial. Pero nada le hizo cambiar su opini\u00f3n. Sus tranquilos jardines amurallados eran todo lo que necesitaba, el poder le daba asco y no quer\u00eda saber nada de los pol\u00edticos. Mientras tanto, Roma languidec\u00eda de nuevo entre nefastas conjuras pol\u00edticas. Enfermo y deprimido, Diocleciano falleci\u00f3 a finales del a\u00f1o 311, hay quien dice que se suicid\u00f3, pero los detalles ciertos de su fin no se conocen. <\/p>\n<p><iframe loading=\"lazy\" width=\"620\" height=\"350\" frameborder=\"0\" scrolling=\"no\" marginheight=\"0\" marginwidth=\"0\" src=\"https:\/\/maps.google.es\/maps?f=q&amp;source=s_q&amp;hl=es&amp;geocode=&amp;q=Split&amp;sll=41.709896,-4.808812&amp;sspn=0.273213,0.673599&amp;t=h&amp;ie=UTF8&amp;hq=&amp;hnear=Split,+Condado+de+Split-Dalmacia+%C5%BEupanija,+Croacia&amp;ll=43.508363,16.439474&amp;spn=0.005447,0.013304&amp;z=16&amp;output=embed\"><\/iframe><br \/><small>Vista a\u00e9rea del centro hist\u00f3rico de Split. <a href=\"https:\/\/maps.google.es\/maps?f=q&amp;source=embed&amp;hl=es&amp;geocode=&amp;q=Split&amp;sll=41.709896,-4.808812&amp;sspn=0.273213,0.673599&amp;t=h&amp;ie=UTF8&amp;hq=&amp;hnear=Split,+Condado+de+Split-Dalmacia+%C5%BEupanija,+Croacia&amp;ll=43.508363,16.439474&amp;spn=0.005447,0.013304&amp;z=16\" style=\"color:#0000FF;text-align:left\">Ver mapa m\u00e1s grande<\/a><\/small><\/p>\n<p>Hoy, quien visite el <strong>casco hist\u00f3rico de la bella ciudad croata de Split<\/strong> debe saber que, en realidad, <strong>est\u00e1 pisando el hogar de Diocleciano<\/strong>, literalmente. Las calles y los restos de antiqu\u00edsimos edificios que se encuentran en el centro de Split son lo que queda como recuerdo vivo del monumental palacio que orden\u00f3 levantar el emperador, ese lugar en el que pas\u00f3 los \u00faltimos a\u00f1os de vida cuidando jardines, alejado de la pol\u00edtica. <\/p>\n<p><a href=\"http:\/\/www.flickr.com\/photos\/alpoma\/8282422806\/\" title=\"reconstruccion_palacio_diocleciano by alpoma, on Flickr\"><img loading=\"lazy\" decoding=\"async\" src=\"http:\/\/farm9.staticflickr.com\/8361\/8282422806_4c8a00d214_o.jpg\" width=\"602\" height=\"371\" alt=\"reconstruccion_palacio_diocleciano\" class=\"otros\"\/><\/a><br \/>\n<small><a href=\"http:\/\/en.wikipedia.org\/wiki\/File:SPLIT-Hebrard_overall_color_restitution.jpg\" title=\"Reconstrucci\u00f3n ideal del palacio de Diocleciano\">Reconstrucci\u00f3n ideal<\/a> del Palacio de Diocleciano.<\/small><br \/>\n<strong><br \/>\nLos restos del palacio convierten a Split en una de las joyas m\u00e1s impresionantes de la arquitectura romana<\/strong>. Es dif\u00edcil imaginar el porte del palacio si no se est\u00e1 en el lugar. <strong>En su d\u00eda el palacio debi\u00f3 ofrecer una estampa impresionante<\/strong>, con una gran muralla alrededor de una muy bien planificada ciudadela rectangular, grandes torres, inmensos jardines y elementos que recuerdan a las villas romanas de la \u00e9poca pero todo organizado con meticulosidad militar. En su \u00e9poca de esplendor lleg\u00f3 a albergar en su interior toda una ciudad con miles de habitantes llena de templos, peque\u00f1os palacetes y talleres de todo tipo. Hoy, el sue\u00f1o de Diocleciano, su lugar de descanso, se ha convertido en una de las ciudades m\u00e1s visitadas de Croacia. <\/p>\n<p><strong>M\u00e1s informaci\u00f3n<\/strong>: <a href=\"http:\/\/www.burger.si\/Croatia\/Split\/seznam.html\" title=\"Split\">Visita virtual al centro de Split<\/a>.<\/p>\n","protected":false},"excerpt":{"rendered":"<div class=\"mh-excerpt\"><p>Viajemos a un rinc\u00f3n de la actual Serbia hacia el mes de julio del a\u00f1o 285. Ese tiempo y ese lugar fueron testigos de las batallas que enfrentaron a dos <a class=\"mh-excerpt-more\" href=\"https:\/\/alpoma.net\/tecob\/?p=7597\" title=\"El capricho de Diocleciano\">[&#8230;]<\/a><\/p>\n<\/div>","protected":false},"author":1,"featured_media":11017,"comment_status":"open","ping_status":"open","sticky":false,"template":"","format":"standard","meta":{"jetpack_post_was_ever_published":false,"_jetpack_newsletter_access":"","_jetpack_dont_email_post_to_subs":false,"_jetpack_newsletter_tier_id":0,"_jetpack_memberships_contains_paywalled_content":false,"_jetpack_memberships_contains_paid_content":false,"footnotes":""},"categories":[3],"tags":[],"class_list":["post-7597","post","type-post","status-publish","format-standard","has-post-thumbnail","hentry","category-obsolescencia"],"jetpack_featured_media_url":"https:\/\/alpoma.net\/tecob\/wp-content\/uploads\/2012\/12\/8282422584_b205cfb2df_o.jpg","jetpack_shortlink":"https:\/\/wp.me\/p93Dc1-1Yx","jetpack-related-posts":[{"id":3178,"url":"https:\/\/alpoma.net\/tecob\/?p=3178","url_meta":{"origin":7597,"position":0},"title":"La ca\u00edda del \u00abchivato gordinfl\u00f3n\u00bb","author":"alpoma","date":"22 julio 2010","format":false,"excerpt":"Ayer complet\u00e9 la maqueta de un libro fascinante que no dudo en recomendar a los lectores de TecOb... cuando aparezca en las librer\u00edas, claro est\u00e1. Se trata de Breve historia de la guerra con los Estados Unidos1, obra de Miguel del Rey Vicente y Carlos Canales Torres. Bien, \u00bfy qu\u00e9\u2026","rel":"","context":"En \u00abMade in Spain\u00bb","block_context":{"text":"Made in Spain","link":"https:\/\/alpoma.net\/tecob\/?cat=10"},"img":{"alt_text":"","src":"https:\/\/i0.wp.com\/alpoma.net\/tecob\/wp-content\/uploads\/2010\/07\/4818299621_95676ea225_z.jpg?resize=350%2C200&ssl=1","width":350,"height":200},"classes":[]},{"id":13773,"url":"https:\/\/alpoma.net\/tecob\/?p=13773","url_meta":{"origin":7597,"position":1},"title":"La Gran Guerra en 100 im\u00e1genes poco conocidas","author":"alpoma","date":"11 noviembre 2018","format":false,"excerpt":"Hace ahora un siglo que finaliz\u00f3 la Primera Guerra Mundial o, como dec\u00edan entonces la \"Guerra Europea\" o \"Gran Guerra\". Muchos medios est\u00e1n publicando estos d\u00edas galer\u00edas con im\u00e1genes del conflicto, pero a m\u00ed me apetec\u00eda ofrecer algo diferente. Desde el comienzo de la guerra en 1914, hasta meses despu\u00e9s\u2026","rel":"","context":"En \u00abObsolescencia\u00bb","block_context":{"text":"Obsolescencia","link":"https:\/\/alpoma.net\/tecob\/?cat=3"},"img":{"alt_text":"","src":"https:\/\/i0.wp.com\/alpoma.net\/tecob\/wp-content\/uploads\/2018\/11\/gg15.jpg?resize=350%2C200&ssl=1","width":350,"height":200,"srcset":"https:\/\/i0.wp.com\/alpoma.net\/tecob\/wp-content\/uploads\/2018\/11\/gg15.jpg?resize=350%2C200&ssl=1 1x, https:\/\/i0.wp.com\/alpoma.net\/tecob\/wp-content\/uploads\/2018\/11\/gg15.jpg?resize=525%2C300&ssl=1 1.5x, https:\/\/i0.wp.com\/alpoma.net\/tecob\/wp-content\/uploads\/2018\/11\/gg15.jpg?resize=700%2C400&ssl=1 2x, https:\/\/i0.wp.com\/alpoma.net\/tecob\/wp-content\/uploads\/2018\/11\/gg15.jpg?resize=1050%2C600&ssl=1 3x"},"classes":[]},{"id":1191,"url":"https:\/\/alpoma.net\/tecob\/?p=1191","url_meta":{"origin":7597,"position":2},"title":"La sinuosa carretera de Birmania","author":"alpoma","date":"12 agosto 2009","format":false,"excerpt":"Curvas, m\u00e1s curvas, muchas m\u00e1s curvas, como si una serpiente hubiera trazado su curso en los planos que dieron paso a su construcci\u00f3n, la carretera de Birmania puede considerarse como una pesadilla para los amantes de la conducci\u00f3n tranquila. Ahora que, si nos vamos al extremo de los gustos automovil\u00edsticos,\u2026","rel":"","context":"En \u00abGeo\u00bb","block_context":{"text":"Geo","link":"https:\/\/alpoma.net\/tecob\/?cat=5"},"img":{"alt_text":"","src":"https:\/\/i0.wp.com\/alpoma.net\/tecob\/wp-content\/uploads\/2009\/08\/3814125973_90ec34cece_o.jpg?resize=350%2C200&ssl=1","width":350,"height":200,"srcset":"https:\/\/i0.wp.com\/alpoma.net\/tecob\/wp-content\/uploads\/2009\/08\/3814125973_90ec34cece_o.jpg?resize=350%2C200&ssl=1 1x, https:\/\/i0.wp.com\/alpoma.net\/tecob\/wp-content\/uploads\/2009\/08\/3814125973_90ec34cece_o.jpg?resize=525%2C300&ssl=1 1.5x"},"classes":[]},{"id":7368,"url":"https:\/\/alpoma.net\/tecob\/?p=7368","url_meta":{"origin":7597,"position":3},"title":"La Operaci\u00f3n Haudegen","author":"alpoma","date":"6 octubre 2012","format":false,"excerpt":"Mediado el mes de diciembre de 1944 la guerra que asolaba el mundo parec\u00eda que estaba a punto de llegar a su fin, o al menos eso se pensaba desde el punto de vista aliado, que aunque tem\u00eda una gran ofensiva final enemiga, estaba confiado en alcanzar Alemania con rapidez\u2026","rel":"","context":"En \u00abObsolescencia\u00bb","block_context":{"text":"Obsolescencia","link":"https:\/\/alpoma.net\/tecob\/?cat=3"},"img":{"alt_text":"","src":"https:\/\/i0.wp.com\/alpoma.net\/tecob\/wp-content\/uploads\/2012\/10\/oprt_1.jpg?resize=350%2C200&ssl=1","width":350,"height":200,"srcset":"https:\/\/i0.wp.com\/alpoma.net\/tecob\/wp-content\/uploads\/2012\/10\/oprt_1.jpg?resize=350%2C200&ssl=1 1x, https:\/\/i0.wp.com\/alpoma.net\/tecob\/wp-content\/uploads\/2012\/10\/oprt_1.jpg?resize=525%2C300&ssl=1 1.5x"},"classes":[]},{"id":506,"url":"https:\/\/alpoma.net\/tecob\/?p=506","url_meta":{"origin":7597,"position":4},"title":"Me-323, un gigante del cielo","author":"alpoma","date":"16 junio 2006","format":false,"excerpt":"Hoy, en que tanto se est\u00e1 rumoreando sobre tr\u00e1fico de informaci\u00f3n privilegiada en la empresa que fabrica los Airbus, EADS, tras la ca\u00edda de sus acciones al anunciar problemas y retrasos en la salida del gigante A380, me ha venido a la mente otro monstruo volador. Se trata del Me-323,\u2026","rel":"","context":"En \u00abObsolescencia\u00bb","block_context":{"text":"Obsolescencia","link":"https:\/\/alpoma.net\/tecob\/?cat=3"},"img":{"alt_text":"","src":"","width":0,"height":0},"classes":[]},{"id":7440,"url":"https:\/\/alpoma.net\/tecob\/?p=7440","url_meta":{"origin":7597,"position":5},"title":"Talgo, la brillante idea que revolucion\u00f3 el mundo del ferrocarril","author":"alpoma","date":"1 noviembre 2012","format":false,"excerpt":"Versi\u00f3n web reducida del art\u00edculo que publiqu\u00e9 en la revista Historia de Iberia Vieja, edici\u00f3n de noviembre de 2012. Talgo. Abreviatura de: tren articulado ligero Goicoechea Oriol. Tren articulado ligero compuesto por remolques de poca longitud apoyados sobre un juego de dos ruedas com\u00fan a dos remolques consecutivos; el bogie\u2026","rel":"","context":"En \u00abMade in Spain\u00bb","block_context":{"text":"Made in Spain","link":"https:\/\/alpoma.net\/tecob\/?cat=10"},"img":{"alt_text":"","src":"https:\/\/i0.wp.com\/alpoma.net\/tecob\/wp-content\/uploads\/2012\/11\/48e692f21e8a11e2ab4c22000a1faffd_7.jpg?resize=350%2C200&ssl=1","width":350,"height":200,"srcset":"https:\/\/i0.wp.com\/alpoma.net\/tecob\/wp-content\/uploads\/2012\/11\/48e692f21e8a11e2ab4c22000a1faffd_7.jpg?resize=350%2C200&ssl=1 1x, https:\/\/i0.wp.com\/alpoma.net\/tecob\/wp-content\/uploads\/2012\/11\/48e692f21e8a11e2ab4c22000a1faffd_7.jpg?resize=525%2C300&ssl=1 1.5x"},"classes":[]}],"jetpack_sharing_enabled":true,"_links":{"self":[{"href":"https:\/\/alpoma.net\/tecob\/index.php?rest_route=\/wp\/v2\/posts\/7597","targetHints":{"allow":["GET"]}}],"collection":[{"href":"https:\/\/alpoma.net\/tecob\/index.php?rest_route=\/wp\/v2\/posts"}],"about":[{"href":"https:\/\/alpoma.net\/tecob\/index.php?rest_route=\/wp\/v2\/types\/post"}],"author":[{"embeddable":true,"href":"https:\/\/alpoma.net\/tecob\/index.php?rest_route=\/wp\/v2\/users\/1"}],"replies":[{"embeddable":true,"href":"https:\/\/alpoma.net\/tecob\/index.php?rest_route=%2Fwp%2Fv2%2Fcomments&post=7597"}],"version-history":[{"count":0,"href":"https:\/\/alpoma.net\/tecob\/index.php?rest_route=\/wp\/v2\/posts\/7597\/revisions"}],"wp:featuredmedia":[{"embeddable":true,"href":"https:\/\/alpoma.net\/tecob\/index.php?rest_route=\/wp\/v2\/media\/11017"}],"wp:attachment":[{"href":"https:\/\/alpoma.net\/tecob\/index.php?rest_route=%2Fwp%2Fv2%2Fmedia&parent=7597"}],"wp:term":[{"taxonomy":"category","embeddable":true,"href":"https:\/\/alpoma.net\/tecob\/index.php?rest_route=%2Fwp%2Fv2%2Fcategories&post=7597"},{"taxonomy":"post_tag","embeddable":true,"href":"https:\/\/alpoma.net\/tecob\/index.php?rest_route=%2Fwp%2Fv2%2Ftags&post=7597"}],"curies":[{"name":"wp","href":"https:\/\/api.w.org\/{rel}","templated":true}]}}