{"id":759,"date":"2007-08-18T21:14:46","date_gmt":"2007-08-18T19:14:46","guid":{"rendered":"http:\/\/www.alpoma.net\/tecob\/?p=759"},"modified":"2008-03-25T22:31:09","modified_gmt":"2008-03-25T20:31:09","slug":"agua-en-el-aire","status":"publish","type":"post","link":"https:\/\/alpoma.net\/tecob\/?p=759","title":{"rendered":"Agua en el aire"},"content":{"rendered":"<p><img decoding=\"async\" src=\"http:\/\/farm2.static.flickr.com\/1426\/1161884987_27cc35c9a6_m.jpg\" alt=\"img\" class=\"dch\"\/>Hay muchos lugares en los que se implora a los cielos para que llueva. En otros, la lejan\u00eda de los cursos de agua hace que sea poco apetecible pensar en la agricultura. Finalmente, siempre habr\u00e1 quien desee tener una fuente de agua a su disposici\u00f3n, incluso si la geograf\u00eda del lugar no es la m\u00e1s propicia. En lugares as\u00ed y, en definitiva, siempre que se ha pensado en obtener agua de forma no convencional, han surgido personajes empe\u00f1ados en <strong>sacar agua del aire de nuestra atm\u00f3sfera<\/strong>. <\/p>\n<p>Ciertamente, en el aire hay agua o, mejor dicho, <strong>vapor de agua<\/strong>, en concentraciones muy variables en el espacio y el tiempo. El contenido medio de agua en la atm\u00f3sfera, medido en cent\u00edmetros de precipitaci\u00f3n equivalente, ha sido estimado en 2,2 en el mes de Enero y 2,7 en Julio. El valor cambia dependiendo de muchos factores, por ejemplo, la media en el hemisferio norte en Enero es de 1,9, mientras que en el sur es de 2,5<sup>1<\/sup>.<\/p>\n<p>Teniendo esto en cuenta, muchos cient\u00edficos, aventureros o gentes necesitadas de agua, han pensado una y mil formas de extraer agua del aire. Conocidos son los casos del belga <strong><a href=\"http:\/\/www.opur.u-bordeaux.fr\/fr\/question1.htm\">Achille Knapen<\/a><\/strong>, que dise\u00f1\u00f3 <strong>gigantescos condensadores<\/strong> que semejaban palomares, huecos en su interior, llenos de cavidades, pensados con la intenci\u00f3n de que en su cisterna interior se precipitara el vapor de agua que se deb\u00eda condensar, al menos te\u00f3ricamente, sobre la superficie de las paredes interiores del invento a modo de roc\u00edo. La experiencia no result\u00f3 muy pr\u00e1ctica, aunque s\u00ed se recog\u00eda agua, las cantidades finales distaban mucho de lo ideal.<\/p>\n<p>Suced\u00eda \u00e9sto en los a\u00f1os treinta del pasado siglo, justo cuando otro pionero de los condensadores atmosf\u00e9ricos levantaba sus propias torres de condensaci\u00f3n en Crimea. Se trataba de <strong>Friedrich Zibold<\/strong> y, seg\u00fan los datos que han sobrevivido de su aventura, se cuenta que su condensador de roc\u00edo era capaz de recuperar del aire cantidades considerables de agua aunque, como es l\u00f3gico, siguiendo un r\u00e9gimen muy variable a lo largo del a\u00f1o. Sin embargo, experimentos recientes han determinado que la idea de los condensadores de roc\u00edo no era muy pr\u00e1ctica<sup>2<\/sup>.<\/p>\n<p>Al parecer, <strong>la idea de los pioneros no era mala<\/strong>, pero s\u00ed estaba mal llevada a la pr\u00e1ctica. Un condensador atmosf\u00e9rico ideal vendr\u00eda a ser una fina l\u00e1mina en la que los intercambios de calor ambiental guarden cierta relaci\u00f3n entre s\u00ed. Hay que tener en cuenta muchos factores: la conducci\u00f3n con el suelo, el viento, el equilibrio radiativo entre calentamiento diurno y enfriamiento nocturno. Aquellas torres de ladrillo llenas de agujeros fallaron porque, siendo condensadores pasivos que no eran alimentados con energ\u00eda externa para el enfriamiento, ofrec\u00edan una peque\u00f1a superficie de irradiaci\u00f3n y, en cambio, una gran superficie de contacto con el suelo. Adem\u00e1s, su gran tama\u00f1o hac\u00eda que la<strong> inercia t\u00e9rmica<\/strong> diera al traste con la idea. <\/p>\n<p>Para que un condensador atmosf\u00e9rico pasivo funcione bien <strong>tendr\u00eda que parecerse a las praderas de hierba<\/strong>, considerados \u00abmodelos\u00bb para este fin, ofreciendo una masa m\u00ednima que permite un enfriamiento r\u00e1pido por las noches por efectos radiativos. Hoy d\u00eda, hay grupos de investigaci\u00f3n que siguen empe\u00f1ados en el desarrollo de grandes condensadores pasivos, pero se han alejado de las viejas ideas de las torres condensadoras y, ahora, se acercan m\u00e1s a \u00abimitar\u00bb a la hierba, con grandes y finos paneles que constituyen curiosas trampas de roc\u00edo, en espera de lograr un condensador capaz de tener un rendimiento adecuado<sup>3<\/sup>.<\/p>\n<p><strong>M\u00e1s informaci\u00f3n<\/strong>:<br \/>\n<strong><a href=\"http:\/\/www.opur.u-bordeaux.fr\/index.htm\" class=\"enlaces\">International Organization For Dew Utilization<\/a><\/strong><\/p>\n<p>____________<br \/>\n<sup>1<\/sup> <em>Contenido de agua precipitable en la atm\u00f3sfera<\/em>. Fuente: Sutcliffe, 1956. Citado en Barry y Chorley, <strong>Atm\u00f3sfera, tiempo y clima<\/strong>. Omega, 1999.<br \/>\n<sup>2<\/sup> V\u00e9ase el art\u00edculo: <strong>Los pozos de roc\u00edo, un sue\u00f1o reflotado<\/strong>. Beysens y otros, Mundo Cient\u00edfico 170 Julio\/Agosto 1996.<br \/>\n<sup>3<\/sup> Existen muchas empresas que venden condensadores que extraen agua del aire, pero claro, no se trata de condensadores pasivos, requieren aporte de energ\u00eda para su funcionamiento. V\u00e9ase, por ejemplo, <strong><a href=\"http:\/\/www.islandsky.com\/\" class=\"enlaces\">Island Sky<\/a><\/strong> o <strong><a href=\"http:\/\/www.aquamagic.us\/products.htm\" class=\"enlaces\">AquaMagic<\/a><\/strong>.<\/p>\n","protected":false},"excerpt":{"rendered":"<div class=\"mh-excerpt\"><p>Hay muchos lugares en los que se implora a los cielos para que llueva. En otros, la lejan\u00eda de los cursos de agua hace que sea poco apetecible pensar en <a class=\"mh-excerpt-more\" href=\"https:\/\/alpoma.net\/tecob\/?p=759\" title=\"Agua en el aire\">[&#8230;]<\/a><\/p>\n<\/div>","protected":false},"author":1,"featured_media":10458,"comment_status":"open","ping_status":"open","sticky":false,"template":"","format":"standard","meta":{"jetpack_post_was_ever_published":false,"_jetpack_newsletter_access":"","_jetpack_dont_email_post_to_subs":false,"_jetpack_newsletter_tier_id":0,"_jetpack_memberships_contains_paywalled_content":false,"_jetpack_memberships_contains_paid_content":false,"footnotes":""},"categories":[8,5],"tags":[],"class_list":["post-759","post","type-post","status-publish","format-standard","has-post-thumbnail","hentry","category-clima","category-geo"],"jetpack_featured_media_url":"https:\/\/alpoma.net\/tecob\/wp-content\/uploads\/2007\/08\/1161884987_27cc35c9a6_m.jpg","jetpack_shortlink":"https:\/\/wp.me\/p93Dc1-cf","jetpack-related-posts":[{"id":44,"url":"https:\/\/alpoma.net\/tecob\/?p=44","url_meta":{"origin":759,"position":0},"title":"\u00bfEnerg\u00eda a partir de tornados?","author":"alpoma","date":"4 octubre 2005","format":false,"excerpt":"Conocido es que, si se pudiera aprovechar m\u00ednimamente el potencial energ\u00e9tico presente en nuestra atm\u00f3sfera, se podr\u00eda obtener una cantidad nada desde\u00f1able de electricidad. Hasta ahora, salvo en las centrales el\u00f3licas o en las e\u00f3lico-solares, poco se ha hecho para aprovechar este potencial. Sin embargo, hay so\u00f1adores que imaginan un\u2026","rel":"","context":"En \u00abInnovaci\u00f3n\u00bb","block_context":{"text":"Innovaci\u00f3n","link":"https:\/\/alpoma.net\/tecob\/?cat=4"},"img":{"alt_text":"","src":"https:\/\/i0.wp.com\/alpoma.net\/tecob\/wp-content\/uploads\/2005\/10\/234.jpg?resize=350%2C200&ssl=1","width":350,"height":200},"classes":[]},{"id":1180,"url":"https:\/\/alpoma.net\/tecob\/?p=1180","url_meta":{"origin":759,"position":1},"title":"De la Tierra a la Luna en quince d\u00edas (1930)","author":"alpoma","date":"22 julio 2009","format":false,"excerpt":"El texto que a continuaci\u00f3n transcribo fue publicado en la revista Estampa el 21 de octubre de 1930 por Ignacio Carral. En estos d\u00edas \"lunares\", celebrando los 40 a\u00f1os del viaje del Apolo 11 a nuestro sat\u00e9lite, no viene mal revisar un poco lo que pensaba la prensa popular de\u2026","rel":"","context":"En \u00abObsolescencia\u00bb","block_context":{"text":"Obsolescencia","link":"https:\/\/alpoma.net\/tecob\/?cat=3"},"img":{"alt_text":"","src":"https:\/\/i0.wp.com\/alpoma.net\/tecob\/wp-content\/uploads\/2009\/07\/3745728989_5a26f7ac70_o.jpg?resize=350%2C200&ssl=1","width":350,"height":200,"srcset":"https:\/\/i0.wp.com\/alpoma.net\/tecob\/wp-content\/uploads\/2009\/07\/3745728989_5a26f7ac70_o.jpg?resize=350%2C200&ssl=1 1x, https:\/\/i0.wp.com\/alpoma.net\/tecob\/wp-content\/uploads\/2009\/07\/3745728989_5a26f7ac70_o.jpg?resize=525%2C300&ssl=1 1.5x"},"classes":[]},{"id":3654,"url":"https:\/\/alpoma.net\/tecob\/?p=3654","url_meta":{"origin":759,"position":2},"title":"La gravedad del agua","author":"alpoma","date":"23 octubre 2010","format":false,"excerpt":"Para ser m\u00e1s exacto, debiera haber titulado este post como \u201cdiferencias en la medici\u00f3n por sat\u00e9lite del campo gravitatorio terrestre causadas por la presencia de grandes masas de agua\u201d. Un rollo, la verdad, as\u00ed que siguiendo la pauta de la fuente principal a la que me voy a referir, el\u2026","rel":"","context":"En \u00abClima\u00bb","block_context":{"text":"Clima","link":"https:\/\/alpoma.net\/tecob\/?cat=8"},"img":{"alt_text":"","src":"https:\/\/i0.wp.com\/alpoma.net\/tecob\/wp-content\/uploads\/2010\/10\/5107606499_665f0e0324_o.png?resize=350%2C200&ssl=1","width":350,"height":200,"srcset":"https:\/\/i0.wp.com\/alpoma.net\/tecob\/wp-content\/uploads\/2010\/10\/5107606499_665f0e0324_o.png?resize=350%2C200&ssl=1 1x, https:\/\/i0.wp.com\/alpoma.net\/tecob\/wp-content\/uploads\/2010\/10\/5107606499_665f0e0324_o.png?resize=525%2C300&ssl=1 1.5x"},"classes":[]},{"id":12801,"url":"https:\/\/alpoma.net\/tecob\/?p=12801","url_meta":{"origin":759,"position":3},"title":"Los habitantes de la Luna (lectura de verano)","author":"alpoma","date":"11 agosto 2017","format":false,"excerpt":"George Clyde Fisher, quien fuera responsable del American Museum of Natural History y m\u00e1s tarde director del Planetario Hayden, public\u00f3 en 1943 un libro titulado The True Story of the Moon, en el que recog\u00eda en tono divulgativo el conocimiento de la \u00e9poca sobre nuestro sat\u00e9lite natural, adem\u00e1s de sus\u2026","rel":"","context":"En \u00abObsolescencia\u00bb","block_context":{"text":"Obsolescencia","link":"https:\/\/alpoma.net\/tecob\/?cat=3"},"img":{"alt_text":"","src":"https:\/\/i0.wp.com\/alpoma.net\/tecob\/wp-content\/uploads\/2017\/08\/luna.jpg?resize=350%2C200&ssl=1","width":350,"height":200,"srcset":"https:\/\/i0.wp.com\/alpoma.net\/tecob\/wp-content\/uploads\/2017\/08\/luna.jpg?resize=350%2C200&ssl=1 1x, https:\/\/i0.wp.com\/alpoma.net\/tecob\/wp-content\/uploads\/2017\/08\/luna.jpg?resize=525%2C300&ssl=1 1.5x"},"classes":[]},{"id":10067,"url":"https:\/\/alpoma.net\/tecob\/?p=10067","url_meta":{"origin":759,"position":4},"title":"La m\u00e1quina de buceo de Klingert (1797)","author":"alpoma","date":"5 septiembre 2014","format":false,"excerpt":"Repasando la historia de la tecnolog\u00eda de buceo, sorprende ver c\u00f3mo se sucedieron los proyectos para desarrollar m\u00e1quinas capaces de ofrecer la capacidad de respiraci\u00f3n bajo el agua con seguridad a lo largo de varios siglos. Se cuentan por decenas los intentos documentados desde el siglo XV. He ah\u00ed, por\u2026","rel":"","context":"En \u00abGeneral\u00bb","block_context":{"text":"General","link":"https:\/\/alpoma.net\/tecob\/?cat=1"},"img":{"alt_text":"","src":"https:\/\/i0.wp.com\/alpoma.net\/tecob\/wp-content\/uploads\/2014\/09\/Klingert.jpg?resize=350%2C200&ssl=1","width":350,"height":200,"srcset":"https:\/\/i0.wp.com\/alpoma.net\/tecob\/wp-content\/uploads\/2014\/09\/Klingert.jpg?resize=350%2C200&ssl=1 1x, https:\/\/i0.wp.com\/alpoma.net\/tecob\/wp-content\/uploads\/2014\/09\/Klingert.jpg?resize=525%2C300&ssl=1 1.5x"},"classes":[]},{"id":303,"url":"https:\/\/alpoma.net\/tecob\/?p=303","url_meta":{"origin":759,"position":5},"title":"Jer\u00f3nimo de Ayanz, el Da Vinci espa\u00f1ol","author":"alpoma","date":"5 enero 2006","format":false,"excerpt":"Tenemos la p\u00e9sima man\u00eda de olvidar a nuestros genios. Preguntemos a cualquiera sobre Leonardo da Vinci y, cuando menos, habr\u00e1 o\u00eddo hablar de ese personaje, aunque sea trav\u00e9s de librillos como El C\u00f3digo... Pero, \u00bfqu\u00e9 sucede con el bueno de Juanelo Turriano que coment\u00e9 el otro d\u00eda? Pues, salvo cuatro\u2026","rel":"","context":"En \u00abMade in Spain\u00bb","block_context":{"text":"Made in Spain","link":"https:\/\/alpoma.net\/tecob\/?cat=10"},"img":{"alt_text":"","src":"","width":0,"height":0},"classes":[]}],"jetpack_sharing_enabled":true,"_links":{"self":[{"href":"https:\/\/alpoma.net\/tecob\/index.php?rest_route=\/wp\/v2\/posts\/759","targetHints":{"allow":["GET"]}}],"collection":[{"href":"https:\/\/alpoma.net\/tecob\/index.php?rest_route=\/wp\/v2\/posts"}],"about":[{"href":"https:\/\/alpoma.net\/tecob\/index.php?rest_route=\/wp\/v2\/types\/post"}],"author":[{"embeddable":true,"href":"https:\/\/alpoma.net\/tecob\/index.php?rest_route=\/wp\/v2\/users\/1"}],"replies":[{"embeddable":true,"href":"https:\/\/alpoma.net\/tecob\/index.php?rest_route=%2Fwp%2Fv2%2Fcomments&post=759"}],"version-history":[{"count":0,"href":"https:\/\/alpoma.net\/tecob\/index.php?rest_route=\/wp\/v2\/posts\/759\/revisions"}],"wp:featuredmedia":[{"embeddable":true,"href":"https:\/\/alpoma.net\/tecob\/index.php?rest_route=\/wp\/v2\/media\/10458"}],"wp:attachment":[{"href":"https:\/\/alpoma.net\/tecob\/index.php?rest_route=%2Fwp%2Fv2%2Fmedia&parent=759"}],"wp:term":[{"taxonomy":"category","embeddable":true,"href":"https:\/\/alpoma.net\/tecob\/index.php?rest_route=%2Fwp%2Fv2%2Fcategories&post=759"},{"taxonomy":"post_tag","embeddable":true,"href":"https:\/\/alpoma.net\/tecob\/index.php?rest_route=%2Fwp%2Fv2%2Ftags&post=759"}],"curies":[{"name":"wp","href":"https:\/\/api.w.org\/{rel}","templated":true}]}}