{"id":7556,"date":"2012-11-30T02:03:33","date_gmt":"2012-11-30T00:03:33","guid":{"rendered":"http:\/\/www.alpoma.net\/tecob\/?p=7556"},"modified":"2012-12-03T22:14:04","modified_gmt":"2012-12-03T20:14:04","slug":"el-dia-que-2-700-ordenadores-apple-sin-estrenar-terminaron-en-la-basura","status":"publish","type":"post","link":"https:\/\/alpoma.net\/tecob\/?p=7556","title":{"rendered":"El d\u00eda que 2.700 ordenadores Apple, sin estrenar, terminaron en la basura"},"content":{"rendered":"<p><a href=\"http:\/\/www.flickr.com\/photos\/alpoma\/8231209708\/\" title=\"apple_lisa, on Flickr\"><img loading=\"lazy\" decoding=\"async\" src=\"http:\/\/farm9.staticflickr.com\/8066\/8231209708_a827bac151_m.jpg\" width=\"240\" height=\"240\" alt=\"apple_lisa\" class=\"dch\"\/><\/a>El <strong><a href=\"http:\/\/es.wikipedia.org\/wiki\/Apple_Lisa\" title=\"Apple Lisa\">Apple Lisa<\/a><\/strong> fue <strong>puesto a la venta en 1983<\/strong> con un precio de esos que da susto, pues <strong>9.995 d\u00f3lares<\/strong> de la \u00e9poca eran toda una peque\u00f1a fortuna. Lo de \u00abLisa\u00bb dicen que viene a cuento del nombre de la primera hija de <strong>Steve Jobs<\/strong>, que naci\u00f3 en 1978, aunque oficialmente es un acr\u00f3nimo de <em>Local Integrated Software Architecture<\/em>.<\/p>\n<p>El Lisa ten\u00eda su atractivo, era <strong>un ordenador adelantado a su tiempo<\/strong>, al menos si era comparado con el resto de m\u00e1quinas de la competencia en el mercado dom\u00e9stico o de oficina, un mercado que acababa de nacer. En reto\u00f1o de Apple contaba con un novedoso<strong> rat\u00f3n de un solo bot\u00f3n<\/strong>, heredero del c\u00e9lebre modelo original de Xerox de tres botones, disco duro de 5MB en algunas de las versiones m\u00e1s avanzadas y, c\u00f3mo no, <strong>fue el primer ordenador personal comercial en contar con interfaz gr\u00e1fica de usuario<\/strong>. Si unimos a todo eso una pantalla mon\u00f3croma de 12 pulgadas y dos disqueteras junto a un dise\u00f1o un tanto especial, porque parec\u00eda una televisi\u00f3n m\u00e1s que otra cosa, lo que tenemos es un aparato singular y, a la vez, extra\u00f1o.<\/p>\n<p>El ordenador Lisa no hubiera disgustado mucho en su forma de uso a las gentes que nunca han utilizado las l\u00edneas de comando, porque contaba con men\u00fas, ventanas, barras de desplazamiento y hasta papelera, de la misma forma a como todav\u00eda son entendidos hoy esos elementos de interacci\u00f3n con el usuario. Sencillamente, el Lisa era <em>la leche<\/em>, y adem\u00e1s <strong>contaba con un arsenal de software realmente impresionante<\/strong>. Pero algo no marchaba bien. Los desarrolladores independientes de software no lo ve\u00edan con buenos ojos, no era compatible con ning\u00fan otro ordenador de la \u00e9poca, lo que ven\u00eda a ser casi lo mismo que decir que no ten\u00eda nada que ver con las tan extendidas m\u00e1quinas de IBM y, para colmo, <strong>las disqueteras fallaban demasiado<\/strong> y tuvieron que ser renovadas al cabo de un tiempo. <\/p>\n<p>Jobs hab\u00eda pensado en un ordenador de apenas 2.000 d\u00f3lares, pero despu\u00e9s del proceso de dise\u00f1o, en el que curiosamente el propio Jobs fue apartado, el engendro acab\u00f3 costando los casi 10.000 d\u00f3lares que mencion\u00e9 antes. Claro, por ese precio pod\u00edas esperar toda una maravilla. Pues no, ni de lejos. Por ejemplo, <strong>el pobre microprocesador Motorola 68000 era demasiado lento para poder responder con agilidad a las necesidades del entorno gr\u00e1fico<\/strong>. Adem\u00e1s, al poco de salir al mercado, un insistente rumor acerca de un nuevo ordenador de Apple que era mucho m\u00e1s r\u00e1pido y barato, que supuestamente iba a aparecer en el mercado en unos meses, termin\u00f3 por convertir al Lisa en <strong>un dinosaurio imposible de venderse<\/strong>.<\/p>\n<p>Para colmo, aunque no ten\u00edan interfaces gr\u00e1ficas, los<strong> ordenadores compatibles con MS-DOS<\/strong> comenzaron a proliferar y, por supuesto, sus precios eran de risa comparados con el Lisa. As\u00ed, los PC de IBM y los clones de un mont\u00f3n de marcas se comieron el mercado, con lo que <strong>Apple tuvo que retirar el Lisa a comienzos de 1985<\/strong>. En apenas dos a\u00f1os, se hab\u00edan vendido menos de 80.000 ordenadores Lisa, mientras que los PC de IBM y compatibles reinaban con cientos de miles de unidades vendidas cada mes. En los almacenes de Apple quedaron los Lisa supervivientes, sin ser siquiera estrenados, olvidados como trastos viejos, hasta que un d\u00eda de 1989<strong> fueron enviados a un basurero de la localidad de Logan<\/strong>, en Utah, donde terminaron sepultados. <\/p>\n<p><a href=\"http:\/\/www.flickr.com\/photos\/alpoma\/8231353078\/\" title=\"apple_lisa_2, on Flickr\"><img loading=\"lazy\" decoding=\"async\" src=\"http:\/\/farm9.staticflickr.com\/8202\/8231353078_966ffbb7a8_o.jpg\" width=\"620\" height=\"416\" alt=\"apple_lisa_2\" class=\"otros\"\/><\/a><br \/>\n<em>Un Apple Lisa asoma entre los restos de sus compa\u00f1eros en el vertedero de Logan, durante el proceso de destrucci\u00f3n de 2.700 unidades en septiembre de 1989. Fuente: <a href=\"http:\/\/news.hjnews.com\/opinion\/article_b71cddba-f7a0-11e0-8054-001cc4c002e0.html?mode=image&#038;photo=\">Herald Journal<\/a> \/ USU Special Collections.<\/em><\/p>\n<p>Pero, <strong>\u00bfpor qu\u00e9 terminaron en el vertedero de Logan aquellas 2.700 m\u00e1quinas?<\/strong> Al parecer, una empresa local de venta de ordenadores,<em> Sun Remarketing<\/em>, hab\u00eda llegado a un acuerdo con Apple para comercializar varios miles de Lisa revisados y actualizados a un precio \u00abmoderado\u00bb, apenas 4.000 d\u00f3lares. V\u00e9ase que lo de \u00abmoderado\u00bb es cosa de guasa, porque tambi\u00e9n era toda una fortuna. Al final, el producto era imposible de ser colocado en el mercado, por lo que Apple decidi\u00f3 enviar los ordenadores desde el almac\u00e9n hasta el vertedero. Con la operaci\u00f3n la compa\u00f1\u00eda se ahorr\u00f3 un mont\u00f3n de dinero en impuestos y en gastos de almacenaje. <strong>Fueron 22 los env\u00edos en camiones de basura hasta completar la operaci\u00f3n<\/strong>, mientras guardias de seguridad vigilaban para evitar que se salvara ni un solo Lisa. Muchos lugare\u00f1os se acercaron al cabo de unos d\u00edas al vertedero para intentar conseguir un Apple Lisa, pero descubrieron que, adem\u00e1s de haber sido sepultados con eficacia, todos estaban triturados. <\/p>\n<p>_____________<br \/>\n<strong>M\u00e1s informaci\u00f3n<\/strong>:<\/p>\n<ul>\n<li>Jeffrey L. Cruikshank. <em>The Apple Way<\/em>. 2006, McGraw Hill.<\/li>\n<li>HJ News, Editor&#8217;s Corner: <a href=\"http:\/\/news.hjnews.com\/opinion\/article_b71cddba-f7a0-11e0-8054-001cc4c002e0.html?mode=story\" title=\"HJ News\">Logan has interesting link to Apple computer history<\/a>.<\/li>\n<\/ul>\n<p><strong>Imagen superior<\/strong>: Apple Lisa, fotograf\u00eda de <a href=\"http:\/\/commons.wikimedia.org\/wiki\/File:Apple_Lisa-2-IMG_1730.jpg\" title=\"Apple Lisa\">Rama &#038; Mus\u00e9e Bolo<\/a>. CC-By. <\/p>\n","protected":false},"excerpt":{"rendered":"<div class=\"mh-excerpt\"><p>El Apple Lisa fue puesto a la venta en 1983 con un precio de esos que da susto, pues 9.995 d\u00f3lares de la \u00e9poca eran toda una peque\u00f1a fortuna. Lo <a class=\"mh-excerpt-more\" href=\"https:\/\/alpoma.net\/tecob\/?p=7556\" title=\"El d\u00eda que 2.700 ordenadores Apple, sin estrenar, terminaron en la basura\">[&#8230;]<\/a><\/p>\n<\/div>","protected":false},"author":1,"featured_media":10703,"comment_status":"open","ping_status":"open","sticky":false,"template":"","format":"standard","meta":{"jetpack_post_was_ever_published":false,"_jetpack_newsletter_access":"","_jetpack_dont_email_post_to_subs":false,"_jetpack_newsletter_tier_id":0,"_jetpack_memberships_contains_paywalled_content":false,"_jetpack_memberships_contains_paid_content":false,"footnotes":""},"categories":[3],"tags":[],"class_list":["post-7556","post","type-post","status-publish","format-standard","has-post-thumbnail","hentry","category-obsolescencia"],"jetpack_featured_media_url":"https:\/\/alpoma.net\/tecob\/wp-content\/uploads\/2012\/11\/8231209708_a827bac151_m.jpg","jetpack_shortlink":"https:\/\/wp.me\/p93Dc1-1XS","jetpack-related-posts":[{"id":14002,"url":"https:\/\/alpoma.net\/tecob\/?p=14002","url_meta":{"origin":7556,"position":0},"title":"Un viernes negro a\u00f1ejo (ordenadores de los 80)","author":"alpoma","date":"22 noviembre 2018","format":false,"excerpt":"Hay muchas versiones que tratan de explicar la historia del \"Viernes negro\", el d\u00eda de las compras masivas de rebajas o \"Black Friday\" en ingl\u00e9s (muchas de ellas son ficticias, sobre todo una que alud\u00eda al mercado de esclavos). Con esta jornada, la siguiente al D\u00eda de Acci\u00f3n de Gracias,\u2026","rel":"","context":"En \u00abObsolescencia\u00bb","block_context":{"text":"Obsolescencia","link":"https:\/\/alpoma.net\/tecob\/?cat=3"},"img":{"alt_text":"","src":"https:\/\/i0.wp.com\/alpoma.net\/tecob\/wp-content\/uploads\/2018\/11\/amiga-500-1987.jpg?resize=350%2C200&ssl=1","width":350,"height":200,"srcset":"https:\/\/i0.wp.com\/alpoma.net\/tecob\/wp-content\/uploads\/2018\/11\/amiga-500-1987.jpg?resize=350%2C200&ssl=1 1x, https:\/\/i0.wp.com\/alpoma.net\/tecob\/wp-content\/uploads\/2018\/11\/amiga-500-1987.jpg?resize=525%2C300&ssl=1 1.5x, https:\/\/i0.wp.com\/alpoma.net\/tecob\/wp-content\/uploads\/2018\/11\/amiga-500-1987.jpg?resize=700%2C400&ssl=1 2x, https:\/\/i0.wp.com\/alpoma.net\/tecob\/wp-content\/uploads\/2018\/11\/amiga-500-1987.jpg?resize=1050%2C600&ssl=1 3x, https:\/\/i0.wp.com\/alpoma.net\/tecob\/wp-content\/uploads\/2018\/11\/amiga-500-1987.jpg?resize=1400%2C800&ssl=1 4x"},"classes":[]},{"id":8456,"url":"https:\/\/alpoma.net\/tecob\/?p=8456","url_meta":{"origin":7556,"position":1},"title":"\u00c9tienne Bunau-Varilla y su bici-torpedo","author":"alpoma","date":"29 agosto 2013","format":false,"excerpt":"\u00bfSientes que el aire te frena al intentar marchar m\u00e1s r\u00e1pido en tu bicicleta? \u00bfQuieres superar alguna marca de velocidad sobre dos ruedas? No s\u00e9 en qu\u00e9 estar\u00eda pensando \u00c9tienne Bunau-Varilla cuando dise\u00f1\u00f3 su su bici-torpedo, pero seguro que le preocupaba conseguir alguna mejora aerodin\u00e1mica. El caso es que, pr\u00e1ctico,\u2026","rel":"","context":"En \u00abObsolescencia\u00bb","block_context":{"text":"Obsolescencia","link":"https:\/\/alpoma.net\/tecob\/?cat=3"},"img":{"alt_text":"","src":"https:\/\/i0.wp.com\/alpoma.net\/tecob\/wp-content\/uploads\/2013\/08\/bici_torpedo_2.jpg?resize=350%2C200&ssl=1","width":350,"height":200,"srcset":"https:\/\/i0.wp.com\/alpoma.net\/tecob\/wp-content\/uploads\/2013\/08\/bici_torpedo_2.jpg?resize=350%2C200&ssl=1 1x, https:\/\/i0.wp.com\/alpoma.net\/tecob\/wp-content\/uploads\/2013\/08\/bici_torpedo_2.jpg?resize=525%2C300&ssl=1 1.5x"},"classes":[]},{"id":12992,"url":"https:\/\/alpoma.net\/tecob\/?p=12992","url_meta":{"origin":7556,"position":2},"title":"Del coche a vapor a La Hispano-Suiza","author":"alpoma","date":"11 diciembre 2017","format":false,"excerpt":"En el n\u00famero de noviembre de 2017 de la revista Historia de Iberia Vieja, publiqu\u00e9 un peque\u00f1o repaso acerca de los primeros autom\u00f3viles espa\u00f1oles. Lo que sigue es la versi\u00f3n para TecOb de ese art\u00edculo, con acceso a otros posts anteriores en los que ya habr\u00eda tratado temas relacionados. Los\u2026","rel":"","context":"En \u00abMade in Spain\u00bb","block_context":{"text":"Made in Spain","link":"https:\/\/alpoma.net\/tecob\/?cat=10"},"img":{"alt_text":"","src":"https:\/\/i0.wp.com\/alpoma.net\/tecob\/wp-content\/uploads\/2017\/12\/Coches-Electricos-1898.png?resize=350%2C200&ssl=1","width":350,"height":200,"srcset":"https:\/\/i0.wp.com\/alpoma.net\/tecob\/wp-content\/uploads\/2017\/12\/Coches-Electricos-1898.png?resize=350%2C200&ssl=1 1x, https:\/\/i0.wp.com\/alpoma.net\/tecob\/wp-content\/uploads\/2017\/12\/Coches-Electricos-1898.png?resize=525%2C300&ssl=1 1.5x, https:\/\/i0.wp.com\/alpoma.net\/tecob\/wp-content\/uploads\/2017\/12\/Coches-Electricos-1898.png?resize=700%2C400&ssl=1 2x"},"classes":[]},{"id":5462,"url":"https:\/\/alpoma.net\/tecob\/?p=5462","url_meta":{"origin":7556,"position":3},"title":"Focke-Wulf F19, el avi\u00f3n \u00abpato\u00bb","author":"alpoma","date":"14 octubre 2011","format":false,"excerpt":"No veo que se parezca mucho a un pato (v\u00e9ase este comentario a prop\u00f3sito de la traducci\u00f3n del franc\u00e9s canard), pero en la prensa espa\u00f1ola de la \u00e9poca hubo quien compar\u00f3 al avi\u00f3n experimental Focke-Wulf F19 con ese tipo de aves y siendo su estampa tan extra\u00f1a, tiene hueco asegurado\u2026","rel":"","context":"En \u00abObsolescencia\u00bb","block_context":{"text":"Obsolescencia","link":"https:\/\/alpoma.net\/tecob\/?cat=3"},"img":{"alt_text":"","src":"https:\/\/i0.wp.com\/alpoma.net\/tecob\/wp-content\/uploads\/2011\/10\/6242027006_7db90670a5_o.jpg?resize=350%2C200&ssl=1","width":350,"height":200,"srcset":"https:\/\/i0.wp.com\/alpoma.net\/tecob\/wp-content\/uploads\/2011\/10\/6242027006_7db90670a5_o.jpg?resize=350%2C200&ssl=1 1x, https:\/\/i0.wp.com\/alpoma.net\/tecob\/wp-content\/uploads\/2011\/10\/6242027006_7db90670a5_o.jpg?resize=525%2C300&ssl=1 1.5x"},"classes":[]},{"id":3013,"url":"https:\/\/alpoma.net\/tecob\/?p=3013","url_meta":{"origin":7556,"position":4},"title":"(1899) Un torpedo el\u00e9ctrico supera los 100 km\/h","author":"alpoma","date":"28 junio 2010","format":false,"excerpt":"Este veh\u00edculo llevaba un nombre tan curioso como evocador: Jamais Contente1 lo que, traducido del franc\u00e9s, vendr\u00eda a ser algo as\u00ed como \"el insatisfecho\". Tanto su denominaci\u00f3n como su dise\u00f1o quer\u00edan transmitir algo, y no cabe duda que lo consegu\u00eda. Ayer, cuando me enter\u00e9 de su existencia (\u00a1gracias @JoseM_SGP!), qued\u00e9\u2026","rel":"","context":"En \u00abObsolescencia\u00bb","block_context":{"text":"Obsolescencia","link":"https:\/\/alpoma.net\/tecob\/?cat=3"},"img":{"alt_text":"","src":"https:\/\/i0.wp.com\/alpoma.net\/tecob\/wp-content\/uploads\/2010\/06\/4743164849_7fef6837bb_z.jpg?resize=350%2C200&ssl=1","width":350,"height":200,"srcset":"https:\/\/i0.wp.com\/alpoma.net\/tecob\/wp-content\/uploads\/2010\/06\/4743164849_7fef6837bb_z.jpg?resize=350%2C200&ssl=1 1x, https:\/\/i0.wp.com\/alpoma.net\/tecob\/wp-content\/uploads\/2010\/06\/4743164849_7fef6837bb_z.jpg?resize=525%2C300&ssl=1 1.5x"},"classes":[]},{"id":7136,"url":"https:\/\/alpoma.net\/tecob\/?p=7136","url_meta":{"origin":7556,"position":5},"title":"La edad de oro de las pianolas","author":"alpoma","date":"30 agosto 2012","format":false,"excerpt":"Durante la segunda mitad del siglo XIX, y hasta bien entrada la siguiente centuria, la \u00fanica forma de reproducir en casa grandes composiciones musicales, en ocasiones grabadas de la misma mano de grandes genios como el gran Sergei Rachmaninoff, era contar con una pianola, salvo que uno supiera tocar bien\u2026","rel":"","context":"En \u00abObsolescencia\u00bb","block_context":{"text":"Obsolescencia","link":"https:\/\/alpoma.net\/tecob\/?cat=3"},"img":{"alt_text":"","src":"https:\/\/i0.wp.com\/alpoma.net\/tecob\/wp-content\/uploads\/2012\/08\/7896413070_ba675c8077_o.jpg?resize=350%2C200&ssl=1","width":350,"height":200,"srcset":"https:\/\/i0.wp.com\/alpoma.net\/tecob\/wp-content\/uploads\/2012\/08\/7896413070_ba675c8077_o.jpg?resize=350%2C200&ssl=1 1x, https:\/\/i0.wp.com\/alpoma.net\/tecob\/wp-content\/uploads\/2012\/08\/7896413070_ba675c8077_o.jpg?resize=525%2C300&ssl=1 1.5x"},"classes":[]}],"jetpack_sharing_enabled":true,"_links":{"self":[{"href":"https:\/\/alpoma.net\/tecob\/index.php?rest_route=\/wp\/v2\/posts\/7556","targetHints":{"allow":["GET"]}}],"collection":[{"href":"https:\/\/alpoma.net\/tecob\/index.php?rest_route=\/wp\/v2\/posts"}],"about":[{"href":"https:\/\/alpoma.net\/tecob\/index.php?rest_route=\/wp\/v2\/types\/post"}],"author":[{"embeddable":true,"href":"https:\/\/alpoma.net\/tecob\/index.php?rest_route=\/wp\/v2\/users\/1"}],"replies":[{"embeddable":true,"href":"https:\/\/alpoma.net\/tecob\/index.php?rest_route=%2Fwp%2Fv2%2Fcomments&post=7556"}],"version-history":[{"count":0,"href":"https:\/\/alpoma.net\/tecob\/index.php?rest_route=\/wp\/v2\/posts\/7556\/revisions"}],"wp:featuredmedia":[{"embeddable":true,"href":"https:\/\/alpoma.net\/tecob\/index.php?rest_route=\/wp\/v2\/media\/10703"}],"wp:attachment":[{"href":"https:\/\/alpoma.net\/tecob\/index.php?rest_route=%2Fwp%2Fv2%2Fmedia&parent=7556"}],"wp:term":[{"taxonomy":"category","embeddable":true,"href":"https:\/\/alpoma.net\/tecob\/index.php?rest_route=%2Fwp%2Fv2%2Fcategories&post=7556"},{"taxonomy":"post_tag","embeddable":true,"href":"https:\/\/alpoma.net\/tecob\/index.php?rest_route=%2Fwp%2Fv2%2Ftags&post=7556"}],"curies":[{"name":"wp","href":"https:\/\/api.w.org\/{rel}","templated":true}]}}