{"id":752,"date":"2007-08-03T23:46:01","date_gmt":"2007-08-03T21:46:01","guid":{"rendered":"http:\/\/www.alpoma.net\/tecob\/?p=752"},"modified":"2007-08-03T23:53:07","modified_gmt":"2007-08-03T21:53:07","slug":"la-desconocida-del-sena","status":"publish","type":"post","link":"https:\/\/alpoma.net\/tecob\/?p=752","title":{"rendered":"La desconocida del Sena"},"content":{"rendered":"<p><img decoding=\"async\" src=\"http:\/\/farm2.static.flickr.com\/1216\/1000284187_5a5ea3d161_m.jpg\" alt=\"La desconocida del Sena\" class=\"dch\"\/>Par\u00eds, a\u00f1o 1900, en las <strong>aguas del Sena<\/strong> aparece el cad\u00e1ver de una jovencita. Aparentemente, se ha suicidado, ahog\u00e1ndose en el r\u00edo que cruza la capital francesa. El cuerpo es trasladado a la morgue, donde pasa el tiempo sin que nadie lo reclame. Un empleado del dep\u00f3sito de cad\u00e1veres, fascinado por la belleza de la joven, ahora carente de vida, decide realizar una <strong>m\u00e1scara mortuoria<\/strong> de su rostro. <\/p>\n<p>Desde aquel d\u00eda, el rostro de <strong><a href=\"http:\/\/en.wikipedia.org\/wiki\/Inconnue_de_la_Seine\">aquella desconocida hallada en el Sena<\/a><\/strong> se convirti\u00f3 en objeto de moda, su m\u00e1scara mortuoria fue reproducida por doquier y <strong>sirvi\u00f3 de inspiraci\u00f3n durante d\u00e9cadas<\/strong> para poetas y artistas de todo tipo, como Albert Camus, Rainer Maria Rilke o Vladimir Nabokov. El Par\u00eds bohemio hab\u00eda encontrado otro objeto de adoraci\u00f3n pero, a pesar de que aquel pl\u00e1cido rostro fue contemplado por cientos de personas, <strong>nadie supo jam\u00e1s qui\u00e9n era la muchacha<\/strong>. <\/p>\n<p>En realidad, con el paso del tiempo, poca importancia ten\u00eda aquel \u00abdetalle\u00bb, porque se hab\u00eda convertido en un icono, un s\u00edmbolo, un objeto de culto que, incluso, sirvi\u00f3 de modelo para realizar un <strong><a href=\"http:\/\/en.wikipedia.org\/wiki\/Rescue_Annie\">maniqu\u00ed<\/a><\/strong> &#8211;<em>Resusci Anne<\/em>&#8211; destinado a realizar pr\u00e1cticas de primeros auxilios desde mediados del siglo XX. <\/p>\n<p><strong>M\u00e1s informaci\u00f3n<\/strong>:<br \/>\n<strong><a href=\"http:\/\/www.kirchersociety.org\/blog\/2007\/07\/31\/linconnue-de-la-seine\/\" class=\"enlaces\">L\u2019Inconnue de la Seine | Proceedings of the Athanasius Kircher Society<\/a><\/strong><br \/>\n<strong><a href=\"http:\/\/williamgaddis.org\/recognitions\/inconnue\/index.shtml\" class=\"enlaces\">Influence and authenticity of l&#8217;Inconnue de la Seine<\/a><\/strong>, por Anja Zeidler<br \/>\n<strong><a href=\"http:\/\/libweb.princeton.edu\/libraries\/firestone\/rbsc\/aids\/C0770\/index.html\" class=\"enlaces\">Laurence Hutton Collection of Life and Death Masks<\/a><\/strong><\/p>\n","protected":false},"excerpt":{"rendered":"<div class=\"mh-excerpt\"><p>Par\u00eds, a\u00f1o 1900, en las aguas del Sena aparece el cad\u00e1ver de una jovencita. Aparentemente, se ha suicidado, ahog\u00e1ndose en el r\u00edo que cruza la capital francesa. El cuerpo es <a class=\"mh-excerpt-more\" href=\"https:\/\/alpoma.net\/tecob\/?p=752\" title=\"La desconocida del Sena\">[&#8230;]<\/a><\/p>\n<\/div>","protected":false},"author":1,"featured_media":10946,"comment_status":"open","ping_status":"open","sticky":false,"template":"","format":"standard","meta":{"jetpack_post_was_ever_published":false,"_jetpack_newsletter_access":"","_jetpack_dont_email_post_to_subs":false,"_jetpack_newsletter_tier_id":0,"_jetpack_memberships_contains_paywalled_content":false,"_jetpack_memberships_contains_paid_content":false,"footnotes":""},"categories":[3],"tags":[],"class_list":["post-752","post","type-post","status-publish","format-standard","has-post-thumbnail","hentry","category-obsolescencia"],"jetpack_featured_media_url":"https:\/\/alpoma.net\/tecob\/wp-content\/uploads\/2007\/08\/1000284187_5a5ea3d161_m.jpg","jetpack_shortlink":"https:\/\/wp.me\/p93Dc1-c8","jetpack-related-posts":[{"id":5220,"url":"https:\/\/alpoma.net\/tecob\/?p=5220","url_meta":{"origin":752,"position":0},"title":"Tortazo en el Sena","author":"alpoma","date":"17 agosto 2011","format":false,"excerpt":"El recuerdo del vuelo de John Moisant con su gato y su mec\u00e1nico sobre el Canal de la Mancha que mencion\u00e9 hace poco me hizo recordar la aventura de Jean-Pierre Blanchard quien, junto con el polifac\u00e9tico estadounidense John Jeffries, cruz\u00f3 el mismo impedimento acu\u00e1tico. Eso sucedi\u00f3 el 7 de enero\u2026","rel":"","context":"En \u00abObsolescencia\u00bb","block_context":{"text":"Obsolescencia","link":"https:\/\/alpoma.net\/tecob\/?cat=3"},"img":{"alt_text":"Marques_de_Bacqueville","src":"https:\/\/i0.wp.com\/farm7.static.flickr.com\/6063\/6053577971_6643e79b6a_m.jpg?resize=350%2C200","width":350,"height":200},"classes":[]},{"id":1135,"url":"https:\/\/alpoma.net\/tecob\/?p=1135","url_meta":{"origin":752,"position":1},"title":"La m\u00e1quina de Marly","author":"alpoma","date":"24 mayo 2009","format":false,"excerpt":"Ll\u00e1mese capricho, o prodigio de la t\u00e9cnica, lo mismo da porque hay casos en los que ambos adjetivos se pueden aplicar al mismo tiempo. Con la m\u00e1quina de Marly sucede precisamente esto, por una parte no dejaba de ser una obra gigantesca un tanto caprichosa, como todo Versalles pero, c\u00f3mo\u2026","rel":"","context":"En \u00abObsolescencia\u00bb","block_context":{"text":"Obsolescencia","link":"https:\/\/alpoma.net\/tecob\/?cat=3"},"img":{"alt_text":"","src":"https:\/\/i0.wp.com\/alpoma.net\/tecob\/wp-content\/uploads\/2009\/05\/3560993366_8ef1c0c478_o.jpg?resize=350%2C200&ssl=1","width":350,"height":200,"srcset":"https:\/\/i0.wp.com\/alpoma.net\/tecob\/wp-content\/uploads\/2009\/05\/3560993366_8ef1c0c478_o.jpg?resize=350%2C200&ssl=1 1x, https:\/\/i0.wp.com\/alpoma.net\/tecob\/wp-content\/uploads\/2009\/05\/3560993366_8ef1c0c478_o.jpg?resize=525%2C300&ssl=1 1.5x"},"classes":[]},{"id":15515,"url":"https:\/\/alpoma.net\/tecob\/?p=15515","url_meta":{"origin":752,"position":2},"title":"Tiznados por el eclipse (1900)","author":"alpoma","date":"21 febrero 2026","format":false,"excerpt":"Este 2026 es el a\u00f1o del eclipse, al menos en gran parte de Espa\u00f1a. En agosto viviremos un espectacular eclipse total de sol, si las nubes lo permiten, y todo el mundo est\u00e1 bastante revuelto con el tema. Como en los pr\u00f3ximos meses va a explotar la eclipseman\u00eda, he decidido\u2026","rel":"","context":"En \u00abObsolescencia\u00bb","block_context":{"text":"Obsolescencia","link":"https:\/\/alpoma.net\/tecob\/?cat=3"},"img":{"alt_text":"","src":"https:\/\/i0.wp.com\/alpoma.net\/tecob\/wp-content\/uploads\/2026\/02\/1-tiznados-alpoma.png?resize=350%2C200&ssl=1","width":350,"height":200,"srcset":"https:\/\/i0.wp.com\/alpoma.net\/tecob\/wp-content\/uploads\/2026\/02\/1-tiznados-alpoma.png?resize=350%2C200&ssl=1 1x, https:\/\/i0.wp.com\/alpoma.net\/tecob\/wp-content\/uploads\/2026\/02\/1-tiznados-alpoma.png?resize=525%2C300&ssl=1 1.5x, https:\/\/i0.wp.com\/alpoma.net\/tecob\/wp-content\/uploads\/2026\/02\/1-tiznados-alpoma.png?resize=700%2C400&ssl=1 2x, https:\/\/i0.wp.com\/alpoma.net\/tecob\/wp-content\/uploads\/2026\/02\/1-tiznados-alpoma.png?resize=1050%2C600&ssl=1 3x, https:\/\/i0.wp.com\/alpoma.net\/tecob\/wp-content\/uploads\/2026\/02\/1-tiznados-alpoma.png?resize=1400%2C800&ssl=1 4x"},"classes":[]},{"id":6844,"url":"https:\/\/alpoma.net\/tecob\/?p=6844","url_meta":{"origin":752,"position":3},"title":"La torre Eiffel de Londres","author":"alpoma","date":"4 julio 2012","format":false,"excerpt":"A mucha gente no le hac\u00eda ni pizca de gracia tener aquello que consideraban como un feo monstruo de metal que superaba los 300 metros de altura haciendo sombra a orillas del Sena y, sin embargo, la torre Eiffel, pensada para la Exposici\u00f3n Universal de Par\u00eds del a\u00f1o 1889, se\u2026","rel":"","context":"En \u00abObsolescencia\u00bb","block_context":{"text":"Obsolescencia","link":"https:\/\/alpoma.net\/tecob\/?cat=3"},"img":{"alt_text":"","src":"https:\/\/i0.wp.com\/alpoma.net\/tecob\/wp-content\/uploads\/2012\/07\/7501580592_dc7cb06878_o.jpg?resize=350%2C200&ssl=1","width":350,"height":200,"srcset":"https:\/\/i0.wp.com\/alpoma.net\/tecob\/wp-content\/uploads\/2012\/07\/7501580592_dc7cb06878_o.jpg?resize=350%2C200&ssl=1 1x, https:\/\/i0.wp.com\/alpoma.net\/tecob\/wp-content\/uploads\/2012\/07\/7501580592_dc7cb06878_o.jpg?resize=525%2C300&ssl=1 1.5x"},"classes":[]},{"id":1001,"url":"https:\/\/alpoma.net\/tecob\/?p=1001","url_meta":{"origin":752,"position":4},"title":"De alas giratorias y el efecto Magnus","author":"alpoma","date":"23 septiembre 2008","format":false,"excerpt":"De un salto, con un poco de equilibrio, viajemos al siglo XIX. Pongamos que, por ejemplo, hemos llegado a Berl\u00edn hacia 1860. Dando una vuelta por la universidad, caeremos por azar en las aulas de ciencias. \u00bfQui\u00e9n est\u00e1 ah\u00ed, parlamentando con sus alumnos con especial entusiamo? Con rostro contundente y\u2026","rel":"","context":"En \u00abObsolescencia\u00bb","block_context":{"text":"Obsolescencia","link":"https:\/\/alpoma.net\/tecob\/?cat=3"},"img":{"alt_text":"","src":"https:\/\/i0.wp.com\/alpoma.net\/tecob\/wp-content\/uploads\/2008\/09\/2879802015_dd8635322f_o.jpg?resize=350%2C200&ssl=1","width":350,"height":200},"classes":[]},{"id":2557,"url":"https:\/\/alpoma.net\/tecob\/?p=2557","url_meta":{"origin":752,"position":5},"title":"Los macareos de marea","author":"alpoma","date":"24 abril 2010","format":false,"excerpt":"A veces, cuando la Luna, el Sol y la Tierra juegan el el espacio formando ciertas combinaciones geom\u00e9tricas en su baile gravitatorio orbital, suceden fen\u00f3menos dignos de ser contemplados. En ocasiones, en algunos r\u00edos ya pr\u00f3ximos a su desembocadura en los oc\u00e9anos, una rugiente ola avanza aguas arriba, contra el\u2026","rel":"","context":"En \u00abGeo\u00bb","block_context":{"text":"Geo","link":"https:\/\/alpoma.net\/tecob\/?cat=5"},"img":{"alt_text":"","src":"https:\/\/i0.wp.com\/alpoma.net\/tecob\/wp-content\/uploads\/2010\/04\/4547709247_2e955b7122_o.jpg?resize=350%2C200&ssl=1","width":350,"height":200,"srcset":"https:\/\/i0.wp.com\/alpoma.net\/tecob\/wp-content\/uploads\/2010\/04\/4547709247_2e955b7122_o.jpg?resize=350%2C200&ssl=1 1x, https:\/\/i0.wp.com\/alpoma.net\/tecob\/wp-content\/uploads\/2010\/04\/4547709247_2e955b7122_o.jpg?resize=525%2C300&ssl=1 1.5x"},"classes":[]}],"jetpack_sharing_enabled":true,"_links":{"self":[{"href":"https:\/\/alpoma.net\/tecob\/index.php?rest_route=\/wp\/v2\/posts\/752","targetHints":{"allow":["GET"]}}],"collection":[{"href":"https:\/\/alpoma.net\/tecob\/index.php?rest_route=\/wp\/v2\/posts"}],"about":[{"href":"https:\/\/alpoma.net\/tecob\/index.php?rest_route=\/wp\/v2\/types\/post"}],"author":[{"embeddable":true,"href":"https:\/\/alpoma.net\/tecob\/index.php?rest_route=\/wp\/v2\/users\/1"}],"replies":[{"embeddable":true,"href":"https:\/\/alpoma.net\/tecob\/index.php?rest_route=%2Fwp%2Fv2%2Fcomments&post=752"}],"version-history":[{"count":0,"href":"https:\/\/alpoma.net\/tecob\/index.php?rest_route=\/wp\/v2\/posts\/752\/revisions"}],"wp:featuredmedia":[{"embeddable":true,"href":"https:\/\/alpoma.net\/tecob\/index.php?rest_route=\/wp\/v2\/media\/10946"}],"wp:attachment":[{"href":"https:\/\/alpoma.net\/tecob\/index.php?rest_route=%2Fwp%2Fv2%2Fmedia&parent=752"}],"wp:term":[{"taxonomy":"category","embeddable":true,"href":"https:\/\/alpoma.net\/tecob\/index.php?rest_route=%2Fwp%2Fv2%2Fcategories&post=752"},{"taxonomy":"post_tag","embeddable":true,"href":"https:\/\/alpoma.net\/tecob\/index.php?rest_route=%2Fwp%2Fv2%2Ftags&post=752"}],"curies":[{"name":"wp","href":"https:\/\/api.w.org\/{rel}","templated":true}]}}