{"id":7490,"date":"2012-11-11T20:13:16","date_gmt":"2012-11-11T18:13:16","guid":{"rendered":"http:\/\/www.alpoma.net\/tecob\/?p=7490"},"modified":"2012-11-11T20:13:16","modified_gmt":"2012-11-11T18:13:16","slug":"de-joseph-priestley-a-john-b-spark-dos-visiones-del-tiempo-y-el-espacio","status":"publish","type":"post","link":"https:\/\/alpoma.net\/tecob\/?p=7490","title":{"rendered":"De Joseph Priestley a John B. Spark, dos visiones del tiempo y el espacio"},"content":{"rendered":"<p>La <strong>forma de entender el mundo<\/strong> en diversas culturas tiene mucho que ver con c\u00f3mo se representa el tiempo y el espacio de forma visual. Naturalmente, esas formas de crear <strong>representaciones de la realidad <\/strong>son muy diversas y han cambiado a lo largo del tiempo, por lo que a alguien acostrumbrado a uno de esos \u00abtipos de realidad\u00bb le puede resultar muy complicado comprender otro diferente, aunque a nosotros nos parezca lo m\u00e1s normal del mundo. Sucede por ejemplo con la estructura narrativa de los<strong> c\u00f3mics<\/strong>, a los que estamos tan acostumbrados en occidente, pero que resultan extra\u00f1os en muchas culturas. Cuando se crea una representaci\u00f3n del mundo que alcanza mucha popularidad, la importancia que llega a tener en muchos \u00e1mbitos es tal que se suele identificar a la propia representaci\u00f3n con el objeto representado. Ejemplos as\u00ed pueden encontrarse por doquier, como por es el caso de la c\u00e9lebre <strong>proyecci\u00f3n de Mercator<\/strong> o en las <strong>coordenadas cartesianas<\/strong>. <\/p>\n<p>Durante mucho tiempo, e incluso hoy d\u00eda, la huella que dej\u00f3 la forma de representar la historia por parte de <strong><a href=\"http:\/\/es.wikipedia.org\/wiki\/Joseph_Priestley\" title=\"Joseph Priestley\">Joseph Priestley<\/a><\/strong> ha sido profunda. Priestley, que vivi\u00f3 entre 1773 y 1804, es recordado por ser <strong>codescubridor del ox\u00edgeno<\/strong>, por sus obras filos\u00f3ficas y sobre educaci\u00f3n y, tambi\u00e9n, por los muchos l\u00edos teol\u00f3gicos y pol\u00edticos en los que se meti\u00f3 y que le obligaron a abandonar Inglaterra rumbo a los Estados Unidos. En una de sus obras m\u00e1s ambiciosas,  <em>Lectures on History and General Policy<\/em> que data de 1769 a Priestley se le ocurri\u00f3 dibujar en algo que hoy d\u00eda llamar\u00edamos <strong>infograf\u00eda<\/strong> toda una visi\u00f3n de la historia del mundo para que el contenido del libro fuera m\u00e1s accesible. Se le ocurri\u00f3 situar un eje para el tiempo y otro para diversas culturas, es m\u00e1s, contempl\u00f3 el mundo en su totalidad y no s\u00f3lo a occidente, aunque \u00e9ste ocupa el lugar m\u00e1s importante. Y, de esta forma, naci\u00f3 algo sorprendente para la \u00e9poca pero que hoy nos parece de lo m\u00e1s normal, a saber, los gr\u00e1ficos cronol\u00f3gicos que sirven para la ense\u00f1anza en historia, econom\u00eda y en tantos otros \u00e1mbitos. He aqu\u00ed esa peque\u00f1a maravilla, <em><strong>A New Chart of History<\/strong><\/em>, que mantuvo su reinado como representaci\u00f3n de la historia humana durante buena parte del siglo XIX (pincha en la imagen para ampliar).<\/p>\n<p><a href=\"http:\/\/www.alpoma.com\/images_tecob\/priestley.jpg\"><img decoding=\"async\" src=\"http:\/\/www.alpoma.com\/images_tecob\/priestley_pq.jpg\" class=\"otros\" title=\"A New Chart of History\"\/><\/a><\/p>\n<p>Esta influencia lleg\u00f3 hasta bien entrado el siglo XX, siendo recogida por <strong>John B. Spark<\/strong>, un historiador aficionado que pas\u00f3 a\u00f1os desarrollando su propia historia de 4.000 a\u00f1os \u00abde un vistazo\u00bb. El resultado fue tan bueno que la gran editorial de Atlas geogr\u00e1ficos Rand McNally lo public\u00f3 en 1931. He aqu\u00ed ese <strong><a href=\"http:\/\/www.davidrumsey.com\/luna\/servlet\/view\/search?q=Pub_List_No%3D%221810.000%22&#038;pgs=250&#038;res=1\" title=\"Histomap\">c\u00e9lebre <em>Histomap<\/em><\/a><\/strong>, que fue reeditado en multitud de ocasiones (pincha en la imagen para ampliar y ver la versi\u00f3n completa).<\/p>\n<p><a href=\"http:\/\/www.alpoma.com\/images_tecob\/histomap.jpg\"><img decoding=\"async\" src=\"http:\/\/www.alpoma.com\/images_tecob\/histomap_pq.jpg\" class=\"otros\" title=\"Histomap\"\/><\/a><\/p>\n","protected":false},"excerpt":{"rendered":"<div class=\"mh-excerpt\"><p>La forma de entender el mundo en diversas culturas tiene mucho que ver con c\u00f3mo se representa el tiempo y el espacio de forma visual. Naturalmente, esas formas de crear <a class=\"mh-excerpt-more\" href=\"https:\/\/alpoma.net\/tecob\/?p=7490\" title=\"De Joseph Priestley a John B. Spark, dos visiones del tiempo y el espacio\">[&#8230;]<\/a><\/p>\n<\/div>","protected":false},"author":1,"featured_media":10919,"comment_status":"open","ping_status":"open","sticky":false,"template":"","format":"standard","meta":{"jetpack_post_was_ever_published":false,"_jetpack_newsletter_access":"","_jetpack_dont_email_post_to_subs":false,"_jetpack_newsletter_tier_id":0,"_jetpack_memberships_contains_paywalled_content":false,"_jetpack_memberships_contains_paid_content":false,"footnotes":""},"categories":[3],"tags":[83,41],"class_list":["post-7490","post","type-post","status-publish","format-standard","has-post-thumbnail","hentry","category-obsolescencia","tag-cronologia","tag-infografia"],"jetpack_featured_media_url":"https:\/\/alpoma.net\/tecob\/wp-content\/uploads\/2012\/11\/priestley_pq.jpg","jetpack_shortlink":"https:\/\/wp.me\/p93Dc1-1WO","jetpack-related-posts":[{"id":664,"url":"https:\/\/alpoma.net\/tecob\/?p=664","url_meta":{"origin":7490,"position":0},"title":"Pedazos de tiempo","author":"alpoma","date":"18 enero 2007","format":false,"excerpt":"El sentido com\u00fan, o mejor, nuestro cerebro creando una ilusi\u00f3n, nos indica que el tiempo transcurre sin ninguna duda desde el imborrable pasado hacia el futuro, a trav\u00e9s del presente. Eso es lo que sentimos, vemos y tenemos por cierto, pero \u00bfqu\u00e9 es el tiempo? Acertadamente San Agust\u00edn de Hipona\u2026","rel":"","context":"En \u00abGeneral\u00bb","block_context":{"text":"General","link":"https:\/\/alpoma.net\/tecob\/?cat=1"},"img":{"alt_text":"","src":"","width":0,"height":0},"classes":[]},{"id":535,"url":"https:\/\/alpoma.net\/tecob\/?p=535","url_meta":{"origin":7490,"position":1},"title":"El hom\u00fanculo cortical","author":"alpoma","date":"15 julio 2006","format":false,"excerpt":"Algunas veces se dice que los hombre pensamos con... Vale, creo que no es necesario rellenar el espacio dejado por los puntos suspensivos, todo el mundo conoce la respuesta. Tal vulgaridad tiene una curiosa \"moraleja\", a saber, que el espacio que en nuestra corteza cerebral se dedica a procesar la\u2026","rel":"","context":"En \u00abInnovaci\u00f3n\u00bb","block_context":{"text":"Innovaci\u00f3n","link":"https:\/\/alpoma.net\/tecob\/?cat=4"},"img":{"alt_text":"homunculo2","src":"https:\/\/i0.wp.com\/static.flickr.com\/47\/189666992_7053137df6_m.jpg?resize=350%2C200","width":350,"height":200},"classes":[]},{"id":901,"url":"https:\/\/alpoma.net\/tecob\/?p=901","url_meta":{"origin":7490,"position":2},"title":"El calendario Holoceno","author":"alpoma","date":"29 mayo 2008","format":false,"excerpt":"Tan acostumbrados estamos a emplear el calendario gregoriano, el m\u00e1s utilizado actualmente en gran parte del planeta, que ya ni nos planteamos lo curioso de \"contar al rev\u00e9s\" antes del a\u00f1o uno, fecha te\u00f3rica del nacimiento de Cristo. Esta especie de eje num\u00e9rico con doble sentido que hace referirnos a\u2026","rel":"","context":"En \u00abGeo\u00bb","block_context":{"text":"Geo","link":"https:\/\/alpoma.net\/tecob\/?cat=5"},"img":{"alt_text":"","src":"https:\/\/i0.wp.com\/alpoma.net\/tecob\/wp-content\/uploads\/2008\/05\/2532554850_1b6b7d2fd3_o.jpg?resize=350%2C200&ssl=1","width":350,"height":200,"srcset":"https:\/\/i0.wp.com\/alpoma.net\/tecob\/wp-content\/uploads\/2008\/05\/2532554850_1b6b7d2fd3_o.jpg?resize=350%2C200&ssl=1 1x, https:\/\/i0.wp.com\/alpoma.net\/tecob\/wp-content\/uploads\/2008\/05\/2532554850_1b6b7d2fd3_o.jpg?resize=525%2C300&ssl=1 1.5x"},"classes":[]},{"id":393,"url":"https:\/\/alpoma.net\/tecob\/?p=393","url_meta":{"origin":7490,"position":3},"title":"Utop\u00eda, distop\u00eda y ucron\u00eda","author":"alpoma","date":"13 marzo 2006","format":false,"excerpt":"No es que nuestro mundo sea una maravilla, pero pod\u00eda ser peor. Por ejemplo, la conocid\u00edsima novela 1984 no es un simple rollo de ciencia ficci\u00f3n. Es una de las grandes obras de la literatura con may\u00fasculas del siglo XX. George Orwell nos muestra en esta narraci\u00f3n un mundo opresivo\u2026","rel":"","context":"En \u00abGeneral\u00bb","block_context":{"text":"General","link":"https:\/\/alpoma.net\/tecob\/?cat=1"},"img":{"alt_text":"","src":"https:\/\/i0.wp.com\/alpoma.net\/tecob\/wp-content\/uploads\/2006\/03\/111967442_9f23c6d237_o.jpg?resize=350%2C200&ssl=1","width":350,"height":200},"classes":[]},{"id":1141,"url":"https:\/\/alpoma.net\/tecob\/?p=1141","url_meta":{"origin":7490,"position":4},"title":"Sensorama","author":"alpoma","date":"6 junio 2009","format":false,"excerpt":"Ayer me llam\u00f3 la atenci\u00f3n una anotaci\u00f3n en io9 dedicada a tecnolog\u00edas de realidad virtual fallidas. En concreto, me gust\u00f3 volver a ver una refencia al Sensorama, una m\u00e1quina de la que ten\u00eda pensado escribir algo hace tiempo y que, como como sucede con tantos asuntos, qued\u00f3 aparcado y casi\u2026","rel":"","context":"En \u00abObsolescencia\u00bb","block_context":{"text":"Obsolescencia","link":"https:\/\/alpoma.net\/tecob\/?cat=3"},"img":{"alt_text":"","src":"","width":0,"height":0},"classes":[]},{"id":1089,"url":"https:\/\/alpoma.net\/tecob\/?p=1089","url_meta":{"origin":7490,"position":5},"title":"Enrique Gaspar y la primera m\u00e1quina del tiempo","author":"alpoma","date":"10 marzo 2009","format":false,"excerpt":"Sigo en modo \"pausa\", pero voy a aprovechar un instante para incorporar al blog mi \u00faltimo texto publicado en papel. Aunque el tema ya lo trat\u00e9 en TecOb hace a\u00f1os, lo hice de forma muy esquem\u00e1tica. :-) AVISO: Este art\u00edculo lo publiqu\u00e9 originalmente en el n\u00famero 45, febrero 2009, de\u2026","rel":"","context":"En \u00abMade in Spain\u00bb","block_context":{"text":"Made in Spain","link":"https:\/\/alpoma.net\/tecob\/?cat=10"},"img":{"alt_text":"","src":"","width":0,"height":0},"classes":[]}],"jetpack_sharing_enabled":true,"_links":{"self":[{"href":"https:\/\/alpoma.net\/tecob\/index.php?rest_route=\/wp\/v2\/posts\/7490","targetHints":{"allow":["GET"]}}],"collection":[{"href":"https:\/\/alpoma.net\/tecob\/index.php?rest_route=\/wp\/v2\/posts"}],"about":[{"href":"https:\/\/alpoma.net\/tecob\/index.php?rest_route=\/wp\/v2\/types\/post"}],"author":[{"embeddable":true,"href":"https:\/\/alpoma.net\/tecob\/index.php?rest_route=\/wp\/v2\/users\/1"}],"replies":[{"embeddable":true,"href":"https:\/\/alpoma.net\/tecob\/index.php?rest_route=%2Fwp%2Fv2%2Fcomments&post=7490"}],"version-history":[{"count":0,"href":"https:\/\/alpoma.net\/tecob\/index.php?rest_route=\/wp\/v2\/posts\/7490\/revisions"}],"wp:featuredmedia":[{"embeddable":true,"href":"https:\/\/alpoma.net\/tecob\/index.php?rest_route=\/wp\/v2\/media\/10919"}],"wp:attachment":[{"href":"https:\/\/alpoma.net\/tecob\/index.php?rest_route=%2Fwp%2Fv2%2Fmedia&parent=7490"}],"wp:term":[{"taxonomy":"category","embeddable":true,"href":"https:\/\/alpoma.net\/tecob\/index.php?rest_route=%2Fwp%2Fv2%2Fcategories&post=7490"},{"taxonomy":"post_tag","embeddable":true,"href":"https:\/\/alpoma.net\/tecob\/index.php?rest_route=%2Fwp%2Fv2%2Ftags&post=7490"}],"curies":[{"name":"wp","href":"https:\/\/api.w.org\/{rel}","templated":true}]}}