{"id":7380,"date":"2012-10-10T21:18:38","date_gmt":"2012-10-10T19:18:38","guid":{"rendered":"http:\/\/www.alpoma.net\/tecob\/?p=7380"},"modified":"2012-10-10T21:18:38","modified_gmt":"2012-10-10T19:18:38","slug":"la-catedral-del-conocimiento","status":"publish","type":"post","link":"https:\/\/alpoma.net\/tecob\/?p=7380","title":{"rendered":"La catedral del conocimiento"},"content":{"rendered":"<p><strong>Pittsburgh<\/strong> no me parecer\u00eda una ciudad apetecible a no ser por dos cualidades que, para m\u00ed, hacen de ella una ciudad muy atractiva. Por una parte, se trata de una mina de oro para la <strong>arqueolog\u00eda industrial<\/strong>. Por otra, alberga <strong>cierto edificio singular<\/strong> que es uno de mis favoritos de toda la arquitectura mundial. Claro, habr\u00e1 a quien le parezca algo incluso grotesco, o feo, pero imaginando paisajes que recuerden lo <em>steampunk<\/em>, o los viejos c\u00f3mics al estilo de Batman y su ciudad, Gotham, creo que podr\u00eda considerarse como un escenario ideal para cualquier fantas\u00eda de similar corte.<\/p>\n<p><img decoding=\"async\" src=\"http:\/\/www.alpoma.com\/images_tecob\/cathedral_of_learning_1.jpg\" class=\"otros\" alt=\"Cathedral of Learning\" title=\"Cathedral of Learning\"\/><br \/>\n<small>Imagen de <a href=\"http:\/\/en.wikipedia.org\/wiki\/File:Cathedral_of_Learning_stitch_1.jpg\">Bill Price III<\/a>.<\/small><\/p>\n<p>Se trata de un <strong>rascacielos neog\u00f3tico<\/strong> que emerge solitario en medio del campus de Oakland en la <strong>Universidad de Pittsburgh<\/strong>. De hecho, este edificio es todo un s\u00edmbolo del lugar. Conocido como <strong><em>Cathedral of Learning<\/em> <\/strong>(Algo as\u00ed como <em>Catedral del aprendizaje<\/em> o de la ense\u00f1anza, de ah\u00ed el t\u00edtulo del post) fue levantado en plena depresi\u00f3n, aunque el proyecto data de principios de los a\u00f1os 20 del siglo pasado.<\/p>\n<p><img decoding=\"async\" src=\"http:\/\/www.alpoma.com\/images_tecob\/cathedral_of_learning_2.jpg\" class=\"otros\" alt=\"Cathedral of Learning\" title=\"Cathedral of Learning\"\/><br \/>\n<small>Imagen de <a href=\"http:\/\/en.wikipedia.org\/wiki\/File:Cathedral_of_Learning_inside_left.jpg\">Chloe Fan<\/a>.<\/small><\/p>\n<p>En su <strong>estructura de 42 pisos y m\u00e1s de 160 metros de altura<\/strong>, encuentran espacio diversas aulas, centros de idiomas, laboratorios y auditorios. Lo de llamar a esta torre \u00abcatedral\u00bb es algo no extra\u00f1a cuando se contempla su estampa.<\/p>\n<p><img decoding=\"async\" src=\"http:\/\/www.alpoma.com\/images_tecob\/cathedral_of_learning_3.jpg\" class=\"otros\" alt=\"Cathedral of Learning\" title=\"Cathedral of Learning\"\/><br \/>\n<small>Imagen de <a href=\"http:\/\/en.wikipedia.org\/wiki\/File:One_of_doors_of_Cathedral_of_Learning.JPG\">B2468135<\/a>.<\/small><\/p>\n<p>Siento debilidad por la <strong>arquitectura neog\u00f3tica<\/strong>, uno de cuyos \u00faltimos y m\u00e1s destacados ejemplos es, precisamente, este gigante que aparece de la nada en medio de una cuidada pradera. Las im\u00e1genes que he seleccionado como muestra nos acercan al esplendor de este aut\u00e9ntico templo del saber moderno que <strong>no desentonar\u00eda en una ucron\u00eda de ciencia ficci\u00f3n<\/strong>.<\/p>\n<p><img decoding=\"async\" src=\"http:\/\/www.alpoma.com\/images_tecob\/cathedral_of_learning_4.jpg\" class=\"otros\" alt=\"Cathedral of Learning\" title=\"Cathedral of Learning\"\/><br \/>\n<small>Imagen de <a href=\"http:\/\/en.wikipedia.org\/wiki\/File:CathedralofLearningatPitt_fromLawn.jpg\">Andrew Malone<\/a>.<\/small><\/p>\n<p><strong>M\u00e1s informaci\u00f3n<\/strong>:<\/p>\n<ul>\n<li><a href=\"http:\/\/www.treasures.pitt.edu\/history\/index.html\">Architectural Treasures<\/a>.<\/li>\n<li><a href=\"http:\/\/www.tour.pitt.edu\/tour-080.html\">Cathedral of Learning<\/a> &#8211; University of Pittsburgh.<\/li>\n<li><a href=\"http:\/\/en.wikipedia.org\/wiki\/Cathedral_of_Learning\" title=\"Cathedral of Learning\">Cathedral of Learning<\/a> &#8211; Wikipedia.<\/li>\n<\/ul>\n","protected":false},"excerpt":{"rendered":"<div class=\"mh-excerpt\"><p>Pittsburgh no me parecer\u00eda una ciudad apetecible a no ser por dos cualidades que, para m\u00ed, hacen de ella una ciudad muy atractiva. Por una parte, se trata de una <a class=\"mh-excerpt-more\" href=\"https:\/\/alpoma.net\/tecob\/?p=7380\" title=\"La catedral del conocimiento\">[&#8230;]<\/a><\/p>\n<\/div>","protected":false},"author":1,"featured_media":11094,"comment_status":"open","ping_status":"open","sticky":false,"template":"","format":"standard","meta":{"jetpack_post_was_ever_published":false,"_jetpack_newsletter_access":"","_jetpack_dont_email_post_to_subs":false,"_jetpack_newsletter_tier_id":0,"_jetpack_memberships_contains_paywalled_content":false,"_jetpack_memberships_contains_paid_content":false,"footnotes":""},"categories":[5],"tags":[],"class_list":["post-7380","post","type-post","status-publish","format-standard","has-post-thumbnail","hentry","category-geo"],"jetpack_featured_media_url":"https:\/\/alpoma.net\/tecob\/wp-content\/uploads\/2012\/10\/cathedral_of_learning_1.jpg","jetpack_shortlink":"https:\/\/wp.me\/p93Dc1-1V2","jetpack-related-posts":[{"id":8632,"url":"https:\/\/alpoma.net\/tecob\/?p=8632","url_meta":{"origin":7380,"position":0},"title":"El Funicular de Artxanda en Bilbao","author":"alpoma","date":"8 noviembre 2013","format":false,"excerpt":"Ten\u00eda pendiente mencionar este entra\u00f1able artilugio desde mi \u00faltimo paseo por Bilbao. Se trata del Funicular de Artxanda, un veh\u00edculo de transporte que permite acceder a una posici\u00f3n elevada desde la que se puede contemplar una magn\u00edfica vista de la ciudad del Nervi\u00f3n. Vista de Bilbao desde el Mirador de\u2026","rel":"","context":"En \u00abMade in Spain\u00bb","block_context":{"text":"Made in Spain","link":"https:\/\/alpoma.net\/tecob\/?cat=10"},"img":{"alt_text":"","src":"https:\/\/i0.wp.com\/alpoma.net\/tecob\/wp-content\/uploads\/2013\/11\/artx_1.jpg?resize=350%2C200&ssl=1","width":350,"height":200,"srcset":"https:\/\/i0.wp.com\/alpoma.net\/tecob\/wp-content\/uploads\/2013\/11\/artx_1.jpg?resize=350%2C200&ssl=1 1x, https:\/\/i0.wp.com\/alpoma.net\/tecob\/wp-content\/uploads\/2013\/11\/artx_1.jpg?resize=525%2C300&ssl=1 1.5x"},"classes":[]},{"id":3700,"url":"https:\/\/alpoma.net\/tecob\/?p=3700","url_meta":{"origin":7380,"position":1},"title":"La Venecia del Pac\u00edfico","author":"alpoma","date":"12 noviembre 2010","format":false,"excerpt":"Este lugar es sorprendente, est\u00e1 en mi lista de espacios pendientes de visitar... y seguro que seguir\u00e1 en la lista durante mucho tiempo, por no decir para siempre porque, sencillamente, se encuentra en el quinto pino. No creo exagerar porque, como se puede ver en el siguiente mapa, se trata\u2026","rel":"","context":"En \u00abGeo\u00bb","block_context":{"text":"Geo","link":"https:\/\/alpoma.net\/tecob\/?cat=5"},"img":{"alt_text":"","src":"https:\/\/i0.wp.com\/alpoma.net\/tecob\/wp-content\/uploads\/2010\/11\/5169519799_96ce094263_o.jpg?resize=350%2C200&ssl=1","width":350,"height":200,"srcset":"https:\/\/i0.wp.com\/alpoma.net\/tecob\/wp-content\/uploads\/2010\/11\/5169519799_96ce094263_o.jpg?resize=350%2C200&ssl=1 1x, https:\/\/i0.wp.com\/alpoma.net\/tecob\/wp-content\/uploads\/2010\/11\/5169519799_96ce094263_o.jpg?resize=525%2C300&ssl=1 1.5x"},"classes":[]},{"id":7844,"url":"https:\/\/alpoma.net\/tecob\/?p=7844","url_meta":{"origin":7380,"position":2},"title":"El caso Miyakawa, o cuando el arte puede meterte en un l\u00edo muy grave","author":"alpoma","date":"24 febrero 2013","format":false,"excerpt":"Habr\u00e1 quien diga que el objeto de comentario de este post no tiene nada que ver con el arte, por eso aviso desde este momento que no voy a tratar de eso ni de lejos, sino que simplemente voy citar algo que me ha llamado la atenci\u00f3n y nada m\u00e1s.\u2026","rel":"","context":"En \u00abObsolescencia\u00bb","block_context":{"text":"Obsolescencia","link":"https:\/\/alpoma.net\/tecob\/?cat=3"},"img":{"alt_text":"NY","src":"https:\/\/i0.wp.com\/www.alpoma.net\/tecob\/wp-content\/uploads\/2013\/02\/NY-284x300.jpg?resize=350%2C200","width":350,"height":200},"classes":[]},{"id":883,"url":"https:\/\/alpoma.net\/tecob\/?p=883","url_meta":{"origin":7380,"position":3},"title":"La escalera de Jacob","author":"alpoma","date":"8 abril 2008","format":false,"excerpt":"No me referir\u00e9 aqu\u00ed a la b\u00edblica escalera del G\u00e9nesis, por la que se dec\u00eda que circulaban los \u00e1ngeles en su trasiego entre los cielos y la Tierra, so\u00f1ada por Jacob. Nada de eso, la escalera que visita hoy TecOb, aunque lleve el mismo nombre, no es celestial, pero tiene\u2026","rel":"","context":"En \u00abGeo\u00bb","block_context":{"text":"Geo","link":"https:\/\/alpoma.net\/tecob\/?cat=5"},"img":{"alt_text":"","src":"https:\/\/i0.wp.com\/alpoma.net\/tecob\/wp-content\/uploads\/2008\/04\/2397842275_45d435ff75_o.jpg?resize=350%2C200&ssl=1","width":350,"height":200,"srcset":"https:\/\/i0.wp.com\/alpoma.net\/tecob\/wp-content\/uploads\/2008\/04\/2397842275_45d435ff75_o.jpg?resize=350%2C200&ssl=1 1x, https:\/\/i0.wp.com\/alpoma.net\/tecob\/wp-content\/uploads\/2008\/04\/2397842275_45d435ff75_o.jpg?resize=525%2C300&ssl=1 1.5x"},"classes":[]},{"id":472,"url":"https:\/\/alpoma.net\/tecob\/?p=472","url_meta":{"origin":7380,"position":4},"title":"Fata Morgana","author":"alpoma","date":"18 mayo 2006","format":false,"excerpt":"Retomando poco a poco la actividad, no quer\u00eda olvidarme de algo que ten\u00eda apuntado... Hace unos d\u00edas se difundi\u00f3 una curiosa noticia acerca de un gigantesco espejismo, con aspecto de \"ciudad flotante\", visto en China. Con todas las prevenciones, porque estas cosas siempre hay que tomarlas con cuidado, no se\u2026","rel":"","context":"En \u00abGeo\u00bb","block_context":{"text":"Geo","link":"https:\/\/alpoma.net\/tecob\/?cat=5"},"img":{"alt_text":"","src":"https:\/\/i0.wp.com\/alpoma.net\/tecob\/wp-content\/uploads\/2006\/05\/148709719_98bfd6c0a1_o.jpg?resize=350%2C200&ssl=1","width":350,"height":200},"classes":[]},{"id":8552,"url":"https:\/\/alpoma.net\/tecob\/?p=8552","url_meta":{"origin":7380,"position":5},"title":"FIAT 7002, el \u00abarmario\u00bb volante","author":"alpoma","date":"9 octubre 2013","format":false,"excerpt":"Perm\u00edtaseme la licencia, pero cada vez que lo veo no puedo dejar de pensar en un armario empotrado, o en una cabina telef\u00f3nica o en un telef\u00e9rico, porque tambi\u00e9n me recuerda a eso. Y, quede claro, no es algo para tom\u00e1rselo mal, porque por muy extra\u00f1o que parezca este bicho\u2026","rel":"","context":"En \u00abObsolescencia\u00bb","block_context":{"text":"Obsolescencia","link":"https:\/\/alpoma.net\/tecob\/?cat=3"},"img":{"alt_text":"","src":"https:\/\/i0.wp.com\/alpoma.net\/tecob\/wp-content\/uploads\/2013\/10\/fiat_3.jpg?resize=350%2C200&ssl=1","width":350,"height":200,"srcset":"https:\/\/i0.wp.com\/alpoma.net\/tecob\/wp-content\/uploads\/2013\/10\/fiat_3.jpg?resize=350%2C200&ssl=1 1x, https:\/\/i0.wp.com\/alpoma.net\/tecob\/wp-content\/uploads\/2013\/10\/fiat_3.jpg?resize=525%2C300&ssl=1 1.5x"},"classes":[]}],"jetpack_sharing_enabled":true,"_links":{"self":[{"href":"https:\/\/alpoma.net\/tecob\/index.php?rest_route=\/wp\/v2\/posts\/7380","targetHints":{"allow":["GET"]}}],"collection":[{"href":"https:\/\/alpoma.net\/tecob\/index.php?rest_route=\/wp\/v2\/posts"}],"about":[{"href":"https:\/\/alpoma.net\/tecob\/index.php?rest_route=\/wp\/v2\/types\/post"}],"author":[{"embeddable":true,"href":"https:\/\/alpoma.net\/tecob\/index.php?rest_route=\/wp\/v2\/users\/1"}],"replies":[{"embeddable":true,"href":"https:\/\/alpoma.net\/tecob\/index.php?rest_route=%2Fwp%2Fv2%2Fcomments&post=7380"}],"version-history":[{"count":0,"href":"https:\/\/alpoma.net\/tecob\/index.php?rest_route=\/wp\/v2\/posts\/7380\/revisions"}],"wp:featuredmedia":[{"embeddable":true,"href":"https:\/\/alpoma.net\/tecob\/index.php?rest_route=\/wp\/v2\/media\/11094"}],"wp:attachment":[{"href":"https:\/\/alpoma.net\/tecob\/index.php?rest_route=%2Fwp%2Fv2%2Fmedia&parent=7380"}],"wp:term":[{"taxonomy":"category","embeddable":true,"href":"https:\/\/alpoma.net\/tecob\/index.php?rest_route=%2Fwp%2Fv2%2Fcategories&post=7380"},{"taxonomy":"post_tag","embeddable":true,"href":"https:\/\/alpoma.net\/tecob\/index.php?rest_route=%2Fwp%2Fv2%2Ftags&post=7380"}],"curies":[{"name":"wp","href":"https:\/\/api.w.org\/{rel}","templated":true}]}}