{"id":7368,"date":"2012-10-06T23:20:05","date_gmt":"2012-10-06T21:20:05","guid":{"rendered":"http:\/\/www.alpoma.net\/tecob\/?p=7368"},"modified":"2012-10-06T23:20:05","modified_gmt":"2012-10-06T21:20:05","slug":"la-operacion-haudegen","status":"publish","type":"post","link":"https:\/\/alpoma.net\/tecob\/?p=7368","title":{"rendered":"La Operaci\u00f3n Haudegen"},"content":{"rendered":"<p>Mediado el mes de <strong>diciembre de 1944<\/strong> la guerra que asolaba el mundo parec\u00eda que estaba a punto de llegar a su fin, o al menos eso se pensaba desde el punto de vista aliado, que aunque tem\u00eda una gran ofensiva final enemiga, estaba confiado en alcanzar Alemania con rapidez para dar un \u00faltimo golpe a las tropas de Hitler. Lo que sucedi\u00f3 desde el d\u00eda 16 de aquel mismo mes les hizo pensar que las cosas no iban a ser ni mucho menos f\u00e1ciles. Comenz\u00f3 entonces la <strong>Batalla de las Ardenas<\/strong> en tierras belgas y de Luxemburgo, una <strong>contraofensiva alemana a gran escala<\/strong> que sorprendi\u00f3 a los aliados y que cost\u00f3 decenas de miles de vidas. Aunque los aliados contaban con una superioridad a\u00e9rea abrumadora, sus aviones no pudieron hacer nada para frenar el ataque alem\u00e1n debido a la gran nubosidad que durante d\u00edas cubri\u00f3 el escenario de la batalla. \u00bfC\u00f3mo pudieron los alemanes conocer con sorprendente precisi\u00f3n las condiciones meteorol\u00f3gicas ideales para dise\u00f1ar una batalla a su medida? Todo comenz\u00f3 algunos meses antes.<\/p>\n<p><img decoding=\"async\" src=\"http:\/\/www.alpoma.com\/images_tecob\/oprt_1.jpg\" class=\"otros\"\/><br \/>\nLa estaci\u00f3n <em>Haudegen<\/em> en junio de 1945. Nordostland, archipi\u00e9lago de Spitzbergen. <\/p>\n<p>El <strong>23 de agosto de 1944<\/strong> dio comienzo una misi\u00f3n de guerra de gran importancia para Alemania, aunque a simple vista no parec\u00eda gran cosa. Aquel d\u00eda el oficial naval alem\u00e1n <strong><a href=\"http:\/\/uboat.net\/men\/commanders\/466.html\" title=\"Friedrich-Georg Herrle\">Friedrich-Georg Herrle<\/a><\/strong> recibi\u00f3 unas \u00f3rdenes singulares, a saber, deb\u00eda dirigir su submarino, el <strong>U-307<\/strong>, hacia el puerto noruego de Narvik para recoger a una tripulaci\u00f3n muy especial. El objetivo final consist\u00eda en transportar con seguridad por el Oc\u00e9ano \u00c1rtico a <strong>un extra\u00f1o grupo de hombres<\/strong> y escoltar a un carguero con equipo secreto, el <em>Karl J. Busch<\/em>. No era algo sencillo, los buques de la <em>Royal Navy<\/em> se encontraban rastreando cualquier huella de presencia alemana en aquellas aguas y, por lo tanto, era necesario navegar con sumo cuidado y sigilosamente. Las \u00f3rdenes insist\u00edan en que <strong>la misi\u00f3n era vital para Alemania<\/strong>, por lo que el enigma sobre el equipo humano y t\u00e9cnico que deb\u00edan transportar hacia Tr\u00f6mso, y de all\u00ed a un lugar m\u00e1s lejano, crec\u00eda a cada instante. \u00bfQu\u00e9 pod\u00eda ser aquello tan importante como para marchar tan al norte, atravesando aguas controladas por los brit\u00e1nicos? La cosa ten\u00eda m\u00e1s gracia si cabe porque, aunque parte del equipo secreto estaba formado por soldados de \u00e9lite, cosa que saltaba a la vista, otra gran parte eran, sin duda, <strong>cient\u00edficos<\/strong>. No era dif\u00edcil descubrirlos entre ellos, pues su aspecto les delataba. No eran hombres de acci\u00f3n, sin duda.  <\/p>\n<p><img decoding=\"async\" src=\"http:\/\/www.alpoma.com\/images_tecob\/oprt_3.jpg\" class=\"otros\"\/><br \/>\nLanzamiento de un globo de radiosondeo en la estaci\u00f3n <em>Haudegen<\/em>, 2 de abril de 1945. <\/p>\n<p>La misteriosa tripulaci\u00f3n se encontraba bajo el mando del teniente <strong><a href=\"http:\/\/de.wikipedia.org\/wiki\/Wilhelm_Dege\">Wilhelm Dege<\/a><\/strong>, que no era precisamente un \u00abguerrero\u00bb, sino un conocido ge\u00f3logo y ge\u00f3grafo que hab\u00eda realizado anteriormente numerosas investigaciones en el \u00c1rtico. Se llev\u00f3 as\u00ed a cabo la <strong>Operaci\u00f3n Haudegen<\/strong> (<em>Estocada<\/em>), que se convertir\u00eda en una de las m\u00e1s oscuras de toda la guerra. El destino final del submarino y el buque de carga era un punto concreto al norte del archipi\u00e9lago noruego de <strong>Svalbard<\/strong>, o Spitzbergen, en una isla perdida en el fin del mundo entre hielos. En ese terrible lugar del \u00c1rtico el equipo cient\u00edfico levant\u00f3 una gran <strong>estaci\u00f3n meteorol\u00f3gica<\/strong> que serv\u00eda como complemento a otras instaladas en la costa oriental de Groenlandia e incluso a estaciones autom\u00e1ticas que fueron llevadas a puntos tan incre\u00edbles como las <strong><a href=\"http:\/\/www.alpoma.net\/tecob\/?p=3760\">costas de Canad\u00e1<\/a><\/strong>. Todo qued\u00f3 listo a lo largo del mes de septiembre y el equipo llev\u00f3 a cabo su trabajo de investigaci\u00f3n meteorol\u00f3gica con met\u00f3dica puntualidad, enviando cada d\u00eda a las 20.00 horas sus informes por radio a Berl\u00edn. <\/p>\n<p><img decoding=\"async\" src=\"http:\/\/www.alpoma.com\/images_tecob\/oprt_2.jpg\" class=\"otros\"\/><br \/>\nWilhelm Dege, 24 de marzo de 1945.<\/p>\n<p>El submarino y el carguero regresaron pronto a Alemania, dejando all\u00e1 arriba perdidos a los cient\u00edficos y a los militares de refuerzo. Lo que nadie sab\u00eda era que toda <strong>la informaci\u00f3n que enviaba la estaci\u00f3n serv\u00eda para preparar cuidadosamente la contraofensiva alemana<\/strong> que, tiempo despu\u00e9s, se desarroll\u00f3 en forma de gigantesca batalla en las Ardenas. Sin aquella ayuda los alemanes no hubieran podido organizar su gran maniobra final en la guerra. <\/p>\n<p>Pero lo m\u00e1s curios de la Operaci\u00f3n Haudegen sucedi\u00f3 mucho despu\u00e9s. Dege y su equipo se enteraron por radio del <strong>final de la guerra en Europa<\/strong> en mayo de 1945, recibieron noticias del suicidio de Hitler y, por tanto, estaba claro que su misi\u00f3n ya no ten\u00eda ning\u00fan sentido. Decidieron avisar por radio a los aliados para que marcaran su posici\u00f3n y fueran recogidos. Adem\u00e1s, detruyeron todas sus armas salvo las esenciales para defenderse de los oso polares que por aquellas tierras eran todo un peligro. Igualmente, todo <strong>el material secreto fue enterrado<\/strong> y no fue descubierto hasta muchas d\u00e9cadas m\u00e1s tarde. Desde entonces, para mantener el \u00e1nimo y no caer en el tedio en un lugar en el que no hab\u00eda muchas cosas que hacer, pasaron a seguir el mismo protocolo de investigaci\u00f3n que hab\u00edan llevado hasta entonces, como si nada hubiera sucedido, anotando datos y envi\u00e1ndolos por radio puntualmente, aunque ya sin ser cifrados. Pensaron que era cuesti\u00f3n de d\u00edas el que fueran rescatados. <\/p>\n<p><img decoding=\"async\" src=\"http:\/\/www.alpoma.com\/images_tecob\/oprt_4.jpg\" class=\"otros\"\/><br \/>\nRegistrando datos, 3 de mayo de 1945.<\/p>\n<p>Aunque ten\u00edan equipos y suministros como para aguantar muchos meses, el hecho de no recibir mensajes durante semanas les puso muy nerviosos. Por fin, cuando ya llevaban casi un a\u00f1o en la isla helada, <strong>un barco noruego les comunic\u00f3 por radio que se pasar\u00eda por all\u00ed<\/strong>. Claro que, lo m\u00e1s curioso era que no se trataba de un buque de guerra ni nada parecido, sino que era un barco para la pesca de focas. A pesar de eso, Dege y su equipo realiz\u00f3 toda una ceremonia de <strong>rendici\u00f3n oficial<\/strong> ante la sorprendida mirada de los pescadores noruegos que no ten\u00edan ni idea de c\u00f3mo reaccionar. Les convirti\u00f3 aquella ceremonia y la firma del informe final de la operaci\u00f3n el<strong> 3 de septiembre de 1945<\/strong> en los <strong>\u00faltimos miembros del ej\u00e9rcito alem\u00e1n en rendirse<\/strong>. Es m\u00e1s, puede decirse que fueron los \u00faltimos en rendirse de toda la Segunda Guerra Mundial, pues el d\u00eda antes el Imperio del Jap\u00f3n tambi\u00e9n hab\u00eda firmado su rendici\u00f3n en una ceremonia a bordo el acorazado <em>USS Missouri<\/em>. Cierto es que con los a\u00f1os se han dado casos de soldados japoneses que se fueron rindiendo mucho despu\u00e9s de terminada la contienda, pero oficialmente <strong>fue el equipo de once personas de la Operaci\u00f3n Haudegen el que guarda el honor de ser el \u00faltimo en rendirse<\/strong>. <\/p>\n<p><img decoding=\"async\" src=\"http:\/\/www.alpoma.com\/images_tecob\/oprt_5.jpg\" class=\"otros\"\/><br \/>\nWilhelm Dege de regreso con sus compa\u00f1eros hacia un campo de prisioneros en Noruega. Septiembre de 1945.<\/p>\n<p>Todos ellos, tras pasar un tiempo en un campo de prisioneros, regresaron a Alemania. <strong>Dege continu\u00f3 con su labor cient\u00edfica durante muchos a\u00f1os y la estaci\u00f3n meteorol\u00f3gica qued\u00f3 perdida en el \u00c1rtico<\/strong>, donde todav\u00eda contin\u00faa. Lo m\u00e1s sorprendente es que la gran cantidad de datos que lograron recoger durante lo que dur\u00f3 la operaci\u00f3n y, tambi\u00e9n, los que tomaron con la guerra ya terminada, se ha convertido con el tiempo en toda una fuente de informaci\u00f3n de gran utilidad para ge\u00f3grafos y climat\u00f3logos.<\/p>\n<p><strong>M\u00e1s informaci\u00f3n<\/strong>:<\/p>\n<ul>\n<li><a href=\"http:\/\/forum.axishistory.com\/viewtopic.php?f=50&#038;t=158341\">Last German Surrenders<\/a>. Axis History Forum.<\/li>\n<li><a href=\"http:\/\/einestages.spiegel.de\/static\/topicalbumbackground\/14301\/die_vergessenen_haudegen.html\">Kriegsende in der Arktis<\/a>. Spiegel Online. (Fuente de las im\u00e1genes de este art\u00edculo\/Privatarchiv Wilhelm Dege).<\/li>\n<li><em>Una jaur\u00eda de lobos<\/em>. Miguel del Rey y Carlos Canales. Edaf, 2012.<\/li>\n<\/ul>\n","protected":false},"excerpt":{"rendered":"<div class=\"mh-excerpt\"><p>Mediado el mes de diciembre de 1944 la guerra que asolaba el mundo parec\u00eda que estaba a punto de llegar a su fin, o al menos eso se pensaba desde <a class=\"mh-excerpt-more\" href=\"https:\/\/alpoma.net\/tecob\/?p=7368\" title=\"La Operaci\u00f3n Haudegen\">[&#8230;]<\/a><\/p>\n<\/div>","protected":false},"author":1,"featured_media":10496,"comment_status":"open","ping_status":"open","sticky":false,"template":"","format":"standard","meta":{"jetpack_post_was_ever_published":false,"_jetpack_newsletter_access":"","_jetpack_dont_email_post_to_subs":false,"_jetpack_newsletter_tier_id":0,"_jetpack_memberships_contains_paywalled_content":false,"_jetpack_memberships_contains_paid_content":false,"footnotes":""},"categories":[3],"tags":[],"class_list":["post-7368","post","type-post","status-publish","format-standard","has-post-thumbnail","hentry","category-obsolescencia"],"jetpack_featured_media_url":"https:\/\/alpoma.net\/tecob\/wp-content\/uploads\/2012\/10\/oprt_1.jpg","jetpack_shortlink":"https:\/\/wp.me\/p93Dc1-1UQ","jetpack-related-posts":[{"id":1013,"url":"https:\/\/alpoma.net\/tecob\/?p=1013","url_meta":{"origin":7368,"position":0},"title":"Tres escenas sobre tesoros marinos. ACTO I &#8211; El oro de Rande","author":"alpoma","date":"15 octubre 2008","format":false,"excerpt":"AVISO: He decidido dar vida a una serie de historias sobre tesoros que me han interesado especialmente desde hace mucho tiempo, de una forma un tanto experimental, como si se tratara de una min\u00fascula obra en tres actos. Espero que esta forma o estilo no resulte extra\u00f1a en demas\u00eda para\u2026","rel":"","context":"En \u00abGeo\u00bb","block_context":{"text":"Geo","link":"https:\/\/alpoma.net\/tecob\/?cat=5"},"img":{"alt_text":"","src":"","width":0,"height":0},"classes":[]},{"id":626,"url":"https:\/\/alpoma.net\/tecob\/?p=626","url_meta":{"origin":7368,"position":1},"title":"Hiram Maxim","author":"alpoma","date":"28 octubre 2006","format":false,"excerpt":"Asunto nunca resuelto, \u00bfqui\u00e9n vol\u00f3 primero en una m\u00e1quina propulsada m\u00e1s pesada que el aire? Oficialmente, sin duda, los hermanos Wright logragon tal aza\u00f1a en Kitti Hawk all\u00e1 por 1903. Ellos tuvieron \u00e9xito, adem\u00e1s de mucha suerte publicitariamente hablando, pero siempre han quedado algunas dudas. \u00bfAlguien logr\u00f3 elevarse en una\u2026","rel":"","context":"En \u00abObsolescencia\u00bb","block_context":{"text":"Obsolescencia","link":"https:\/\/alpoma.net\/tecob\/?cat=3"},"img":{"alt_text":"","src":"https:\/\/i0.wp.com\/alpoma.net\/tecob\/wp-content\/uploads\/2006\/10\/281645976_35e3631ce1_o.gif?resize=350%2C200&ssl=1","width":350,"height":200,"srcset":"https:\/\/i0.wp.com\/alpoma.net\/tecob\/wp-content\/uploads\/2006\/10\/281645976_35e3631ce1_o.gif?resize=350%2C200&ssl=1 1x, https:\/\/i0.wp.com\/alpoma.net\/tecob\/wp-content\/uploads\/2006\/10\/281645976_35e3631ce1_o.gif?resize=525%2C300&ssl=1 1.5x"},"classes":[]},{"id":6939,"url":"https:\/\/alpoma.net\/tecob\/?p=6939","url_meta":{"origin":7368,"position":2},"title":"El monoc\u00f3ptero de Papin y Rouilly","author":"alpoma","date":"24 julio 2012","format":false,"excerpt":"De todos los veh\u00edculos a\u00e9reos que conozco, el que hoy me ocupa es uno de los m\u00e1s raros y, sin duda, es de los que se adelantaron a su tiempo. Antes de describir de qu\u00e9 se trata quiero mostrar algunas im\u00e1genes, como puede verse a continuaci\u00f3n, el aparato no desentonar\u00eda\u2026","rel":"","context":"En \u00abObsolescencia\u00bb","block_context":{"text":"Obsolescencia","link":"https:\/\/alpoma.net\/tecob\/?cat=3"},"img":{"alt_text":"","src":"https:\/\/i0.wp.com\/alpoma.net\/tecob\/wp-content\/uploads\/2012\/07\/7638669232_3d7418ed28_o.jpg?resize=350%2C200&ssl=1","width":350,"height":200,"srcset":"https:\/\/i0.wp.com\/alpoma.net\/tecob\/wp-content\/uploads\/2012\/07\/7638669232_3d7418ed28_o.jpg?resize=350%2C200&ssl=1 1x, https:\/\/i0.wp.com\/alpoma.net\/tecob\/wp-content\/uploads\/2012\/07\/7638669232_3d7418ed28_o.jpg?resize=525%2C300&ssl=1 1.5x"},"classes":[]},{"id":7597,"url":"https:\/\/alpoma.net\/tecob\/?p=7597","url_meta":{"origin":7368,"position":3},"title":"El capricho de Diocleciano","author":"alpoma","date":"17 diciembre 2012","format":false,"excerpt":"Viajemos a un rinc\u00f3n de la actual Serbia hacia el mes de julio del a\u00f1o 285. Ese tiempo y ese lugar fueron testigos de las batallas que enfrentaron a dos pretendientes a la corona imperial romana, proclamados por sus respectivos soldados. De un lado, Carino, con un potente ej\u00e9rcito pero\u2026","rel":"","context":"En \u00abObsolescencia\u00bb","block_context":{"text":"Obsolescencia","link":"https:\/\/alpoma.net\/tecob\/?cat=3"},"img":{"alt_text":"","src":"https:\/\/i0.wp.com\/alpoma.net\/tecob\/wp-content\/uploads\/2012\/12\/8282422584_b205cfb2df_o.jpg?resize=350%2C200&ssl=1","width":350,"height":200,"srcset":"https:\/\/i0.wp.com\/alpoma.net\/tecob\/wp-content\/uploads\/2012\/12\/8282422584_b205cfb2df_o.jpg?resize=350%2C200&ssl=1 1x, https:\/\/i0.wp.com\/alpoma.net\/tecob\/wp-content\/uploads\/2012\/12\/8282422584_b205cfb2df_o.jpg?resize=525%2C300&ssl=1 1.5x"},"classes":[]},{"id":8723,"url":"https:\/\/alpoma.net\/tecob\/?p=8723","url_meta":{"origin":7368,"position":4},"title":"Fidel Pag\u00e9s Mirav\u00e9, el olvidado descubridor de la anestesia epidural","author":"alpoma","date":"2 enero 2014","format":false,"excerpt":"Versi\u00f3n reducida del art\u00edculo que publiqu\u00e9 en la revista Historia de Iberia Vieja, n\u00famero 103, enero de 2014. Un accidente de autom\u00f3vil, un detalle de este vertiginoso modo de ser de los tiempo que corren, en los que se llega a la muerta a noventa por hora, ha dejado sin\u2026","rel":"","context":"En \u00abMade in Spain\u00bb","block_context":{"text":"Made in Spain","link":"https:\/\/alpoma.net\/tecob\/?cat=10"},"img":{"alt_text":"fidel_pages","src":"https:\/\/i0.wp.com\/www.alpoma.net\/tecob\/wp-content\/uploads\/2014\/01\/fidel_pages-190x300.jpg?resize=350%2C200","width":350,"height":200},"classes":[]},{"id":938,"url":"https:\/\/alpoma.net\/tecob\/?p=938","url_meta":{"origin":7368,"position":5},"title":"El Canal de Castilla","author":"alpoma","date":"23 julio 2008","format":false,"excerpt":"Versi\u00f3n reducida (sin cuadros ni im\u00e1genes) del art\u00edculo que publiqu\u00e9 en Historia de Iberia Vieja , Diciembre de 2007. Sue\u00f1o nunca finalizado, proeza de la ingenier\u00eda espa\u00f1ola, dep\u00f3sito de esperanzas y testigo de frustraciones. El Canal de Castilla refleja lo m\u00e1s \u00edntimo del esp\u00edritu de los campos que rasga y\u2026","rel":"","context":"En \u00abMade in Spain\u00bb","block_context":{"text":"Made in Spain","link":"https:\/\/alpoma.net\/tecob\/?cat=10"},"img":{"alt_text":"","src":"https:\/\/i0.wp.com\/alpoma.net\/tecob\/wp-content\/uploads\/2008\/07\/2695566633_838e4be993_o.jpg?resize=350%2C200&ssl=1","width":350,"height":200,"srcset":"https:\/\/i0.wp.com\/alpoma.net\/tecob\/wp-content\/uploads\/2008\/07\/2695566633_838e4be993_o.jpg?resize=350%2C200&ssl=1 1x, https:\/\/i0.wp.com\/alpoma.net\/tecob\/wp-content\/uploads\/2008\/07\/2695566633_838e4be993_o.jpg?resize=525%2C300&ssl=1 1.5x"},"classes":[]}],"jetpack_sharing_enabled":true,"_links":{"self":[{"href":"https:\/\/alpoma.net\/tecob\/index.php?rest_route=\/wp\/v2\/posts\/7368","targetHints":{"allow":["GET"]}}],"collection":[{"href":"https:\/\/alpoma.net\/tecob\/index.php?rest_route=\/wp\/v2\/posts"}],"about":[{"href":"https:\/\/alpoma.net\/tecob\/index.php?rest_route=\/wp\/v2\/types\/post"}],"author":[{"embeddable":true,"href":"https:\/\/alpoma.net\/tecob\/index.php?rest_route=\/wp\/v2\/users\/1"}],"replies":[{"embeddable":true,"href":"https:\/\/alpoma.net\/tecob\/index.php?rest_route=%2Fwp%2Fv2%2Fcomments&post=7368"}],"version-history":[{"count":0,"href":"https:\/\/alpoma.net\/tecob\/index.php?rest_route=\/wp\/v2\/posts\/7368\/revisions"}],"wp:featuredmedia":[{"embeddable":true,"href":"https:\/\/alpoma.net\/tecob\/index.php?rest_route=\/wp\/v2\/media\/10496"}],"wp:attachment":[{"href":"https:\/\/alpoma.net\/tecob\/index.php?rest_route=%2Fwp%2Fv2%2Fmedia&parent=7368"}],"wp:term":[{"taxonomy":"category","embeddable":true,"href":"https:\/\/alpoma.net\/tecob\/index.php?rest_route=%2Fwp%2Fv2%2Fcategories&post=7368"},{"taxonomy":"post_tag","embeddable":true,"href":"https:\/\/alpoma.net\/tecob\/index.php?rest_route=%2Fwp%2Fv2%2Ftags&post=7368"}],"curies":[{"name":"wp","href":"https:\/\/api.w.org\/{rel}","templated":true}]}}