{"id":7355,"date":"2012-10-04T00:16:06","date_gmt":"2012-10-03T22:16:06","guid":{"rendered":"http:\/\/www.alpoma.net\/tecob\/?p=7355"},"modified":"2012-10-04T00:16:06","modified_gmt":"2012-10-03T22:16:06","slug":"el-ascensor-de-begona-en-bilbao","status":"publish","type":"post","link":"https:\/\/alpoma.net\/tecob\/?p=7355","title":{"rendered":"El ascensor de Bego\u00f1a en Bilbao"},"content":{"rendered":"<p>Hoy voy a probar algo diferente en <em>TecOb<\/em>. El pasado domingo pude visitar el <strong>ascensor hist\u00f3rico de Bego\u00f1a<\/strong>, en Bilbao, que permite desde los a\u00f1os cuarenta del siglo pasado salvar el desnivel entre el casco viejo y el <strong><a href=\"http:\/\/es.wikipedia.org\/wiki\/Parque_Etxebarria\" title=\"Parque Etxebarria\">Parque Etxebarria<\/a> <\/strong>en la zona de Bego\u00f1a. Por 45 c\u00e9ntimos de euro podemos viajar no s\u00f3lo en vertical, sino en el tiempo. El toque decadente, casi steampunk, de este ascensor lo convierte en algo encantador. He preparado una especie de collage-infograf\u00eda con las fotos que tom\u00e9 el domingo, vamos all\u00e1&#8230; \ud83d\ude09<\/p>\n<p><a href=\"http:\/\/www.flickr.com\/photos\/alpoma\/8051824822\/\" title=\"Collage - Ascensor de Bego\u00f1a, Bilbao by alpoma, on Flickr\"><img loading=\"lazy\" decoding=\"async\" src=\"http:\/\/farm9.staticflickr.com\/8178\/8051824822_9024517eae_o.jpg\" width=\"620\" height=\"2428\" alt=\"Collage - Ascensor de Bego\u00f1a, Bilbao\" class=\"otros\"\/><\/a><\/p>\n","protected":false},"excerpt":{"rendered":"<div class=\"mh-excerpt\"><p>Hoy voy a probar algo diferente en TecOb. El pasado domingo pude visitar el ascensor hist\u00f3rico de Bego\u00f1a, en Bilbao, que permite desde los a\u00f1os cuarenta del siglo pasado salvar <a class=\"mh-excerpt-more\" href=\"https:\/\/alpoma.net\/tecob\/?p=7355\" title=\"El ascensor de Bego\u00f1a en Bilbao\">[&#8230;]<\/a><\/p>\n<\/div>","protected":false},"author":1,"featured_media":10681,"comment_status":"open","ping_status":"open","sticky":false,"template":"","format":"standard","meta":{"jetpack_post_was_ever_published":false,"_jetpack_newsletter_access":"","_jetpack_dont_email_post_to_subs":false,"_jetpack_newsletter_tier_id":0,"_jetpack_memberships_contains_paywalled_content":false,"_jetpack_memberships_contains_paid_content":false,"footnotes":""},"categories":[3,2],"tags":[],"class_list":["post-7355","post","type-post","status-publish","format-standard","has-post-thumbnail","hentry","category-obsolescencia","category-personal"],"jetpack_featured_media_url":"https:\/\/alpoma.net\/tecob\/wp-content\/uploads\/2012\/10\/8051824822_9024517eae_o.jpg","jetpack_shortlink":"https:\/\/wp.me\/p93Dc1-1UD","jetpack-related-posts":[{"id":8632,"url":"https:\/\/alpoma.net\/tecob\/?p=8632","url_meta":{"origin":7355,"position":0},"title":"El Funicular de Artxanda en Bilbao","author":"alpoma","date":"8 noviembre 2013","format":false,"excerpt":"Ten\u00eda pendiente mencionar este entra\u00f1able artilugio desde mi \u00faltimo paseo por Bilbao. Se trata del Funicular de Artxanda, un veh\u00edculo de transporte que permite acceder a una posici\u00f3n elevada desde la que se puede contemplar una magn\u00edfica vista de la ciudad del Nervi\u00f3n. Vista de Bilbao desde el Mirador de\u2026","rel":"","context":"En \u00abMade in Spain\u00bb","block_context":{"text":"Made in Spain","link":"https:\/\/alpoma.net\/tecob\/?cat=10"},"img":{"alt_text":"","src":"https:\/\/i0.wp.com\/alpoma.net\/tecob\/wp-content\/uploads\/2013\/11\/artx_1.jpg?resize=350%2C200&ssl=1","width":350,"height":200,"srcset":"https:\/\/i0.wp.com\/alpoma.net\/tecob\/wp-content\/uploads\/2013\/11\/artx_1.jpg?resize=350%2C200&ssl=1 1x, https:\/\/i0.wp.com\/alpoma.net\/tecob\/wp-content\/uploads\/2013\/11\/artx_1.jpg?resize=525%2C300&ssl=1 1.5x"},"classes":[]},{"id":7064,"url":"https:\/\/alpoma.net\/tecob\/?p=7064","url_meta":{"origin":7355,"position":1},"title":"El ascensor de Hammetschwand","author":"alpoma","date":"16 agosto 2012","format":false,"excerpt":"Me atraen las alturas, pero tambi\u00e9n me dan un miedo terrible. Se trata de una mezcla curiosa de sensaciones. Por eso, de vez en cuando, voy anotando algunos de esos lugares emblem\u00e1ticos de todo el planeta en los que el atractivo fundamental consiste en asomarse a precipicios que te dejan\u2026","rel":"","context":"En \u00abGeo\u00bb","block_context":{"text":"Geo","link":"https:\/\/alpoma.net\/tecob\/?cat=5"},"img":{"alt_text":"","src":"https:\/\/i0.wp.com\/alpoma.net\/tecob\/wp-content\/uploads\/2012\/08\/7796449112_2a5222cac1_o.jpg?resize=350%2C200&ssl=1","width":350,"height":200,"srcset":"https:\/\/i0.wp.com\/alpoma.net\/tecob\/wp-content\/uploads\/2012\/08\/7796449112_2a5222cac1_o.jpg?resize=350%2C200&ssl=1 1x, https:\/\/i0.wp.com\/alpoma.net\/tecob\/wp-content\/uploads\/2012\/08\/7796449112_2a5222cac1_o.jpg?resize=525%2C300&ssl=1 1.5x"},"classes":[]},{"id":13626,"url":"https:\/\/alpoma.net\/tecob\/?p=13626","url_meta":{"origin":7355,"position":2},"title":"El ascensor submarino de Arturo G\u00e9nova","author":"alpoma","date":"1 septiembre 2018","format":false,"excerpt":"Versi\u00f3n para TecOb del art\u00edculo que publiqu\u00e9 en la revista Historia de Iberia Vieja, edici\u00f3n de agosto de 2018. Fuera del puerto [de Cartagena] se han efectuado las pruebas oficiales del aparato inventado por el capit\u00e1n de corbeta D. Arturo G\u00e9nova Torruella para salvar tripulaciones de submarinos, obteniendo un completo\u2026","rel":"","context":"En \u00abMade in Spain\u00bb","block_context":{"text":"Made in Spain","link":"https:\/\/alpoma.net\/tecob\/?cat=10"},"img":{"alt_text":"","src":"https:\/\/i0.wp.com\/alpoma.net\/tecob\/wp-content\/uploads\/2018\/09\/genova-3.jpg?resize=350%2C200&ssl=1","width":350,"height":200,"srcset":"https:\/\/i0.wp.com\/alpoma.net\/tecob\/wp-content\/uploads\/2018\/09\/genova-3.jpg?resize=350%2C200&ssl=1 1x, https:\/\/i0.wp.com\/alpoma.net\/tecob\/wp-content\/uploads\/2018\/09\/genova-3.jpg?resize=525%2C300&ssl=1 1.5x, https:\/\/i0.wp.com\/alpoma.net\/tecob\/wp-content\/uploads\/2018\/09\/genova-3.jpg?resize=700%2C400&ssl=1 2x, https:\/\/i0.wp.com\/alpoma.net\/tecob\/wp-content\/uploads\/2018\/09\/genova-3.jpg?resize=1050%2C600&ssl=1 3x"},"classes":[]},{"id":3406,"url":"https:\/\/alpoma.net\/tecob\/?p=3406","url_meta":{"origin":7355,"position":3},"title":"Un mal d\u00eda en la oficina","author":"alpoma","date":"22 agosto 2010","format":false,"excerpt":"Este es un post un tanto experimental. Tengo la intenci\u00f3n de seguir este nuevo camino en TecOb, o al menos intentarlo. Se trata de elaborar un poco m\u00e1s las historias, siguiendo lo habitual en los art\u00edculos largos, pero acompa\u00f1ando el texto con infograf\u00edas realizadas para el propio art\u00edculo. Espero cr\u00edticas\u2026","rel":"","context":"En \u00abObsolescencia\u00bb","block_context":{"text":"Obsolescencia","link":"https:\/\/alpoma.net\/tecob\/?cat=3"},"img":{"alt_text":"Infografia_NY","src":"https:\/\/i0.wp.com\/farm5.static.flickr.com\/4114\/4915890527_975ea1a566_o.jpg?resize=350%2C200","width":350,"height":200,"srcset":"https:\/\/i0.wp.com\/farm5.static.flickr.com\/4114\/4915890527_975ea1a566_o.jpg?resize=350%2C200 1x, https:\/\/i0.wp.com\/farm5.static.flickr.com\/4114\/4915890527_975ea1a566_o.jpg?resize=525%2C300 1.5x"},"classes":[]},{"id":688,"url":"https:\/\/alpoma.net\/tecob\/?p=688","url_meta":{"origin":7355,"position":4},"title":"Astroingenier\u00eda","author":"alpoma","date":"19 marzo 2007","format":false,"excerpt":"Nada de grandes puentes, ni islas artificiales o aeropuertos flotantes, rascacielos imponentes o portaaviones del tama\u00f1o de una peque\u00f1a ciudad... lo verdaderamente grande en ingenier\u00eda va mucho m\u00e1s all\u00e1 de esas \"peque\u00f1eces\". Puede plantearse c\u00f3mo modificar un continente entero y estaremos hablando de macroingenier\u00eda, o bien pensar en alterar un\u2026","rel":"","context":"En \u00abGeo\u00bb","block_context":{"text":"Geo","link":"https:\/\/alpoma.net\/tecob\/?cat=5"},"img":{"alt_text":"Rising Worlds II","src":"https:\/\/i0.wp.com\/farm1.static.flickr.com\/37\/78951029_365d005b5b_m.jpg?resize=350%2C200","width":350,"height":200},"classes":[]},{"id":14063,"url":"https:\/\/alpoma.net\/tecob\/?p=14063","url_meta":{"origin":7355,"position":5},"title":"Lo mejor de #TecOb en 2018","author":"alpoma","date":"15 diciembre 2018","format":false,"excerpt":"El a\u00f1o se acaba y estoy con el t\u00edpico cierre de proyectos y balances por lo que tengo la sensaci\u00f3n de que no voy a poder publicar nuevos art\u00edculos hasta enero. Por eso, aprovecho hoy para hacer el habitual resumen anual a lo que, en mi opini\u00f3n, han sido los\u2026","rel":"","context":"En \u00abPersonal\u00bb","block_context":{"text":"Personal","link":"https:\/\/alpoma.net\/tecob\/?cat=2"},"img":{"alt_text":"","src":"https:\/\/i0.wp.com\/alpoma.net\/tecob\/wp-content\/uploads\/2018\/12\/523536wv.jpg?resize=350%2C200&ssl=1","width":350,"height":200},"classes":[]}],"jetpack_sharing_enabled":true,"_links":{"self":[{"href":"https:\/\/alpoma.net\/tecob\/index.php?rest_route=\/wp\/v2\/posts\/7355","targetHints":{"allow":["GET"]}}],"collection":[{"href":"https:\/\/alpoma.net\/tecob\/index.php?rest_route=\/wp\/v2\/posts"}],"about":[{"href":"https:\/\/alpoma.net\/tecob\/index.php?rest_route=\/wp\/v2\/types\/post"}],"author":[{"embeddable":true,"href":"https:\/\/alpoma.net\/tecob\/index.php?rest_route=\/wp\/v2\/users\/1"}],"replies":[{"embeddable":true,"href":"https:\/\/alpoma.net\/tecob\/index.php?rest_route=%2Fwp%2Fv2%2Fcomments&post=7355"}],"version-history":[{"count":0,"href":"https:\/\/alpoma.net\/tecob\/index.php?rest_route=\/wp\/v2\/posts\/7355\/revisions"}],"wp:featuredmedia":[{"embeddable":true,"href":"https:\/\/alpoma.net\/tecob\/index.php?rest_route=\/wp\/v2\/media\/10681"}],"wp:attachment":[{"href":"https:\/\/alpoma.net\/tecob\/index.php?rest_route=%2Fwp%2Fv2%2Fmedia&parent=7355"}],"wp:term":[{"taxonomy":"category","embeddable":true,"href":"https:\/\/alpoma.net\/tecob\/index.php?rest_route=%2Fwp%2Fv2%2Fcategories&post=7355"},{"taxonomy":"post_tag","embeddable":true,"href":"https:\/\/alpoma.net\/tecob\/index.php?rest_route=%2Fwp%2Fv2%2Ftags&post=7355"}],"curies":[{"name":"wp","href":"https:\/\/api.w.org\/{rel}","templated":true}]}}