{"id":730,"date":"2007-06-01T20:55:04","date_gmt":"2007-06-01T18:55:04","guid":{"rendered":"http:\/\/www.alpoma.net\/tecob\/?p=730"},"modified":"2007-06-01T20:55:55","modified_gmt":"2007-06-01T18:55:55","slug":"viejos-libros-de-plesa-sm","status":"publish","type":"post","link":"https:\/\/alpoma.net\/tecob\/?p=730","title":{"rendered":"Viejos libros de Plesa-SM"},"content":{"rendered":"<p>Cuando, hace unos d\u00edas, <strong><a href=\"http:\/\/www.alpoma.net\/tecob\/?p=718#comment-63200\">Carlos Ferrero<\/a><\/strong> me record\u00f3 a trav\u00e9s de un comentario los viejos y queridos<strong> libros de Plesa-SM<\/strong>, me propuse reunir los que tengo en mi biblioteca desde tiempos infantiles y recordar viejos tiempos. Como s\u00e9 que habr\u00e1 gente a la que tambi\u00e9n despertar\u00e1 buenos recuerdos, he escaneado algunas portadas y contraportadas&#8230; <strong>\u00a1Qu\u00e9 tiempos aquellos!<\/strong><\/p>\n<p><a href=\"http:\/\/www.flickr.com\/photos\/alpoma\/525121573\/\" title=\"Photo Sharing\"><img loading=\"lazy\" decoding=\"async\" src=\"http:\/\/farm1.static.flickr.com\/242\/525121573_29afd1c4e3_o.jpg\" width=\"620\" height=\"2000\" alt=\"Viejos libros de Plesa-SM\" \/><\/a><\/p>\n","protected":false},"excerpt":{"rendered":"<div class=\"mh-excerpt\"><p>Cuando, hace unos d\u00edas, Carlos Ferrero me record\u00f3 a trav\u00e9s de un comentario los viejos y queridos libros de Plesa-SM, me propuse reunir los que tengo en mi biblioteca desde <a class=\"mh-excerpt-more\" href=\"https:\/\/alpoma.net\/tecob\/?p=730\" title=\"Viejos libros de Plesa-SM\">[&#8230;]<\/a><\/p>\n<\/div>","protected":false},"author":1,"featured_media":10416,"comment_status":"open","ping_status":"open","sticky":false,"template":"","format":"standard","meta":{"jetpack_post_was_ever_published":false,"_jetpack_newsletter_access":"","_jetpack_dont_email_post_to_subs":false,"_jetpack_newsletter_tier_id":0,"_jetpack_memberships_contains_paywalled_content":false,"_jetpack_memberships_contains_paid_content":false,"footnotes":""},"categories":[2],"tags":[],"class_list":["post-730","post","type-post","status-publish","format-standard","has-post-thumbnail","hentry","category-personal"],"jetpack_featured_media_url":"https:\/\/alpoma.net\/tecob\/wp-content\/uploads\/2007\/06\/525121573_29afd1c4e3_o.jpg","jetpack_shortlink":"https:\/\/wp.me\/p93Dc1-bM","jetpack-related-posts":[{"id":765,"url":"https:\/\/alpoma.net\/tecob\/?p=765","url_meta":{"origin":730,"position":0},"title":"Para que no se olviden","author":"alpoma","date":"27 agosto 2007","format":false,"excerpt":"A ra\u00edz del art\u00edculo que publiqu\u00e9 hace unas semanas sobre viejos libros de Ediciones Plesa-SM, comenzaron a llegar bastantes comentarios que se interesaron por el asunto. Entre ellos, destac\u00f3 Miguel \u00c1ngel, que apasionadamente ha creado un espacio en la red con un objetivo muy claro: \"...preservar los libros que ense\u00f1aron\u2026","rel":"","context":"En \u00abObsolescencia\u00bb","block_context":{"text":"Obsolescencia","link":"https:\/\/alpoma.net\/tecob\/?cat=3"},"img":{"alt_text":"","src":"","width":0,"height":0},"classes":[]},{"id":421,"url":"https:\/\/alpoma.net\/tecob\/?p=421","url_meta":{"origin":730,"position":1},"title":"Recortables","author":"alpoma","date":"30 marzo 2006","format":false,"excerpt":"Hoy, peque\u00f1a p\u00edldora retro. \u00bfAlguien a\u00f1ora los viejos recortables? He aqu\u00ed una manera de recordar tiempos pasados. (Click en las im\u00e1genes para ampliar, imprimir, recortar, pegar y montar...) ;) V\u00eda | Agence Eureka","rel":"","context":"En \u00abObsolescencia\u00bb","block_context":{"text":"Obsolescencia","link":"https:\/\/alpoma.net\/tecob\/?cat=3"},"img":{"alt_text":"","src":"","width":0,"height":0},"classes":[]},{"id":1744,"url":"https:\/\/alpoma.net\/tecob\/?p=1744","url_meta":{"origin":730,"position":2},"title":"Dando vida a una vieja locomotora","author":"alpoma","date":"4 diciembre 2009","format":false,"excerpt":"Delicioso y muy propio el v\u00eddeo que ha tenido el acierto de compartir hoy La Vagoneta, sobre todo teniendo en cuenta que se celebra el d\u00eda de la patrona de los mineros, los artilleros y en mi pueblo, Guardo, tambi\u00e9n de los antiguos trabajadores de la factor\u00eda de ERT. \u00bfQu\u00e9\u2026","rel":"","context":"En \u00abObsolescencia\u00bb","block_context":{"text":"Obsolescencia","link":"https:\/\/alpoma.net\/tecob\/?cat=3"},"img":{"alt_text":"","src":"","width":0,"height":0},"classes":[]},{"id":9083,"url":"https:\/\/alpoma.net\/tecob\/?p=9083","url_meta":{"origin":730,"position":3},"title":"[Libro] Inventar en el desierto","author":"alpoma","date":"9 junio 2014","format":false,"excerpt":"Miguel A. Delgado, tesliano preeminente donde los haya, acaba de alumbrar nuevo libro, muy relacionado con lo que suele tratarse en este blog. Veamos, el inventar, crear algo nuevo e incluso so\u00f1ar con mejorar el mundo, es algo que pr\u00e1cticamente todos los seres humanos han deseado llevar a cabo alguna\u2026","rel":"","context":"En \u00abMade in Spain\u00bb","block_context":{"text":"Made in Spain","link":"https:\/\/alpoma.net\/tecob\/?cat=10"},"img":{"alt_text":"inventar","src":"https:\/\/i0.wp.com\/www.alpoma.net\/tecob\/wp-content\/uploads\/2014\/06\/inventar.jpg?resize=350%2C200","width":350,"height":200},"classes":[]},{"id":1956,"url":"https:\/\/alpoma.net\/tecob\/?p=1956","url_meta":{"origin":730,"position":4},"title":"De 8 bits y un mont\u00f3n de viejos anuncios","author":"alpoma","date":"10 enero 2010","format":false,"excerpt":"Ideal para un domingo, sobre todo porque quien guste de cosas as\u00ed perder\u00e1 mucho tiempo revisando minuciosamente estas maravillas. Por una parte, pura nostalgia, la colecci\u00f3n completa de n\u00fameros de la revista STart Magazine, que se public\u00f3 entre 1986 y 1991. Todo el contenido escrito de sus 42 n\u00fameros se\u2026","rel":"","context":"En \u00abGeneral\u00bb","block_context":{"text":"General","link":"https:\/\/alpoma.net\/tecob\/?cat=1"},"img":{"alt_text":"","src":"","width":0,"height":0},"classes":[]},{"id":1220,"url":"https:\/\/alpoma.net\/tecob\/?p=1220","url_meta":{"origin":730,"position":5},"title":"Huesos viejos","author":"alpoma","date":"24 septiembre 2009","format":false,"excerpt":"Este art\u00edculo nace gracias al ingenio de una periodista singular e incansable, Esther Celma, a quien, como no pod\u00eda ser de otro modo, va dedicado. A veces, en una conversaci\u00f3n, se empieza discutiendo un asunto para terminar en algo completamente diferente. Tal cosa es lo que sucedi\u00f3 ayer por la\u2026","rel":"","context":"En \u00abObsolescencia\u00bb","block_context":{"text":"Obsolescencia","link":"https:\/\/alpoma.net\/tecob\/?cat=3"},"img":{"alt_text":"","src":"https:\/\/i0.wp.com\/alpoma.net\/tecob\/wp-content\/uploads\/2009\/09\/3949956953_cdbe73d9d5_o.jpg?resize=350%2C200&ssl=1","width":350,"height":200},"classes":[]}],"jetpack_sharing_enabled":true,"_links":{"self":[{"href":"https:\/\/alpoma.net\/tecob\/index.php?rest_route=\/wp\/v2\/posts\/730","targetHints":{"allow":["GET"]}}],"collection":[{"href":"https:\/\/alpoma.net\/tecob\/index.php?rest_route=\/wp\/v2\/posts"}],"about":[{"href":"https:\/\/alpoma.net\/tecob\/index.php?rest_route=\/wp\/v2\/types\/post"}],"author":[{"embeddable":true,"href":"https:\/\/alpoma.net\/tecob\/index.php?rest_route=\/wp\/v2\/users\/1"}],"replies":[{"embeddable":true,"href":"https:\/\/alpoma.net\/tecob\/index.php?rest_route=%2Fwp%2Fv2%2Fcomments&post=730"}],"version-history":[{"count":0,"href":"https:\/\/alpoma.net\/tecob\/index.php?rest_route=\/wp\/v2\/posts\/730\/revisions"}],"wp:featuredmedia":[{"embeddable":true,"href":"https:\/\/alpoma.net\/tecob\/index.php?rest_route=\/wp\/v2\/media\/10416"}],"wp:attachment":[{"href":"https:\/\/alpoma.net\/tecob\/index.php?rest_route=%2Fwp%2Fv2%2Fmedia&parent=730"}],"wp:term":[{"taxonomy":"category","embeddable":true,"href":"https:\/\/alpoma.net\/tecob\/index.php?rest_route=%2Fwp%2Fv2%2Fcategories&post=730"},{"taxonomy":"post_tag","embeddable":true,"href":"https:\/\/alpoma.net\/tecob\/index.php?rest_route=%2Fwp%2Fv2%2Ftags&post=730"}],"curies":[{"name":"wp","href":"https:\/\/api.w.org\/{rel}","templated":true}]}}